{"id":5684,"date":"2020-11-17T22:56:18","date_gmt":"2020-11-17T18:56:18","guid":{"rendered":"http:\/\/lycee-jhinglo.ac-reunion.fr\/?p=5684"},"modified":"2021-04-11T19:10:22","modified_gmt":"2021-04-11T15:10:22","slug":"rencontre-des-eleves-de-1ere-hlp-avec-la-troupe-ibao","status":"publish","type":"post","link":"https:\/\/etab.ac-reunion.fr\/lyc-jean-hinglo\/2020\/11\/17\/rencontre-des-eleves-de-1ere-hlp-avec-la-troupe-ibao\/","title":{"rendered":"Rencontre des \u00e9l\u00e8ves de 1\u00e8re HLP avec la troupe Ibao"},"content":{"rendered":"<p>Les \u00e9l\u00e8ves de 1\u00e8re sp\u00e9cialit\u00e9 HLP (Humanit\u00e9s, Litt\u00e9rature et Philosophie) ont rencontr\u00e9 Val\u00e9rie Cros de la Kompani Ibao lundi 2 novembre. L\u2019artiste leur a pr\u00e9sent\u00e9 le projet artistique de la Compagnie qui travaille depuis plusieurs ann\u00e9es \u00e0 partir des masques pour tracer un panorama de la soci\u00e9t\u00e9 r\u00e9unionnaise sous le prisme de la com\u00e9die et de la farce.\u00a0 Ils ont pu \u00e9changer autour du travail d\u2019acteur et exp\u00e9rimenter le jeu th\u00e9\u00e2tral \u00e0 partir d\u2019extraits de la pi\u00e8ce \u00ab Maskarad \u00bb qu\u2019ils iront voir au th\u00e9\u00e2tre sous les Arbres le 4 d\u00e9cembre. Une autre fa\u00e7on pour eux d\u2019appr\u00e9hender les enjeux d\u2019une partie du programme ax\u00e9e sur le pouvoir de la parole.<\/p>\n<p><img loading=\"lazy\" decoding=\"async\" class=\"aligncenter size-full wp-image-5682\" src=\"https:\/\/etab.ac-reunion.fr\/lyc-jean-hinglo\/wp-content\/uploads\/sites\/62\/2020\/11\/bcf991c7-3adb-4904-9ec4-35b79cc35ab1.jpg\" alt=\"\" width=\"1280\" height=\"960\" srcset=\"https:\/\/etab.ac-reunion.fr\/lyc-jean-hinglo\/wp-content\/uploads\/sites\/62\/2020\/11\/bcf991c7-3adb-4904-9ec4-35b79cc35ab1.jpg 1280w, https:\/\/etab.ac-reunion.fr\/lyc-jean-hinglo\/wp-content\/uploads\/sites\/62\/2020\/11\/bcf991c7-3adb-4904-9ec4-35b79cc35ab1-300x225.jpg 300w, https:\/\/etab.ac-reunion.fr\/lyc-jean-hinglo\/wp-content\/uploads\/sites\/62\/2020\/11\/bcf991c7-3adb-4904-9ec4-35b79cc35ab1-1024x768.jpg 1024w, https:\/\/etab.ac-reunion.fr\/lyc-jean-hinglo\/wp-content\/uploads\/sites\/62\/2020\/11\/bcf991c7-3adb-4904-9ec4-35b79cc35ab1-768x576.jpg 768w\" sizes=\"auto, (max-width: 1280px) 100vw, 1280px\" \/><\/p>\n","protected":false},"excerpt":{"rendered":"<p>Les \u00e9l\u00e8ves de 1\u00e8re sp\u00e9cialit\u00e9 HLP (Humanit\u00e9s, Litt\u00e9rature et Philosophie) ont rencontr\u00e9 Val\u00e9rie Cros de la Kompani Ibao lundi 2 novembre. L\u2019artiste leur a pr\u00e9sent\u00e9 le projet artistique de la [&hellip;]<\/p>\n","protected":false},"author":24732,"featured_media":5683,"comment_status":"closed","ping_status":"closed","sticky":false,"template":"","format":"standard","meta":{"_EventAllDay":false,"_EventTimezone":"","_EventStartDate":"","_EventEndDate":"","_EventStartDateUTC":"","_EventEndDateUTC":"","_EventShowMap":false,"_EventShowMapLink":false,"_EventURL":"","_EventCost":"","_EventCostDescription":"","_EventCurrencySymbol":"","_EventCurrencyCode":"","_EventCurrencyPosition":"","_EventDateTimeSeparator":"","_EventTimeRangeSeparator":"","_EventOrganizerID":[],"_EventVenueID":[],"_OrganizerEmail":"","_OrganizerPhone":"","_OrganizerWebsite":"","_VenueAddress":"","_VenueCity":"","_VenueCountry":"","_VenueProvince":"","_VenueState":"","_VenueZip":"","_VenuePhone":"","_VenueURL":"","_VenueStateProvince":"","_VenueLat":"","_VenueLng":"","_VenueShowMap":false,"_VenueShowMapLink":false,"footnotes":""},"categories":[20],"tags":[],"class_list":["post-5684","post","type-post","status-publish","format-standard","has-post-thumbnail","hentry","category-culture"],"_links":{"self":[{"href":"https:\/\/etab.ac-reunion.fr\/lyc-jean-hinglo\/wp-json\/wp\/v2\/posts\/5684","targetHints":{"allow":["GET"]}}],"collection":[{"href":"https:\/\/etab.ac-reunion.fr\/lyc-jean-hinglo\/wp-json\/wp\/v2\/posts"}],"about":[{"href":"https:\/\/etab.ac-reunion.fr\/lyc-jean-hinglo\/wp-json\/wp\/v2\/types\/post"}],"author":[{"embeddable":true,"href":"https:\/\/etab.ac-reunion.fr\/lyc-jean-hinglo\/wp-json\/wp\/v2\/users\/24732"}],"replies":[{"embeddable":true,"href":"https:\/\/etab.ac-reunion.fr\/lyc-jean-hinglo\/wp-json\/wp\/v2\/comments?post=5684"}],"version-history":[{"count":1,"href":"https:\/\/etab.ac-reunion.fr\/lyc-jean-hinglo\/wp-json\/wp\/v2\/posts\/5684\/revisions"}],"predecessor-version":[{"id":5685,"href":"https:\/\/etab.ac-reunion.fr\/lyc-jean-hinglo\/wp-json\/wp\/v2\/posts\/5684\/revisions\/5685"}],"wp:featuredmedia":[{"embeddable":true,"href":"https:\/\/etab.ac-reunion.fr\/lyc-jean-hinglo\/wp-json\/wp\/v2\/media\/5683"}],"wp:attachment":[{"href":"https:\/\/etab.ac-reunion.fr\/lyc-jean-hinglo\/wp-json\/wp\/v2\/media?parent=5684"}],"wp:term":[{"taxonomy":"category","embeddable":true,"href":"https:\/\/etab.ac-reunion.fr\/lyc-jean-hinglo\/wp-json\/wp\/v2\/categories?post=5684"},{"taxonomy":"post_tag","embeddable":true,"href":"https:\/\/etab.ac-reunion.fr\/lyc-jean-hinglo\/wp-json\/wp\/v2\/tags?post=5684"}],"curies":[{"name":"wp","href":"https:\/\/api.w.org\/{rel}","templated":true}]}}