{"id":5822,"date":"2020-12-19T08:30:52","date_gmt":"2020-12-19T04:30:52","guid":{"rendered":"http:\/\/lycee-jhinglo.ac-reunion.fr\/?p=5822"},"modified":"2021-04-11T19:13:23","modified_gmt":"2021-04-11T15:13:23","slug":"atelier-ecriture-en-premiere-hlp","status":"publish","type":"post","link":"https:\/\/etab.ac-reunion.fr\/lyc-jean-hinglo\/2020\/12\/19\/atelier-ecriture-en-premiere-hlp\/","title":{"rendered":"Atelier \u00e9criture en premi\u00e8re HLP"},"content":{"rendered":"<p>Les \u00e9l\u00e8ves de 1\u00e8re sp\u00e9cialit\u00e9 HLP (Humanit\u00e9s, Litt\u00e9rature et Philosophie) ont men\u00e9 en compagnie de M.Sully Andoche, conteur et dramaturge, lundi 7 d\u00e9cembre et vendredi 18 d\u00e9cembre un atelier d&rsquo;\u00e9criture autour de la parole dans sa dimension politique. L\u2019artiste les a fait r\u00e9fl\u00e9chir \u00e0 partir d&rsquo;un exemple de discours et leur a demand\u00e9 d&rsquo;imaginer une parodie en choisissant une raison absurde. Des syndicats, des associations citoyennes, des partis politiques imaginaires d\u00e9fendant des causes toutes aussi cocasses les unes que les autres sont n\u00e9s sous leurs plumes. Ils ont pu \u00e9changer autour du travail d\u2019auteur et exp\u00e9rimenter l&rsquo;\u00e9criture cr\u00e9ative dans l&rsquo;esprit de la pi\u00e8ce \u00ab <em>Maskarad<\/em> \u00bb qu\u2019ils sont all\u00e9s voir au Th\u00e9\u00e2tre sous les Arbres le 4 d\u00e9cembre. Ce fut une autre fa\u00e7on pour eux d\u2019appr\u00e9hender les enjeux d\u2019une partie du programme ax\u00e9e sur les pouvoirs de la parole envisag\u00e9e comme art, ressource des autorit\u00e9s et\u00a0 instrument s\u00e9duction. Le d\u00e9calage qu&rsquo;introduit le prisme de la com\u00e9die et de la farce leur a permis de saisir la dimension critique de l&rsquo;humour, trop souvent jug\u00e9e comme une parole inoffensive car fantaisiste.<\/p>\n<p>&nbsp;<\/p>\n","protected":false},"excerpt":{"rendered":"<p>Les \u00e9l\u00e8ves de 1\u00e8re sp\u00e9cialit\u00e9 HLP (Humanit\u00e9s, Litt\u00e9rature et Philosophie) ont men\u00e9 en compagnie de M.Sully Andoche, conteur et dramaturge, lundi 7 d\u00e9cembre et vendredi 18 d\u00e9cembre un atelier d&rsquo;\u00e9criture [&hellip;]<\/p>\n","protected":false},"author":24732,"featured_media":5824,"comment_status":"closed","ping_status":"closed","sticky":false,"template":"","format":"standard","meta":{"_EventAllDay":false,"_EventTimezone":"","_EventStartDate":"","_EventEndDate":"","_EventStartDateUTC":"","_EventEndDateUTC":"","_EventShowMap":false,"_EventShowMapLink":false,"_EventURL":"","_EventCost":"","_EventCostDescription":"","_EventCurrencySymbol":"","_EventCurrencyCode":"","_EventCurrencyPosition":"","_EventDateTimeSeparator":"","_EventTimeRangeSeparator":"","_EventOrganizerID":[],"_EventVenueID":[],"_OrganizerEmail":"","_OrganizerPhone":"","_OrganizerWebsite":"","_VenueAddress":"","_VenueCity":"","_VenueCountry":"","_VenueProvince":"","_VenueState":"","_VenueZip":"","_VenuePhone":"","_VenueURL":"","_VenueStateProvince":"","_VenueLat":"","_VenueLng":"","_VenueShowMap":false,"_VenueShowMapLink":false,"footnotes":""},"categories":[20],"tags":[],"class_list":["post-5822","post","type-post","status-publish","format-standard","has-post-thumbnail","hentry","category-culture"],"_links":{"self":[{"href":"https:\/\/etab.ac-reunion.fr\/lyc-jean-hinglo\/wp-json\/wp\/v2\/posts\/5822","targetHints":{"allow":["GET"]}}],"collection":[{"href":"https:\/\/etab.ac-reunion.fr\/lyc-jean-hinglo\/wp-json\/wp\/v2\/posts"}],"about":[{"href":"https:\/\/etab.ac-reunion.fr\/lyc-jean-hinglo\/wp-json\/wp\/v2\/types\/post"}],"author":[{"embeddable":true,"href":"https:\/\/etab.ac-reunion.fr\/lyc-jean-hinglo\/wp-json\/wp\/v2\/users\/24732"}],"replies":[{"embeddable":true,"href":"https:\/\/etab.ac-reunion.fr\/lyc-jean-hinglo\/wp-json\/wp\/v2\/comments?post=5822"}],"version-history":[{"count":1,"href":"https:\/\/etab.ac-reunion.fr\/lyc-jean-hinglo\/wp-json\/wp\/v2\/posts\/5822\/revisions"}],"predecessor-version":[{"id":5823,"href":"https:\/\/etab.ac-reunion.fr\/lyc-jean-hinglo\/wp-json\/wp\/v2\/posts\/5822\/revisions\/5823"}],"wp:featuredmedia":[{"embeddable":true,"href":"https:\/\/etab.ac-reunion.fr\/lyc-jean-hinglo\/wp-json\/wp\/v2\/media\/5824"}],"wp:attachment":[{"href":"https:\/\/etab.ac-reunion.fr\/lyc-jean-hinglo\/wp-json\/wp\/v2\/media?parent=5822"}],"wp:term":[{"taxonomy":"category","embeddable":true,"href":"https:\/\/etab.ac-reunion.fr\/lyc-jean-hinglo\/wp-json\/wp\/v2\/categories?post=5822"},{"taxonomy":"post_tag","embeddable":true,"href":"https:\/\/etab.ac-reunion.fr\/lyc-jean-hinglo\/wp-json\/wp\/v2\/tags?post=5822"}],"curies":[{"name":"wp","href":"https:\/\/api.w.org\/{rel}","templated":true}]}}