{"id":6029,"date":"2021-02-21T15:42:14","date_gmt":"2021-02-21T11:42:14","guid":{"rendered":"http:\/\/lycee-jhinglo.ac-reunion.fr\/?p=6029"},"modified":"2021-08-05T17:01:27","modified_gmt":"2021-08-05T13:01:27","slug":"le-lycee-jean-hinglo-fait-son-cinema","status":"publish","type":"post","link":"https:\/\/etab.ac-reunion.fr\/lyc-jean-hinglo\/2021\/02\/21\/le-lycee-jean-hinglo-fait-son-cinema\/","title":{"rendered":"Le Lyc\u00e9e Jean Hinglo fait son Cin\u00e9ma"},"content":{"rendered":"<h2><strong><img loading=\"lazy\" decoding=\"async\" class=\" wp-image-6016 alignleft\" src=\"https:\/\/etab.ac-reunion.fr\/lyc-jean-hinglo\/wp-content\/uploads\/sites\/62\/2021\/02\/logo-section-cine.jpg\" alt=\"\" width=\"308\" height=\"209\" srcset=\"https:\/\/etab.ac-reunion.fr\/lyc-jean-hinglo\/wp-content\/uploads\/sites\/62\/2021\/02\/logo-section-cine.jpg 1609w, https:\/\/etab.ac-reunion.fr\/lyc-jean-hinglo\/wp-content\/uploads\/sites\/62\/2021\/02\/logo-section-cine-300x204.jpg 300w, https:\/\/etab.ac-reunion.fr\/lyc-jean-hinglo\/wp-content\/uploads\/sites\/62\/2021\/02\/logo-section-cine-1024x695.jpg 1024w, https:\/\/etab.ac-reunion.fr\/lyc-jean-hinglo\/wp-content\/uploads\/sites\/62\/2021\/02\/logo-section-cine-768x521.jpg 768w, https:\/\/etab.ac-reunion.fr\/lyc-jean-hinglo\/wp-content\/uploads\/sites\/62\/2021\/02\/logo-section-cine-1536x1042.jpg 1536w, https:\/\/etab.ac-reunion.fr\/lyc-jean-hinglo\/wp-content\/uploads\/sites\/62\/2021\/02\/logo-section-cine-140x94.jpg 140w\" sizes=\"auto, (max-width: 308px) 100vw, 308px\" \/>Le lyc\u00e9e Jean Hinglo fait son cin\u00e9ma<\/strong><\/h2>\n<p>La fin des vacances et la rentr\u00e9e ont \u00e9t\u00e9 riches en \u00e9v\u00e9nements et en exp\u00e9riences pour les \u00e9l\u00e8ves de l\u2019option cin\u00e9ma audiovisuel <strong>(CAV)<\/strong> du lyc\u00e9e Jean Hinglo du Port accompagn\u00e9s par l\u2019\u00e9quipe enseignante compos\u00e9e d\u2019Aur\u00e9lie Filain, Olivier Appollodorus et Anabelle Menanteau. Les 5 et 6 f\u00e9vrier derniers, l\u2019option CAV a organis\u00e9 <strong>le premier forum de l\u2019orientation des m\u00e9tiers de l\u2019audiovisuel et du cin\u00e9ma \u00e0 destination du public scolaire<\/strong> ainsi que <strong>deux soir\u00e9es de projections et de rencontres ouvertes au public au Kabardock.<\/strong> Les trois manifestations ont drain\u00e9 un public de 240 personnes en tout, soit 80 par \u00e9v\u00e9nement dans le respect des r\u00e8gles sanitaires en vigueur.<\/p>\n<p>Ces manifestations se voulaient le point d\u2019orgue de la r\u00e9sidence de <strong>Joseph Minster,<\/strong> cin\u00e9aste dipl\u00f4m\u00e9 de la F\u00e9mis, qui a men\u00e9 <strong>un atelier de cr\u00e9ation cin\u00e9matographique <\/strong>du 18 janvier au 6 f\u00e9vrier 2021 \u00e0 destination des \u00e9l\u00e8ves volontaires de l\u2019option dans le cadre du Parcours d\u2019excellence sign\u00e9 entre le lyc\u00e9e Jean Hinglo et la F\u00e9mis.<\/p>\n<p>Con\u00e7ues comme un moment de partage d\u2019exp\u00e9rience entre pairs et avec les professionnels, d\u2019ouverture culturelle et de valorisation de la fili\u00e8re cin\u00e9ma \u00e0 La R\u00e9union, ces <strong>1\u00e8res Rencontres cin\u00e9matographiques du Lyc\u00e9e Jean Hinglo<\/strong> ont suscit\u00e9 l\u2019engouement en faisant salle comble.\u00a0 Au moment o\u00f9 les options artistiques dans le secondaire sont menac\u00e9es d\u2019extinction, cette initiative t\u00e9moigne de la vitalit\u00e9 de la fili\u00e8re CAV et de la n\u00e9cessit\u00e9 de la soutenir\u00a0!<\/p>\n<p>Au bilan, 80 personnes ont pu assister chaque soir aux projections et d\u00e9bats organis\u00e9s au Kabardock et 6 lyc\u00e9es de l\u2019\u00eele ont pu faire participer leurs \u00e9l\u00e8ves au forum\u00a0:<\/p>\n<ul>\n<li>Les \u00e9l\u00e8ves de l\u2019atelier cin\u00e9ma du lyc\u00e9e Roland Garros, accompagn\u00e9s par leur professeur C\u00e9line Hoarau-Bouchereau,<\/li>\n<li>Les \u00e9l\u00e8ves de la fili\u00e8re CAV du lyc\u00e9e Bois Joly Potier, accompagn\u00e9s par leurs professeurs Philippe Grondin et Ludovic Lheureux,<\/li>\n<li>Des \u00e9l\u00e8ves de l\u2019atelier cin\u00e9ma du lyc\u00e9e Evariste de Parny, accompagn\u00e9s par Catherine Cavalieri et Agn\u00e8s Lafourcade,<\/li>\n<li>Des \u00e9l\u00e8ves du lyc\u00e9e Lyc\u00e9e Louis Payen, accompagn\u00e9s par leurs parents,<\/li>\n<li>Des \u00e9l\u00e8ves du lyc\u00e9e Nord, accompagn\u00e9s par leurs parents,<\/li>\n<li>Les \u00e9l\u00e8ves de l\u2019option CAV du lyc\u00e9e Lislet Geoffroy, accompagn\u00e9s par leurs professeurs C\u00e9cile Laveissi\u00e8re et Serge Huo-Chao-Si.<\/li>\n<\/ul>\n<p><strong>Immense merci \u00e0 tous ceux qui ont rendu ces \u00e9v\u00e9nements possibles, et \u00e0 tous ceux qui y ont particip\u00e9\u00a0!<\/strong><\/p>\n<p><strong>\u00a0<\/strong>Retour en images sur un mois de cr\u00e9ation, de travail passionn\u00e9 et d\u2019\u00e9changes passionnants autour du cin\u00e9ma.<\/p>\n<h3><strong>Tournage du Court-m\u00e9trage \u00ab\u00a0Variations\u00a0\u00bb (25 mn) \u00e9crit, interpr\u00e9t\u00e9 et r\u00e9alis\u00e9 par les \u00e9l\u00e8ves sous la direction de Joseph Minster du 18 au 22 janvier 2021 au lyc\u00e9e Jean Hinglo et au Port.<\/strong><\/h3>\n<p><em><img loading=\"lazy\" decoding=\"async\" class=\"aligncenter size-full wp-image-6028\" src=\"https:\/\/etab.ac-reunion.fr\/lyc-jean-hinglo\/wp-content\/uploads\/sites\/62\/2021\/02\/photo-section-cine1.jpg\" alt=\"\" width=\"1386\" height=\"925\" srcset=\"https:\/\/etab.ac-reunion.fr\/lyc-jean-hinglo\/wp-content\/uploads\/sites\/62\/2021\/02\/photo-section-cine1.jpg 1386w, https:\/\/etab.ac-reunion.fr\/lyc-jean-hinglo\/wp-content\/uploads\/sites\/62\/2021\/02\/photo-section-cine1-300x200.jpg 300w, https:\/\/etab.ac-reunion.fr\/lyc-jean-hinglo\/wp-content\/uploads\/sites\/62\/2021\/02\/photo-section-cine1-1024x683.jpg 1024w, https:\/\/etab.ac-reunion.fr\/lyc-jean-hinglo\/wp-content\/uploads\/sites\/62\/2021\/02\/photo-section-cine1-768x513.jpg 768w, https:\/\/etab.ac-reunion.fr\/lyc-jean-hinglo\/wp-content\/uploads\/sites\/62\/2021\/02\/photo-section-cine1-321x214.jpg 321w, https:\/\/etab.ac-reunion.fr\/lyc-jean-hinglo\/wp-content\/uploads\/sites\/62\/2021\/02\/photo-section-cine1-140x94.jpg 140w\" sizes=\"auto, (max-width: 1386px) 100vw, 1386px\" \/><\/em><\/p>\n<p><em>Tournage au lyc\u00e9e : Nicolas et Thomas au son, Melvin et Sarah au cadre, Lilian \u00e0 la r\u00e9alisation<\/em><\/p>\n<p><img loading=\"lazy\" decoding=\"async\" class=\"aligncenter size-full wp-image-6027\" src=\"https:\/\/etab.ac-reunion.fr\/lyc-jean-hinglo\/wp-content\/uploads\/sites\/62\/2021\/02\/photo-section-cine2.jpg\" alt=\"\" width=\"1386\" height=\"925\" srcset=\"https:\/\/etab.ac-reunion.fr\/lyc-jean-hinglo\/wp-content\/uploads\/sites\/62\/2021\/02\/photo-section-cine2.jpg 1386w, https:\/\/etab.ac-reunion.fr\/lyc-jean-hinglo\/wp-content\/uploads\/sites\/62\/2021\/02\/photo-section-cine2-300x200.jpg 300w, https:\/\/etab.ac-reunion.fr\/lyc-jean-hinglo\/wp-content\/uploads\/sites\/62\/2021\/02\/photo-section-cine2-1024x683.jpg 1024w, https:\/\/etab.ac-reunion.fr\/lyc-jean-hinglo\/wp-content\/uploads\/sites\/62\/2021\/02\/photo-section-cine2-768x513.jpg 768w, https:\/\/etab.ac-reunion.fr\/lyc-jean-hinglo\/wp-content\/uploads\/sites\/62\/2021\/02\/photo-section-cine2-321x214.jpg 321w, https:\/\/etab.ac-reunion.fr\/lyc-jean-hinglo\/wp-content\/uploads\/sites\/62\/2021\/02\/photo-section-cine2-140x94.jpg 140w\" sizes=\"auto, (max-width: 1386px) 100vw, 1386px\" \/><\/p>\n<p><em>Travelling arri\u00e8re\u00a0: Menvil au cadre, Joseph au guidage<\/em><\/p>\n<p><em> <img loading=\"lazy\" decoding=\"async\" class=\"aligncenter size-full wp-image-6026\" src=\"https:\/\/etab.ac-reunion.fr\/lyc-jean-hinglo\/wp-content\/uploads\/sites\/62\/2021\/02\/photo-section-cine3.jpg\" alt=\"\" width=\"1386\" height=\"925\" srcset=\"https:\/\/etab.ac-reunion.fr\/lyc-jean-hinglo\/wp-content\/uploads\/sites\/62\/2021\/02\/photo-section-cine3.jpg 1386w, https:\/\/etab.ac-reunion.fr\/lyc-jean-hinglo\/wp-content\/uploads\/sites\/62\/2021\/02\/photo-section-cine3-300x200.jpg 300w, https:\/\/etab.ac-reunion.fr\/lyc-jean-hinglo\/wp-content\/uploads\/sites\/62\/2021\/02\/photo-section-cine3-1024x683.jpg 1024w, https:\/\/etab.ac-reunion.fr\/lyc-jean-hinglo\/wp-content\/uploads\/sites\/62\/2021\/02\/photo-section-cine3-768x513.jpg 768w, https:\/\/etab.ac-reunion.fr\/lyc-jean-hinglo\/wp-content\/uploads\/sites\/62\/2021\/02\/photo-section-cine3-321x214.jpg 321w, https:\/\/etab.ac-reunion.fr\/lyc-jean-hinglo\/wp-content\/uploads\/sites\/62\/2021\/02\/photo-section-cine3-140x94.jpg 140w\" sizes=\"auto, (max-width: 1386px) 100vw, 1386px\" \/><\/em><\/p>\n<p><em>\u00a0<\/em><em>Tournage au Port\u00a0: travelling arri\u00e8re, Menvil au cadre, Thomas au son, Melrick et Joseph au guidage<\/em><\/p>\n<p><img loading=\"lazy\" decoding=\"async\" class=\"aligncenter size-full wp-image-6025\" src=\"https:\/\/etab.ac-reunion.fr\/lyc-jean-hinglo\/wp-content\/uploads\/sites\/62\/2021\/02\/photo-section-cine4-e1613906898689.jpg\" alt=\"\" width=\"1384\" height=\"2074\" srcset=\"https:\/\/etab.ac-reunion.fr\/lyc-jean-hinglo\/wp-content\/uploads\/sites\/62\/2021\/02\/photo-section-cine4-e1613906898689.jpg 1384w, https:\/\/etab.ac-reunion.fr\/lyc-jean-hinglo\/wp-content\/uploads\/sites\/62\/2021\/02\/photo-section-cine4-e1613906898689-200x300.jpg 200w, https:\/\/etab.ac-reunion.fr\/lyc-jean-hinglo\/wp-content\/uploads\/sites\/62\/2021\/02\/photo-section-cine4-e1613906898689-683x1024.jpg 683w, https:\/\/etab.ac-reunion.fr\/lyc-jean-hinglo\/wp-content\/uploads\/sites\/62\/2021\/02\/photo-section-cine4-e1613906898689-768x1151.jpg 768w, https:\/\/etab.ac-reunion.fr\/lyc-jean-hinglo\/wp-content\/uploads\/sites\/62\/2021\/02\/photo-section-cine4-e1613906898689-1025x1536.jpg 1025w, https:\/\/etab.ac-reunion.fr\/lyc-jean-hinglo\/wp-content\/uploads\/sites\/62\/2021\/02\/photo-section-cine4-e1613906898689-1367x2048.jpg 1367w\" sizes=\"auto, (max-width: 1384px) 100vw, 1384px\" \/><\/p>\n<p><em>Joseph et Sarah \u00e0 la pr\u00e9paration du cadre<\/em><\/p>\n<h3><strong>Forum des m\u00e9tiers de l\u2019audiovisuel et du cin\u00e9ma au lyc\u00e9e Jean Hinglo le 6 f\u00e9vrier 2021 <\/strong><\/h3>\n<p><strong>\u00a0<\/strong><strong>Table ronde 1 \u00ab\u00a0Les \u00e9tudes d\u2019art, de cin\u00e9ma, d\u2019audiovisuel\u00a0\u00bb\u00a0<\/strong><\/p>\n<p><em>Intervenants\u00a0: Patricia de Bollivier (ESA du Port)\u00a0; Joseph Minster (F\u00e9mis)\u00a0; Guillaume Dellinseger (<\/em><em>BTS audiovisuel du lyc\u00e9e M\u00e9mona Affejee-Hintermann options m\u00e9tiers de l\u2019image, m\u00e9tiers du son et technique d\u2019ing\u00e9nierie et exploitation des \u00e9quipements)<\/em><\/p>\n<p><img loading=\"lazy\" decoding=\"async\" class=\" wp-image-6024 alignnone\" src=\"https:\/\/etab.ac-reunion.fr\/lyc-jean-hinglo\/wp-content\/uploads\/sites\/62\/2021\/02\/photo-section-cine5.jpg\" alt=\"\" width=\"352\" height=\"264\" \/><\/p>\n<p><strong>Table ronde 2\u00a0: \u00ab\u00a0Les me\u0301tiers du cine\u0301ma, de l\u2019animation et de l\u2019audiovisuel\u00a0\u00bb\u00a0<\/strong><\/p>\n<p><em>Intervenants\u00a0: Fred Eyriey (producteur)\u00a0; St\u00e9phane Tariffe (association Kolkoz)\u00a0; Arnaud Boulard (Gao Shan pictures)\u00a0; B\u00e9rang\u00e8re Condomines (productrice)\u00a0;<\/em> <em>C\u00e9line Latchimy (journaliste et r\u00e9dactrice \u00e0 OIfilms), Manon Amacouty (sc\u00e9nariste et r\u00e9alisatrice)\u00a0; Camille Bessi\u00e8re-Mithra (acteur)<\/em><\/p>\n<p><em> <img loading=\"lazy\" decoding=\"async\" class=\"size-full wp-image-6023 alignnone\" src=\"https:\/\/etab.ac-reunion.fr\/lyc-jean-hinglo\/wp-content\/uploads\/sites\/62\/2021\/02\/photo-section-cine6.jpg\" alt=\"\" width=\"366\" height=\"206\" srcset=\"https:\/\/etab.ac-reunion.fr\/lyc-jean-hinglo\/wp-content\/uploads\/sites\/62\/2021\/02\/photo-section-cine6.jpg 366w, https:\/\/etab.ac-reunion.fr\/lyc-jean-hinglo\/wp-content\/uploads\/sites\/62\/2021\/02\/photo-section-cine6-300x169.jpg 300w\" sizes=\"auto, (max-width: 366px) 100vw, 366px\" \/><\/em><\/p>\n<p><strong>Table ronde 3\u00a0: \u00ab\u00a0La filie\u0300re cine\u0301ma a\u0300 La Re\u0301union\u00a0\u00bb\u00a0<\/strong><\/p>\n<p>Intervenants : Elsa Dahmani (Cin\u00e9kour) ; Jade Paquien (La Kourm\u00e9tragerie) ; Allison Rivi\u00e8re (Yabette) ; Edy Payet (AFR) ; Cyrielle Jacheet (La Lanterne magique) ; K\u00e9vin Cerveaux (Direction de l\u2019Innovation et du D\u00e9veloppement Num\u00e9rique de La R\u00e9gion R\u00e9union)<\/p>\n<p><strong> <img loading=\"lazy\" decoding=\"async\" class=\" wp-image-6022 alignnone\" src=\"https:\/\/etab.ac-reunion.fr\/lyc-jean-hinglo\/wp-content\/uploads\/sites\/62\/2021\/02\/photo-section-cine7.png\" alt=\"\" width=\"228\" height=\"228\" srcset=\"https:\/\/etab.ac-reunion.fr\/lyc-jean-hinglo\/wp-content\/uploads\/sites\/62\/2021\/02\/photo-section-cine7.png 289w, https:\/\/etab.ac-reunion.fr\/lyc-jean-hinglo\/wp-content\/uploads\/sites\/62\/2021\/02\/photo-section-cine7-150x150.png 150w, https:\/\/etab.ac-reunion.fr\/lyc-jean-hinglo\/wp-content\/uploads\/sites\/62\/2021\/02\/photo-section-cine7-160x160.png 160w, https:\/\/etab.ac-reunion.fr\/lyc-jean-hinglo\/wp-content\/uploads\/sites\/62\/2021\/02\/photo-section-cine7-240x240.png 240w, https:\/\/etab.ac-reunion.fr\/lyc-jean-hinglo\/wp-content\/uploads\/sites\/62\/2021\/02\/photo-section-cine7-60x60.png 60w, https:\/\/etab.ac-reunion.fr\/lyc-jean-hinglo\/wp-content\/uploads\/sites\/62\/2021\/02\/photo-section-cine7-184x184.png 184w\" sizes=\"auto, (max-width: 228px) 100vw, 228px\" \/><\/strong><\/p>\n<h3><strong>\u00a0<\/strong><strong>Soir\u00e9e du 5 f\u00e9vrier au Kabardock\u00a0: La R\u00e9union au cin\u00e9ma de Truffaut \u00e0 Fontano<\/strong><\/h3>\n<p><strong> <img loading=\"lazy\" decoding=\"async\" class=\" wp-image-6021 alignnone\" src=\"https:\/\/etab.ac-reunion.fr\/lyc-jean-hinglo\/wp-content\/uploads\/sites\/62\/2021\/02\/photo-section-cine8.jpg\" alt=\"\" width=\"597\" height=\"398\" srcset=\"https:\/\/etab.ac-reunion.fr\/lyc-jean-hinglo\/wp-content\/uploads\/sites\/62\/2021\/02\/photo-section-cine8.jpg 1038w, https:\/\/etab.ac-reunion.fr\/lyc-jean-hinglo\/wp-content\/uploads\/sites\/62\/2021\/02\/photo-section-cine8-300x200.jpg 300w, https:\/\/etab.ac-reunion.fr\/lyc-jean-hinglo\/wp-content\/uploads\/sites\/62\/2021\/02\/photo-section-cine8-1024x683.jpg 1024w, https:\/\/etab.ac-reunion.fr\/lyc-jean-hinglo\/wp-content\/uploads\/sites\/62\/2021\/02\/photo-section-cine8-768x512.jpg 768w, https:\/\/etab.ac-reunion.fr\/lyc-jean-hinglo\/wp-content\/uploads\/sites\/62\/2021\/02\/photo-section-cine8-321x214.jpg 321w, https:\/\/etab.ac-reunion.fr\/lyc-jean-hinglo\/wp-content\/uploads\/sites\/62\/2021\/02\/photo-section-cine8-140x94.jpg 140w\" sizes=\"auto, (max-width: 597px) 100vw, 597px\" \/><\/strong><\/p>\n<p><em>Vincent Fontano dans le public avant les projections du \u00ab\u00a0Blow up p\u00e9i\u00a0\u00bb r\u00e9alis\u00e9 par l\u2019option CAV, de son court-m\u00e9trage \u00ab\u00a0Blak\u00e9\u00a0\u00bb (2019) et du long m\u00e9trage \u00ab La Sir\u00e8ne du Mississipi\u00a0\u00bb (1969) de F. Truffaut<\/em><\/p>\n<p><em> <img loading=\"lazy\" decoding=\"async\" class=\" wp-image-6020 alignnone\" src=\"https:\/\/etab.ac-reunion.fr\/lyc-jean-hinglo\/wp-content\/uploads\/sites\/62\/2021\/02\/photo-section-cine9.jpg\" alt=\"\" width=\"610\" height=\"386\" srcset=\"https:\/\/etab.ac-reunion.fr\/lyc-jean-hinglo\/wp-content\/uploads\/sites\/62\/2021\/02\/photo-section-cine9.jpg 934w, https:\/\/etab.ac-reunion.fr\/lyc-jean-hinglo\/wp-content\/uploads\/sites\/62\/2021\/02\/photo-section-cine9-300x190.jpg 300w, https:\/\/etab.ac-reunion.fr\/lyc-jean-hinglo\/wp-content\/uploads\/sites\/62\/2021\/02\/photo-section-cine9-768x486.jpg 768w\" sizes=\"auto, (max-width: 610px) 100vw, 610px\" \/><\/em><\/p>\n<p><em>\u00c9change entre Joseph Minster et Vincent Fontano autour de \u00ab\u00a0Blak\u00e9\u00a0\u00bb<\/em><\/p>\n<h3><em>\u00a0<\/em><strong>Soir\u00e9e du 6 f\u00e9vrier au Kabardock\u00a0: carte blanche \u00e0 Joseph Minster autour du th\u00e8me de la Variation au cin\u00e9ma <\/strong><\/h3>\n<p><strong> <img loading=\"lazy\" decoding=\"async\" class=\" wp-image-6019 alignnone\" src=\"https:\/\/etab.ac-reunion.fr\/lyc-jean-hinglo\/wp-content\/uploads\/sites\/62\/2021\/02\/photo-section-cine10.jpg\" alt=\"\" width=\"360\" height=\"271\" \/><\/strong><\/p>\n<p><strong>\u00a0<\/strong><em>Le public, avant les projections des courts-m\u00e9trages \u00ab\u00a0Variations\u00a0\u00bb (2021) r\u00e9alis\u00e9 par les \u00e9l\u00e8ves de l\u2019option CAV, \u00ab\u00a0Nous deux encore\u00a0\u00bb (2020) de Joseph Minster et du long m\u00e9trage \u00ab\u00a0R\u00e9alit\u00e9\u00a0\u00bb (2014) de Q. Dupieux<\/em><\/p>\n<p><em> <img loading=\"lazy\" decoding=\"async\" class=\" wp-image-6018 alignnone\" src=\"https:\/\/etab.ac-reunion.fr\/lyc-jean-hinglo\/wp-content\/uploads\/sites\/62\/2021\/02\/photo-section-cine11.jpg\" alt=\"\" width=\"410\" height=\"273\" srcset=\"https:\/\/etab.ac-reunion.fr\/lyc-jean-hinglo\/wp-content\/uploads\/sites\/62\/2021\/02\/photo-section-cine11.jpg 726w, https:\/\/etab.ac-reunion.fr\/lyc-jean-hinglo\/wp-content\/uploads\/sites\/62\/2021\/02\/photo-section-cine11-300x200.jpg 300w, https:\/\/etab.ac-reunion.fr\/lyc-jean-hinglo\/wp-content\/uploads\/sites\/62\/2021\/02\/photo-section-cine11-321x214.jpg 321w, https:\/\/etab.ac-reunion.fr\/lyc-jean-hinglo\/wp-content\/uploads\/sites\/62\/2021\/02\/photo-section-cine11-140x94.jpg 140w\" sizes=\"auto, (max-width: 410px) 100vw, 410px\" \/><\/em><\/p>\n<p><em>\u00a0<\/em><em>\u00c9change entre les \u00e9l\u00e8ves et le public \u00e0 propos de leur court-m\u00e9trage \u00ab\u00a0Variations\u00a0\u00bb<\/em><\/p>\n<p><em> <img loading=\"lazy\" decoding=\"async\" class=\" wp-image-6017 alignnone\" src=\"https:\/\/etab.ac-reunion.fr\/lyc-jean-hinglo\/wp-content\/uploads\/sites\/62\/2021\/02\/photo-section-cine12.jpg\" alt=\"\" width=\"352\" height=\"265\" \/><\/em><\/p>\n<p><em>\u00a0<\/em><em>\u00c9change entre Joseph Minster et le public \u00e0 propos de son court-m\u00e9trage \u00ab\u00a0Nous deux encore\u00a0\u00bb<\/em><\/p>\n<p><strong>L\u2019option cin\u00e9ma est sur facebook : <\/strong><span style=\"color: #0000ff\"><a style=\"color: #0000ff\" href=\"https:\/\/www.facebook.com\/cav.hinglo\"><strong>https:\/\/www.facebook.com\/cav.hinglo<\/strong><\/a><\/span><\/p>\n<p><strong>Le Court-m\u00e9trage \u00ab Variations \u00bb est visible l\u00e0 :\u00a0<\/strong><span style=\"color: #0000ff\"><a style=\"color: #0000ff\" href=\"https:\/\/www.youtube.com\/watch?v=EuENtflyOuU\"><strong>https:\/\/www.youtube.com\/watch?v=EuENtflyOuU<\/strong><\/a><\/span><\/p>\n<p><strong>Le blow up p\u00e9i ici :<span style=\"color: #0000ff\">\u00a0<\/span><\/strong><span style=\"color: #0000ff\"><a style=\"color: #0000ff\" href=\"https:\/\/www.youtube.com\/watch?v=0XbBXBda3TU\"><strong>https:\/\/www.youtube.com\/watch?v=0XbBXBda3TU<\/strong><\/a><\/span><\/p>\n","protected":false},"excerpt":{"rendered":"<p>Le lyc\u00e9e Jean Hinglo fait son cin\u00e9ma La fin des vacances et la rentr\u00e9e ont \u00e9t\u00e9 riches en \u00e9v\u00e9nements et en exp\u00e9riences pour les \u00e9l\u00e8ves de l\u2019option cin\u00e9ma audiovisuel (CAV) [&hellip;]<\/p>\n","protected":false},"author":24732,"featured_media":6016,"comment_status":"closed","ping_status":"closed","sticky":false,"template":"","format":"standard","meta":{"_EventAllDay":false,"_EventTimezone":"","_EventStartDate":"","_EventEndDate":"","_EventStartDateUTC":"","_EventEndDateUTC":"","_EventShowMap":false,"_EventShowMapLink":false,"_EventURL":"","_EventCost":"","_EventCostDescription":"","_EventCurrencySymbol":"","_EventCurrencyCode":"","_EventCurrencyPosition":"","_EventDateTimeSeparator":"","_EventTimeRangeSeparator":"","_EventOrganizerID":[],"_EventVenueID":[],"_OrganizerEmail":"","_OrganizerPhone":"","_OrganizerWebsite":"","_VenueAddress":"","_VenueCity":"","_VenueCountry":"","_VenueProvince":"","_VenueState":"","_VenueZip":"","_VenuePhone":"","_VenueURL":"","_VenueStateProvince":"","_VenueLat":"","_VenueLng":"","_VenueShowMap":false,"_VenueShowMapLink":false,"footnotes":""},"categories":[20],"tags":[],"class_list":["post-6029","post","type-post","status-publish","format-standard","has-post-thumbnail","hentry","category-culture"],"_links":{"self":[{"href":"https:\/\/etab.ac-reunion.fr\/lyc-jean-hinglo\/wp-json\/wp\/v2\/posts\/6029","targetHints":{"allow":["GET"]}}],"collection":[{"href":"https:\/\/etab.ac-reunion.fr\/lyc-jean-hinglo\/wp-json\/wp\/v2\/posts"}],"about":[{"href":"https:\/\/etab.ac-reunion.fr\/lyc-jean-hinglo\/wp-json\/wp\/v2\/types\/post"}],"author":[{"embeddable":true,"href":"https:\/\/etab.ac-reunion.fr\/lyc-jean-hinglo\/wp-json\/wp\/v2\/users\/24732"}],"replies":[{"embeddable":true,"href":"https:\/\/etab.ac-reunion.fr\/lyc-jean-hinglo\/wp-json\/wp\/v2\/comments?post=6029"}],"version-history":[{"count":8,"href":"https:\/\/etab.ac-reunion.fr\/lyc-jean-hinglo\/wp-json\/wp\/v2\/posts\/6029\/revisions"}],"predecessor-version":[{"id":6037,"href":"https:\/\/etab.ac-reunion.fr\/lyc-jean-hinglo\/wp-json\/wp\/v2\/posts\/6029\/revisions\/6037"}],"wp:featuredmedia":[{"embeddable":true,"href":"https:\/\/etab.ac-reunion.fr\/lyc-jean-hinglo\/wp-json\/wp\/v2\/media\/6016"}],"wp:attachment":[{"href":"https:\/\/etab.ac-reunion.fr\/lyc-jean-hinglo\/wp-json\/wp\/v2\/media?parent=6029"}],"wp:term":[{"taxonomy":"category","embeddable":true,"href":"https:\/\/etab.ac-reunion.fr\/lyc-jean-hinglo\/wp-json\/wp\/v2\/categories?post=6029"},{"taxonomy":"post_tag","embeddable":true,"href":"https:\/\/etab.ac-reunion.fr\/lyc-jean-hinglo\/wp-json\/wp\/v2\/tags?post=6029"}],"curies":[{"name":"wp","href":"https:\/\/api.w.org\/{rel}","templated":true}]}}