{"id":6351,"date":"2021-05-20T06:53:05","date_gmt":"2021-05-20T02:53:05","guid":{"rendered":"http:\/\/lycee-jhinglo.ac-reunion.fr\/?p=6351"},"modified":"2021-08-05T17:05:25","modified_gmt":"2021-08-05T13:05:25","slug":"dompter-les-rapides-de-sainte-suzanne","status":"publish","type":"post","link":"https:\/\/etab.ac-reunion.fr\/lyc-jean-hinglo\/2021\/05\/20\/dompter-les-rapides-de-sainte-suzanne\/","title":{"rendered":"Dompter les \u00ab\u00a0rapides\u00a0\u00bb de Sainte-Suzanne"},"content":{"rendered":"<p>Mercredi 19 mai apr\u00e8s-midi, une trentaine de lyc\u00e9ens compos\u00e9e pour moiti\u00e9 d&rsquo;\u00e9l\u00e8ves de fili\u00e8res professionnelles et d&rsquo;une douzaine de filles, ont d\u00e9couvert le rafting au site des eaux vives de Sainte Suzanne.<\/p>\n<p>Chaque embarcation pneumatique insubmersible se composait de 5 \u00e0 7 passagers avec pagaies, dont un capitaine qui avait la lourde t\u00e2che de diriger le raft dans les rapides.<\/p>\n<p>C&rsquo;est en \u00e9quipe qu&rsquo;ils ont affront\u00e9 les eaux vives!<\/p>\n<p><a href=\"https:\/\/etab.ac-reunion.fr\/lyc-jean-hinglo\/wp-content\/uploads\/sites\/62\/2021\/05\/collage-eaux-vives.jpg\" target=\"_blank\" rel=\"noopener\"><img loading=\"lazy\" decoding=\"async\" class=\"aligncenter size-full wp-image-6350\" src=\"https:\/\/etab.ac-reunion.fr\/lyc-jean-hinglo\/wp-content\/uploads\/sites\/62\/2021\/05\/collage-eaux-vives.jpg\" alt=\"\" width=\"800\" height=\"800\" srcset=\"https:\/\/etab.ac-reunion.fr\/lyc-jean-hinglo\/wp-content\/uploads\/sites\/62\/2021\/05\/collage-eaux-vives.jpg 800w, https:\/\/etab.ac-reunion.fr\/lyc-jean-hinglo\/wp-content\/uploads\/sites\/62\/2021\/05\/collage-eaux-vives-300x300.jpg 300w, https:\/\/etab.ac-reunion.fr\/lyc-jean-hinglo\/wp-content\/uploads\/sites\/62\/2021\/05\/collage-eaux-vives-150x150.jpg 150w, https:\/\/etab.ac-reunion.fr\/lyc-jean-hinglo\/wp-content\/uploads\/sites\/62\/2021\/05\/collage-eaux-vives-768x768.jpg 768w, https:\/\/etab.ac-reunion.fr\/lyc-jean-hinglo\/wp-content\/uploads\/sites\/62\/2021\/05\/collage-eaux-vives-160x160.jpg 160w, https:\/\/etab.ac-reunion.fr\/lyc-jean-hinglo\/wp-content\/uploads\/sites\/62\/2021\/05\/collage-eaux-vives-240x240.jpg 240w, https:\/\/etab.ac-reunion.fr\/lyc-jean-hinglo\/wp-content\/uploads\/sites\/62\/2021\/05\/collage-eaux-vives-60x60.jpg 60w, https:\/\/etab.ac-reunion.fr\/lyc-jean-hinglo\/wp-content\/uploads\/sites\/62\/2021\/05\/collage-eaux-vives-184x184.jpg 184w\" sizes=\"auto, (max-width: 800px) 100vw, 800px\" \/><\/a><\/p>\n","protected":false},"excerpt":{"rendered":"<p>Mercredi 19 mai apr\u00e8s-midi, une trentaine de lyc\u00e9ens compos\u00e9e pour moiti\u00e9 d&rsquo;\u00e9l\u00e8ves de fili\u00e8res professionnelles et d&rsquo;une douzaine de filles, ont d\u00e9couvert le rafting au site des eaux vives de [&hellip;]<\/p>\n","protected":false},"author":24732,"featured_media":6350,"comment_status":"closed","ping_status":"closed","sticky":false,"template":"","format":"standard","meta":{"_EventAllDay":false,"_EventTimezone":"","_EventStartDate":"","_EventEndDate":"","_EventStartDateUTC":"","_EventEndDateUTC":"","_EventShowMap":false,"_EventShowMapLink":false,"_EventURL":"","_EventCost":"","_EventCostDescription":"","_EventCurrencySymbol":"","_EventCurrencyCode":"","_EventCurrencyPosition":"","_EventDateTimeSeparator":"","_EventTimeRangeSeparator":"","_EventOrganizerID":[],"_EventVenueID":[],"_OrganizerEmail":"","_OrganizerPhone":"","_OrganizerWebsite":"","_VenueAddress":"","_VenueCity":"","_VenueCountry":"","_VenueProvince":"","_VenueState":"","_VenueZip":"","_VenuePhone":"","_VenueURL":"","_VenueStateProvince":"","_VenueLat":"","_VenueLng":"","_VenueShowMap":false,"_VenueShowMapLink":false,"footnotes":""},"categories":[92],"tags":[],"class_list":["post-6351","post","type-post","status-publish","format-standard","has-post-thumbnail","hentry","category-unss"],"_links":{"self":[{"href":"https:\/\/etab.ac-reunion.fr\/lyc-jean-hinglo\/wp-json\/wp\/v2\/posts\/6351","targetHints":{"allow":["GET"]}}],"collection":[{"href":"https:\/\/etab.ac-reunion.fr\/lyc-jean-hinglo\/wp-json\/wp\/v2\/posts"}],"about":[{"href":"https:\/\/etab.ac-reunion.fr\/lyc-jean-hinglo\/wp-json\/wp\/v2\/types\/post"}],"author":[{"embeddable":true,"href":"https:\/\/etab.ac-reunion.fr\/lyc-jean-hinglo\/wp-json\/wp\/v2\/users\/24732"}],"replies":[{"embeddable":true,"href":"https:\/\/etab.ac-reunion.fr\/lyc-jean-hinglo\/wp-json\/wp\/v2\/comments?post=6351"}],"version-history":[{"count":2,"href":"https:\/\/etab.ac-reunion.fr\/lyc-jean-hinglo\/wp-json\/wp\/v2\/posts\/6351\/revisions"}],"predecessor-version":[{"id":6353,"href":"https:\/\/etab.ac-reunion.fr\/lyc-jean-hinglo\/wp-json\/wp\/v2\/posts\/6351\/revisions\/6353"}],"wp:featuredmedia":[{"embeddable":true,"href":"https:\/\/etab.ac-reunion.fr\/lyc-jean-hinglo\/wp-json\/wp\/v2\/media\/6350"}],"wp:attachment":[{"href":"https:\/\/etab.ac-reunion.fr\/lyc-jean-hinglo\/wp-json\/wp\/v2\/media?parent=6351"}],"wp:term":[{"taxonomy":"category","embeddable":true,"href":"https:\/\/etab.ac-reunion.fr\/lyc-jean-hinglo\/wp-json\/wp\/v2\/categories?post=6351"},{"taxonomy":"post_tag","embeddable":true,"href":"https:\/\/etab.ac-reunion.fr\/lyc-jean-hinglo\/wp-json\/wp\/v2\/tags?post=6351"}],"curies":[{"name":"wp","href":"https:\/\/api.w.org\/{rel}","templated":true}]}}