{"id":6417,"date":"2021-06-01T22:15:25","date_gmt":"2021-06-01T18:15:25","guid":{"rendered":"http:\/\/lycee-jhinglo.ac-reunion.fr\/?p=6417"},"modified":"2021-08-22T19:37:46","modified_gmt":"2021-08-22T15:37:46","slug":"exposition-arts-plastiques-2020-2021","status":"publish","type":"post","link":"https:\/\/etab.ac-reunion.fr\/lyc-jean-hinglo\/2021\/06\/01\/exposition-arts-plastiques-2020-2021\/","title":{"rendered":"EXPOSITION ARTS-PLASTIQUES 2020\/2021"},"content":{"rendered":"<p>Les \u00e9l\u00e8ves du groupe Arts-Plastiques du mercredi, ont le plaisir de vous inviter \u00e0 venir visiter leur \u00ab <strong>Exposition 2020\/2021<\/strong> \u00bb, au CDI.<br \/>\nVenez d\u00e9couvrir dessins, peintures, aquarelles, collages, gravures, ainsi que les travaux produits durant le dispositif \u00ab Tutorat \u00bb avec l&rsquo;ESA R\u00e9union et \u00e0 l&rsquo;attention des concours 2021 en \u00c9cole Sup\u00e9rieure d\u2019art et de Parcoursup 2021 (Pr\u00e9pa\/Licence Arts-plastiques\/Histoire de l\u2019Art).<br \/>\nAlana GUIDON, Anita ACHEM, Aur\u00e9ane \u00c9TH\u00c8VE, Marissa HUONG HON SEING, Mathias RIVI\u00c8RE,<br \/>\nMiriame HASSANI, Samantha LAMBERT, St\u00e9phanie Guilgorie.<\/p>\n<p><strong>BIENVENUE !!!<\/strong><\/p>\n<p>ci-dessous un aper\u00e7u<\/p>\n","protected":false},"excerpt":{"rendered":"<p>Les \u00e9l\u00e8ves du groupe Arts-Plastiques du mercredi, ont le plaisir de vous inviter \u00e0 venir visiter leur \u00ab Exposition 2020\/2021 \u00bb, au CDI. Venez d\u00e9couvrir dessins, peintures, aquarelles, collages, gravures, [&hellip;]<\/p>\n","protected":false},"author":24732,"featured_media":6423,"comment_status":"closed","ping_status":"closed","sticky":false,"template":"","format":"standard","meta":{"_EventAllDay":false,"_EventTimezone":"","_EventStartDate":"","_EventEndDate":"","_EventStartDateUTC":"","_EventEndDateUTC":"","_EventShowMap":false,"_EventShowMapLink":false,"_EventURL":"","_EventCost":"","_EventCostDescription":"","_EventCurrencySymbol":"","_EventCurrencyCode":"","_EventCurrencyPosition":"","_EventDateTimeSeparator":"","_EventTimeRangeSeparator":"","_EventOrganizerID":[],"_EventVenueID":[],"_OrganizerEmail":"","_OrganizerPhone":"","_OrganizerWebsite":"","_VenueAddress":"","_VenueCity":"","_VenueCountry":"","_VenueProvince":"","_VenueState":"","_VenueZip":"","_VenuePhone":"","_VenueURL":"","_VenueStateProvince":"","_VenueLat":"","_VenueLng":"","_VenueShowMap":false,"_VenueShowMapLink":false,"footnotes":""},"categories":[20],"tags":[],"class_list":["post-6417","post","type-post","status-publish","format-standard","has-post-thumbnail","hentry","category-culture"],"_links":{"self":[{"href":"https:\/\/etab.ac-reunion.fr\/lyc-jean-hinglo\/wp-json\/wp\/v2\/posts\/6417","targetHints":{"allow":["GET"]}}],"collection":[{"href":"https:\/\/etab.ac-reunion.fr\/lyc-jean-hinglo\/wp-json\/wp\/v2\/posts"}],"about":[{"href":"https:\/\/etab.ac-reunion.fr\/lyc-jean-hinglo\/wp-json\/wp\/v2\/types\/post"}],"author":[{"embeddable":true,"href":"https:\/\/etab.ac-reunion.fr\/lyc-jean-hinglo\/wp-json\/wp\/v2\/users\/24732"}],"replies":[{"embeddable":true,"href":"https:\/\/etab.ac-reunion.fr\/lyc-jean-hinglo\/wp-json\/wp\/v2\/comments?post=6417"}],"version-history":[{"count":2,"href":"https:\/\/etab.ac-reunion.fr\/lyc-jean-hinglo\/wp-json\/wp\/v2\/posts\/6417\/revisions"}],"predecessor-version":[{"id":6425,"href":"https:\/\/etab.ac-reunion.fr\/lyc-jean-hinglo\/wp-json\/wp\/v2\/posts\/6417\/revisions\/6425"}],"wp:featuredmedia":[{"embeddable":true,"href":"https:\/\/etab.ac-reunion.fr\/lyc-jean-hinglo\/wp-json\/wp\/v2\/media\/6423"}],"wp:attachment":[{"href":"https:\/\/etab.ac-reunion.fr\/lyc-jean-hinglo\/wp-json\/wp\/v2\/media?parent=6417"}],"wp:term":[{"taxonomy":"category","embeddable":true,"href":"https:\/\/etab.ac-reunion.fr\/lyc-jean-hinglo\/wp-json\/wp\/v2\/categories?post=6417"},{"taxonomy":"post_tag","embeddable":true,"href":"https:\/\/etab.ac-reunion.fr\/lyc-jean-hinglo\/wp-json\/wp\/v2\/tags?post=6417"}],"curies":[{"name":"wp","href":"https:\/\/api.w.org\/{rel}","templated":true}]}}