{"id":6858,"date":"2021-09-29T16:56:13","date_gmt":"2021-09-29T12:56:13","guid":{"rendered":"http:\/\/lycee-jhinglo.ac-reunion.fr\/?p=6858"},"modified":"2022-08-20T10:24:28","modified_gmt":"2022-08-20T06:24:28","slug":"mini-raid-organise-par-lassociation-sportive-du-lycee-unss","status":"publish","type":"post","link":"https:\/\/etab.ac-reunion.fr\/lyc-jean-hinglo\/2021\/09\/29\/mini-raid-organise-par-lassociation-sportive-du-lycee-unss\/","title":{"rendered":"Mini-Raid organis\u00e9 par l&rsquo;Association Sportive du Lyc\u00e9e (UNSS)"},"content":{"rendered":"<h3><span style=\"color: #000000\"><strong>L\u2019Association Sportive du lyc\u00e9e organise un <span style=\"color: #0000ff\">Mini- Raid<\/span> \u00e0 la Saline les Bains (lagon et parc des sports) le<span style=\"color: #0000ff\"> mercredi 6 octobre apr\u00e8s-midi<\/span> \u00e0 partir de 13h30 avec pour activit\u00e9s : <span style=\"color: #000000\">tir \u00e0 l\u2019arc, paddle, course d\u2019orientation et nage PMT (palmes, masque, tuba)<\/span><\/strong><\/span><\/h3>\n<h3><strong><span style=\"color: #000000\">R\u00e9serv\u00e9 aux \u00e9l\u00e8ves licenci\u00e9s (UNSS) &#8211; Inscriptions aupr\u00e8s des professeurs d&rsquo;EPS &#8211; Autorisation parentale n\u00e9cessaire pour les \u00e9l\u00e8ves mineurs.<\/span><\/strong><\/h3>\n<p><a href=\"https:\/\/etab.ac-reunion.fr\/lyc-jean-hinglo\/mini-raid\/\"><img loading=\"lazy\" decoding=\"async\" class=\"aligncenter size-full wp-image-6862\" src=\"https:\/\/etab.ac-reunion.fr\/lyc-jean-hinglo\/wp-content\/uploads\/sites\/62\/2021\/09\/mini-raid-scaled.jpg\" alt=\"\" width=\"2560\" height=\"1706\" srcset=\"https:\/\/etab.ac-reunion.fr\/lyc-jean-hinglo\/wp-content\/uploads\/sites\/62\/2021\/09\/mini-raid-scaled.jpg 2560w, https:\/\/etab.ac-reunion.fr\/lyc-jean-hinglo\/wp-content\/uploads\/sites\/62\/2021\/09\/mini-raid-300x200.jpg 300w, https:\/\/etab.ac-reunion.fr\/lyc-jean-hinglo\/wp-content\/uploads\/sites\/62\/2021\/09\/mini-raid-1024x682.jpg 1024w, https:\/\/etab.ac-reunion.fr\/lyc-jean-hinglo\/wp-content\/uploads\/sites\/62\/2021\/09\/mini-raid-768x512.jpg 768w, https:\/\/etab.ac-reunion.fr\/lyc-jean-hinglo\/wp-content\/uploads\/sites\/62\/2021\/09\/mini-raid-1536x1023.jpg 1536w, https:\/\/etab.ac-reunion.fr\/lyc-jean-hinglo\/wp-content\/uploads\/sites\/62\/2021\/09\/mini-raid-2048x1365.jpg 2048w, https:\/\/etab.ac-reunion.fr\/lyc-jean-hinglo\/wp-content\/uploads\/sites\/62\/2021\/09\/mini-raid-321x214.jpg 321w, https:\/\/etab.ac-reunion.fr\/lyc-jean-hinglo\/wp-content\/uploads\/sites\/62\/2021\/09\/mini-raid-140x94.jpg 140w\" sizes=\"auto, (max-width: 2560px) 100vw, 2560px\" \/><\/a><\/p>\n<h3 style=\"text-align: center\"><\/h3>\n<p>&nbsp;<\/p>\n<p>&nbsp;<\/p>\n","protected":false},"excerpt":{"rendered":"<p>L\u2019Association Sportive du lyc\u00e9e organise un Mini- Raid \u00e0 la Saline les Bains (lagon et parc des sports) le mercredi 6 octobre apr\u00e8s-midi \u00e0 partir de 13h30 avec pour activit\u00e9s [&hellip;]<\/p>\n","protected":false},"author":24732,"featured_media":6862,"comment_status":"closed","ping_status":"closed","sticky":false,"template":"","format":"standard","meta":{"_EventAllDay":false,"_EventTimezone":"","_EventStartDate":"","_EventEndDate":"","_EventStartDateUTC":"","_EventEndDateUTC":"","_EventShowMap":false,"_EventShowMapLink":false,"_EventURL":"","_EventCost":"","_EventCostDescription":"","_EventCurrencySymbol":"","_EventCurrencyCode":"","_EventCurrencyPosition":"","_EventDateTimeSeparator":"","_EventTimeRangeSeparator":"","_EventOrganizerID":[],"_EventVenueID":[],"_OrganizerEmail":"","_OrganizerPhone":"","_OrganizerWebsite":"","_VenueAddress":"","_VenueCity":"","_VenueCountry":"","_VenueProvince":"","_VenueState":"","_VenueZip":"","_VenuePhone":"","_VenueURL":"","_VenueStateProvince":"","_VenueLat":"","_VenueLng":"","_VenueShowMap":false,"_VenueShowMapLink":false,"footnotes":""},"categories":[92],"tags":[],"class_list":["post-6858","post","type-post","status-publish","format-standard","has-post-thumbnail","hentry","category-unss"],"_links":{"self":[{"href":"https:\/\/etab.ac-reunion.fr\/lyc-jean-hinglo\/wp-json\/wp\/v2\/posts\/6858","targetHints":{"allow":["GET"]}}],"collection":[{"href":"https:\/\/etab.ac-reunion.fr\/lyc-jean-hinglo\/wp-json\/wp\/v2\/posts"}],"about":[{"href":"https:\/\/etab.ac-reunion.fr\/lyc-jean-hinglo\/wp-json\/wp\/v2\/types\/post"}],"author":[{"embeddable":true,"href":"https:\/\/etab.ac-reunion.fr\/lyc-jean-hinglo\/wp-json\/wp\/v2\/users\/24732"}],"replies":[{"embeddable":true,"href":"https:\/\/etab.ac-reunion.fr\/lyc-jean-hinglo\/wp-json\/wp\/v2\/comments?post=6858"}],"version-history":[{"count":4,"href":"https:\/\/etab.ac-reunion.fr\/lyc-jean-hinglo\/wp-json\/wp\/v2\/posts\/6858\/revisions"}],"predecessor-version":[{"id":6864,"href":"https:\/\/etab.ac-reunion.fr\/lyc-jean-hinglo\/wp-json\/wp\/v2\/posts\/6858\/revisions\/6864"}],"wp:featuredmedia":[{"embeddable":true,"href":"https:\/\/etab.ac-reunion.fr\/lyc-jean-hinglo\/wp-json\/wp\/v2\/media\/6862"}],"wp:attachment":[{"href":"https:\/\/etab.ac-reunion.fr\/lyc-jean-hinglo\/wp-json\/wp\/v2\/media?parent=6858"}],"wp:term":[{"taxonomy":"category","embeddable":true,"href":"https:\/\/etab.ac-reunion.fr\/lyc-jean-hinglo\/wp-json\/wp\/v2\/categories?post=6858"},{"taxonomy":"post_tag","embeddable":true,"href":"https:\/\/etab.ac-reunion.fr\/lyc-jean-hinglo\/wp-json\/wp\/v2\/tags?post=6858"}],"curies":[{"name":"wp","href":"https:\/\/api.w.org\/{rel}","templated":true}]}}