{"id":7209,"date":"2021-12-14T03:04:01","date_gmt":"2021-12-13T23:04:01","guid":{"rendered":"http:\/\/lycee-jhinglo.ac-reunion.fr\/?p=7209"},"modified":"2022-08-20T10:30:57","modified_gmt":"2022-08-20T06:30:57","slug":"lexpo-des-talents-au-cdi","status":"publish","type":"post","link":"https:\/\/etab.ac-reunion.fr\/lyc-jean-hinglo\/2021\/12\/14\/lexpo-des-talents-au-cdi\/","title":{"rendered":"L&rsquo;Expo des Talents au CDI"},"content":{"rendered":"<h3 style=\"text-align: center\"><strong>En cette fin d&rsquo;ann\u00e9e \u00e0 l&rsquo;occasion de La matin\u00e9e des Talents 2021,\u00a0le CDI vous invite \u00e0 visiter l&rsquo; Expo des Talents.<\/strong><\/h3>\n<h3 style=\"text-align: center\"><strong>Peintures, dessins et photographies seront visibles jusqu&rsquo;au vendredi 17 D\u00e9cembre \u00e0 12h.<\/strong><\/h3>\n<h3 style=\"text-align: center\"><strong>Ouvert de 7h40 \u00e0 17h15, du lundi au vendredi et de 7h40 \u00e0 11h50 ce mercredi.<\/strong><\/h3>\n<h3 style=\"text-align: center\"><strong>Bienvenue!!!<\/strong><\/h3>\n<p><img loading=\"lazy\" decoding=\"async\" class=\"aligncenter size-full wp-image-7212\" src=\"https:\/\/etab.ac-reunion.fr\/lyc-jean-hinglo\/wp-content\/uploads\/sites\/62\/2021\/12\/expo-talents-1-web.jpg\" alt=\"\" width=\"513\" height=\"822\" srcset=\"https:\/\/etab.ac-reunion.fr\/lyc-jean-hinglo\/wp-content\/uploads\/sites\/62\/2021\/12\/expo-talents-1-web.jpg 513w, https:\/\/etab.ac-reunion.fr\/lyc-jean-hinglo\/wp-content\/uploads\/sites\/62\/2021\/12\/expo-talents-1-web-187x300.jpg 187w\" sizes=\"auto, (max-width: 513px) 100vw, 513px\" \/><\/p>\n<p><img loading=\"lazy\" decoding=\"async\" class=\"aligncenter size-full wp-image-7211\" src=\"https:\/\/etab.ac-reunion.fr\/lyc-jean-hinglo\/wp-content\/uploads\/sites\/62\/2021\/12\/expo-talents-2-web.jpg\" alt=\"\" width=\"654\" height=\"822\" srcset=\"https:\/\/etab.ac-reunion.fr\/lyc-jean-hinglo\/wp-content\/uploads\/sites\/62\/2021\/12\/expo-talents-2-web.jpg 654w, https:\/\/etab.ac-reunion.fr\/lyc-jean-hinglo\/wp-content\/uploads\/sites\/62\/2021\/12\/expo-talents-2-web-239x300.jpg 239w\" sizes=\"auto, (max-width: 654px) 100vw, 654px\" \/><\/p>\n<p><img loading=\"lazy\" decoding=\"async\" class=\"aligncenter size-full wp-image-7210\" src=\"https:\/\/etab.ac-reunion.fr\/lyc-jean-hinglo\/wp-content\/uploads\/sites\/62\/2021\/12\/expo-talents-3-web.jpg\" alt=\"\" width=\"584\" height=\"822\" srcset=\"https:\/\/etab.ac-reunion.fr\/lyc-jean-hinglo\/wp-content\/uploads\/sites\/62\/2021\/12\/expo-talents-3-web.jpg 584w, https:\/\/etab.ac-reunion.fr\/lyc-jean-hinglo\/wp-content\/uploads\/sites\/62\/2021\/12\/expo-talents-3-web-213x300.jpg 213w\" sizes=\"auto, (max-width: 584px) 100vw, 584px\" \/><\/p>\n<h3 style=\"text-align: center\"><\/h3>\n","protected":false},"excerpt":{"rendered":"<p>En cette fin d&rsquo;ann\u00e9e \u00e0 l&rsquo;occasion de La matin\u00e9e des Talents 2021,\u00a0le CDI vous invite \u00e0 visiter l&rsquo; Expo des Talents. Peintures, dessins et photographies seront visibles jusqu&rsquo;au vendredi 17 [&hellip;]<\/p>\n","protected":false},"author":24732,"featured_media":7215,"comment_status":"closed","ping_status":"closed","sticky":false,"template":"","format":"standard","meta":{"_EventAllDay":false,"_EventTimezone":"","_EventStartDate":"","_EventEndDate":"","_EventStartDateUTC":"","_EventEndDateUTC":"","_EventShowMap":false,"_EventShowMapLink":false,"_EventURL":"","_EventCost":"","_EventCostDescription":"","_EventCurrencySymbol":"","_EventCurrencyCode":"","_EventCurrencyPosition":"","_EventDateTimeSeparator":"","_EventTimeRangeSeparator":"","_EventOrganizerID":[],"_EventVenueID":[],"_OrganizerEmail":"","_OrganizerPhone":"","_OrganizerWebsite":"","_VenueAddress":"","_VenueCity":"","_VenueCountry":"","_VenueProvince":"","_VenueState":"","_VenueZip":"","_VenuePhone":"","_VenueURL":"","_VenueStateProvince":"","_VenueLat":"","_VenueLng":"","_VenueShowMap":false,"_VenueShowMapLink":false,"footnotes":""},"categories":[41],"tags":[],"class_list":["post-7209","post","type-post","status-publish","format-standard","has-post-thumbnail","hentry","category-cdi"],"_links":{"self":[{"href":"https:\/\/etab.ac-reunion.fr\/lyc-jean-hinglo\/wp-json\/wp\/v2\/posts\/7209","targetHints":{"allow":["GET"]}}],"collection":[{"href":"https:\/\/etab.ac-reunion.fr\/lyc-jean-hinglo\/wp-json\/wp\/v2\/posts"}],"about":[{"href":"https:\/\/etab.ac-reunion.fr\/lyc-jean-hinglo\/wp-json\/wp\/v2\/types\/post"}],"author":[{"embeddable":true,"href":"https:\/\/etab.ac-reunion.fr\/lyc-jean-hinglo\/wp-json\/wp\/v2\/users\/24732"}],"replies":[{"embeddable":true,"href":"https:\/\/etab.ac-reunion.fr\/lyc-jean-hinglo\/wp-json\/wp\/v2\/comments?post=7209"}],"version-history":[{"count":3,"href":"https:\/\/etab.ac-reunion.fr\/lyc-jean-hinglo\/wp-json\/wp\/v2\/posts\/7209\/revisions"}],"predecessor-version":[{"id":7216,"href":"https:\/\/etab.ac-reunion.fr\/lyc-jean-hinglo\/wp-json\/wp\/v2\/posts\/7209\/revisions\/7216"}],"wp:featuredmedia":[{"embeddable":true,"href":"https:\/\/etab.ac-reunion.fr\/lyc-jean-hinglo\/wp-json\/wp\/v2\/media\/7215"}],"wp:attachment":[{"href":"https:\/\/etab.ac-reunion.fr\/lyc-jean-hinglo\/wp-json\/wp\/v2\/media?parent=7209"}],"wp:term":[{"taxonomy":"category","embeddable":true,"href":"https:\/\/etab.ac-reunion.fr\/lyc-jean-hinglo\/wp-json\/wp\/v2\/categories?post=7209"},{"taxonomy":"post_tag","embeddable":true,"href":"https:\/\/etab.ac-reunion.fr\/lyc-jean-hinglo\/wp-json\/wp\/v2\/tags?post=7209"}],"curies":[{"name":"wp","href":"https:\/\/api.w.org\/{rel}","templated":true}]}}