{"id":7809,"date":"2022-05-01T19:07:13","date_gmt":"2022-05-01T15:07:13","guid":{"rendered":"http:\/\/lycee-jhinglo.ac-reunion.fr\/?p=7809"},"modified":"2022-08-20T10:36:21","modified_gmt":"2022-08-20T06:36:21","slug":"projet-artistique-fenwar","status":"publish","type":"post","link":"https:\/\/etab.ac-reunion.fr\/lyc-jean-hinglo\/2022\/05\/01\/projet-artistique-fenwar\/","title":{"rendered":"Projet artistique \u00ab\u00a0Fenwar\u00a0\u00bb"},"content":{"rendered":"<p>La classe de 209, dans le cadre du Pass Culture, a pu d\u00e9couvrir l&rsquo;univers des marionnettes et du th\u00e9\u00e2tre d&rsquo;ombre autour du th\u00e8me des r\u00eaves et des cauchemars dans l&rsquo;imaginaire r\u00e9unionnais. Deux artistes de la compagnie ABERASH, Tahaa Lopez et Mathilde Bigan, invit\u00e9es par Aldric Massot, professeur de fran\u00e7ais, ont accompagn\u00e9 les \u00e9l\u00e8ves dans la mise en sc\u00e8ne de leurs \u00e9pouvantes nocturnes. Des araign\u00e9es et des monstres en tout genre ont donc pris vie dans les figurines r\u00e9alis\u00e9es. Cette mati\u00e8re \u00e0 r\u00eaves donnera lieu \u00e0 des repr\u00e9sentations de la Compagnie au cours du mois de septembre, r\u00e9unie autour du projet \u00ab\u00a0FENWAR\u00a0\u00bb.<\/p>\n<p>Ci-dessous quelques photos:<\/p>\n","protected":false},"excerpt":{"rendered":"<p>La classe de 209, dans le cadre du Pass Culture, a pu d\u00e9couvrir l&rsquo;univers des marionnettes et du th\u00e9\u00e2tre d&rsquo;ombre autour du th\u00e8me des r\u00eaves et des cauchemars dans l&rsquo;imaginaire [&hellip;]<\/p>\n","protected":false},"author":24732,"featured_media":7810,"comment_status":"closed","ping_status":"closed","sticky":false,"template":"","format":"standard","meta":{"_EventAllDay":false,"_EventTimezone":"","_EventStartDate":"","_EventEndDate":"","_EventStartDateUTC":"","_EventEndDateUTC":"","_EventShowMap":false,"_EventShowMapLink":false,"_EventURL":"","_EventCost":"","_EventCostDescription":"","_EventCurrencySymbol":"","_EventCurrencyCode":"","_EventCurrencyPosition":"","_EventDateTimeSeparator":"","_EventTimeRangeSeparator":"","_EventOrganizerID":[],"_EventVenueID":[],"_OrganizerEmail":"","_OrganizerPhone":"","_OrganizerWebsite":"","_VenueAddress":"","_VenueCity":"","_VenueCountry":"","_VenueProvince":"","_VenueState":"","_VenueZip":"","_VenuePhone":"","_VenueURL":"","_VenueStateProvince":"","_VenueLat":"","_VenueLng":"","_VenueShowMap":false,"_VenueShowMapLink":false,"footnotes":""},"categories":[20],"tags":[],"class_list":["post-7809","post","type-post","status-publish","format-standard","has-post-thumbnail","hentry","category-culture"],"_links":{"self":[{"href":"https:\/\/etab.ac-reunion.fr\/lyc-jean-hinglo\/wp-json\/wp\/v2\/posts\/7809","targetHints":{"allow":["GET"]}}],"collection":[{"href":"https:\/\/etab.ac-reunion.fr\/lyc-jean-hinglo\/wp-json\/wp\/v2\/posts"}],"about":[{"href":"https:\/\/etab.ac-reunion.fr\/lyc-jean-hinglo\/wp-json\/wp\/v2\/types\/post"}],"author":[{"embeddable":true,"href":"https:\/\/etab.ac-reunion.fr\/lyc-jean-hinglo\/wp-json\/wp\/v2\/users\/24732"}],"replies":[{"embeddable":true,"href":"https:\/\/etab.ac-reunion.fr\/lyc-jean-hinglo\/wp-json\/wp\/v2\/comments?post=7809"}],"version-history":[{"count":3,"href":"https:\/\/etab.ac-reunion.fr\/lyc-jean-hinglo\/wp-json\/wp\/v2\/posts\/7809\/revisions"}],"predecessor-version":[{"id":7818,"href":"https:\/\/etab.ac-reunion.fr\/lyc-jean-hinglo\/wp-json\/wp\/v2\/posts\/7809\/revisions\/7818"}],"wp:featuredmedia":[{"embeddable":true,"href":"https:\/\/etab.ac-reunion.fr\/lyc-jean-hinglo\/wp-json\/wp\/v2\/media\/7810"}],"wp:attachment":[{"href":"https:\/\/etab.ac-reunion.fr\/lyc-jean-hinglo\/wp-json\/wp\/v2\/media?parent=7809"}],"wp:term":[{"taxonomy":"category","embeddable":true,"href":"https:\/\/etab.ac-reunion.fr\/lyc-jean-hinglo\/wp-json\/wp\/v2\/categories?post=7809"},{"taxonomy":"post_tag","embeddable":true,"href":"https:\/\/etab.ac-reunion.fr\/lyc-jean-hinglo\/wp-json\/wp\/v2\/tags?post=7809"}],"curies":[{"name":"wp","href":"https:\/\/api.w.org\/{rel}","templated":true}]}}