{"id":8915,"date":"2023-03-02T08:37:31","date_gmt":"2023-03-02T04:37:31","guid":{"rendered":"https:\/\/etab.ac-reunion.fr\/lyc-jean-hinglo\/?p=8915"},"modified":"2023-03-03T09:10:06","modified_gmt":"2023-03-03T05:10:06","slug":"semaine-de-lorientation-immersion-a-luniversite-de-saint-denis","status":"publish","type":"post","link":"https:\/\/etab.ac-reunion.fr\/lyc-jean-hinglo\/2023\/03\/02\/semaine-de-lorientation-immersion-a-luniversite-de-saint-denis\/","title":{"rendered":"Semaine de l&rsquo;orientation : immersion \u00e0 l&rsquo;Universit\u00e9 de Saint-Denis"},"content":{"rendered":"<p>Dans le cadre de la 2e semaine de l&rsquo;orientation, 17 \u00e9l\u00e8ves de Terminale (T03 et T01), dont 11 en Sp\u00e9cialit\u00e9 LLCE Espagnol, ont r\u00e9alis\u00e9 une immersion \u00e0 l&rsquo;Universit\u00e9 de Saint-Denis, sur le Campus du Moufia, accompagn\u00e9s de leurs professeurs d&rsquo;espagnol, Mmes Cerneaux et Santiago.<\/p>\n<p>Ivana Laurent, \u00e9tudiante en Service Civique, leur a fait visiter l&rsquo;UFR\u00a0Lettres et Sciences Humaines, la Biblioth\u00e8que Universitaire, le Service de Culture Audiovisuelle et Num\u00e9rique (SCAN) et la Caf\u00e9t\u00e9ria. Elle a r\u00e9pondu aux questions\u00a0des \u00e9l\u00e8ves sur les parcours possibles, les emplois du temps,\u00a0et les d\u00e9bouch\u00e9s.<\/p>\n<p>Puis ils ont assist\u00e9 \u00e0 un cours de Civilisation hispano-am\u00e9ricaine (L3 avec E.Capron) et de traduction (L2 avec M. Asensio Cerme\u00f1o).\u00a0M\u00eame s&rsquo;ils \u00e9taient intimid\u00e9s, certains \u00e9l\u00e8ves ont os\u00e9 prendre la parole pendant le cours de civilisation. Merci aux 2 professeurs pour leur accueil, en particulier \u00e0 Elsa Capron, directrice et responsable p\u00e9dagogique du D\u00e9partement d&rsquo;Etudes Hispaniques, pour sa disponibilit\u00e9.<\/p>\n<p><a href=\"https:\/\/etab.ac-reunion.fr\/lyc-jean-hinglo\/wp-content\/uploads\/sites\/62\/2023\/03\/Immersion2-Universite-de-Saint-Denis.pdf\" target=\"_blank\" rel=\"noopener\"><img loading=\"lazy\" decoding=\"async\" class=\"aligncenter size-full wp-image-8980\" src=\"https:\/\/etab.ac-reunion.fr\/lyc-jean-hinglo\/wp-content\/uploads\/sites\/62\/2023\/03\/Immersion2-Universite-de-Saint-Denis.png\" alt=\"\" width=\"1240\" height=\"1754\" srcset=\"https:\/\/etab.ac-reunion.fr\/lyc-jean-hinglo\/wp-content\/uploads\/sites\/62\/2023\/03\/Immersion2-Universite-de-Saint-Denis.png 1240w, https:\/\/etab.ac-reunion.fr\/lyc-jean-hinglo\/wp-content\/uploads\/sites\/62\/2023\/03\/Immersion2-Universite-de-Saint-Denis-212x300.png 212w, https:\/\/etab.ac-reunion.fr\/lyc-jean-hinglo\/wp-content\/uploads\/sites\/62\/2023\/03\/Immersion2-Universite-de-Saint-Denis-724x1024.png 724w, https:\/\/etab.ac-reunion.fr\/lyc-jean-hinglo\/wp-content\/uploads\/sites\/62\/2023\/03\/Immersion2-Universite-de-Saint-Denis-768x1086.png 768w, https:\/\/etab.ac-reunion.fr\/lyc-jean-hinglo\/wp-content\/uploads\/sites\/62\/2023\/03\/Immersion2-Universite-de-Saint-Denis-1086x1536.png 1086w\" sizes=\"auto, (max-width: 1240px) 100vw, 1240px\" \/><\/a><\/p>\n","protected":false},"excerpt":{"rendered":"<p>Dans le cadre de la 2e semaine de l&rsquo;orientation, 17 \u00e9l\u00e8ves de Terminale (T03 et T01), dont 11 en Sp\u00e9cialit\u00e9 LLCE Espagnol, ont r\u00e9alis\u00e9 une immersion \u00e0 l&rsquo;Universit\u00e9 de Saint-Denis, [&hellip;]<\/p>\n","protected":false},"author":24732,"featured_media":8982,"comment_status":"closed","ping_status":"closed","sticky":false,"template":"","format":"standard","meta":{"_EventAllDay":false,"_EventTimezone":"","_EventStartDate":"","_EventEndDate":"","_EventStartDateUTC":"","_EventEndDateUTC":"","_EventShowMap":false,"_EventShowMapLink":false,"_EventURL":"","_EventCost":"","_EventCostDescription":"","_EventCurrencySymbol":"","_EventCurrencyCode":"","_EventCurrencyPosition":"","_EventDateTimeSeparator":"","_EventTimeRangeSeparator":"","_EventOrganizerID":[],"_EventVenueID":[],"_OrganizerEmail":"","_OrganizerPhone":"","_OrganizerWebsite":"","_VenueAddress":"","_VenueCity":"","_VenueCountry":"","_VenueProvince":"","_VenueState":"","_VenueZip":"","_VenuePhone":"","_VenueURL":"","_VenueStateProvince":"","_VenueLat":"","_VenueLng":"","_VenueShowMap":false,"_VenueShowMapLink":false,"footnotes":""},"categories":[9,96,82],"tags":[],"class_list":["post-8915","post","type-post","status-publish","format-standard","has-post-thumbnail","hentry","category-actualites","category-espagnol","category-post-bac"],"_links":{"self":[{"href":"https:\/\/etab.ac-reunion.fr\/lyc-jean-hinglo\/wp-json\/wp\/v2\/posts\/8915","targetHints":{"allow":["GET"]}}],"collection":[{"href":"https:\/\/etab.ac-reunion.fr\/lyc-jean-hinglo\/wp-json\/wp\/v2\/posts"}],"about":[{"href":"https:\/\/etab.ac-reunion.fr\/lyc-jean-hinglo\/wp-json\/wp\/v2\/types\/post"}],"author":[{"embeddable":true,"href":"https:\/\/etab.ac-reunion.fr\/lyc-jean-hinglo\/wp-json\/wp\/v2\/users\/24732"}],"replies":[{"embeddable":true,"href":"https:\/\/etab.ac-reunion.fr\/lyc-jean-hinglo\/wp-json\/wp\/v2\/comments?post=8915"}],"version-history":[{"count":3,"href":"https:\/\/etab.ac-reunion.fr\/lyc-jean-hinglo\/wp-json\/wp\/v2\/posts\/8915\/revisions"}],"predecessor-version":[{"id":8981,"href":"https:\/\/etab.ac-reunion.fr\/lyc-jean-hinglo\/wp-json\/wp\/v2\/posts\/8915\/revisions\/8981"}],"wp:featuredmedia":[{"embeddable":true,"href":"https:\/\/etab.ac-reunion.fr\/lyc-jean-hinglo\/wp-json\/wp\/v2\/media\/8982"}],"wp:attachment":[{"href":"https:\/\/etab.ac-reunion.fr\/lyc-jean-hinglo\/wp-json\/wp\/v2\/media?parent=8915"}],"wp:term":[{"taxonomy":"category","embeddable":true,"href":"https:\/\/etab.ac-reunion.fr\/lyc-jean-hinglo\/wp-json\/wp\/v2\/categories?post=8915"},{"taxonomy":"post_tag","embeddable":true,"href":"https:\/\/etab.ac-reunion.fr\/lyc-jean-hinglo\/wp-json\/wp\/v2\/tags?post=8915"}],"curies":[{"name":"wp","href":"https:\/\/api.w.org\/{rel}","templated":true}]}}