{"id":2491,"date":"2018-03-26T10:29:10","date_gmt":"2018-03-26T06:29:10","guid":{"rendered":"http:\/\/lycee-jeanjoly.ac-reunion.fr\/?p=2491"},"modified":"2018-03-26T10:33:52","modified_gmt":"2018-03-26T06:33:52","slug":"journee-portes-ouvertes-alternance-ccir-2018","status":"publish","type":"post","link":"https:\/\/etab.ac-reunion.fr\/lyc-jean-joly\/journee-portes-ouvertes-alternance-ccir-2018\/","title":{"rendered":"Journ\u00e9e Portes Ouvertes Alternance CCIR 2018"},"content":{"rendered":"<div><span style=\"color: #222222\">La Chambre de Commerce et d&rsquo;Industrie de la R\u00e9union vous informe de l&rsquo;organisation de ses Journ\u00e9es Portes Ouvertes\u00a0<span id=\"m_-63016877675468772200.8067958908825636\" class=\"m_-6301687767546877220highlight\">Alternance<\/span>\u00a0!<\/span><\/div>\n<div><\/div>\n<div>\n<div>En avril, le P\u00f4le Formation de la CCI R\u00e9union ouvre les portes de ses centres de formation et vous fait d\u00e9couvrir toutes ses formations en alternance du CAP au BAC + 5\u00a0!<\/div>\n<div><\/div>\n<div>Ces Journ\u00e9es Portes Ouvertes seront l\u2019occasion pour le grand public de :<\/div>\n<div><\/div>\n<ul>\n<li><strong>d\u00e9couvrir notre offre de formations en apprentissage et en professionnalisation,<\/strong><\/li>\n<li><strong>rencontrer les \u00e9quipes p\u00e9dagogiques et les \u00e9tudiants actuels,<\/strong><\/li>\n<li><strong>poser ses questions,<\/strong><\/li>\n<li><strong>connaitre les proc\u00e9dures d&rsquo;admission.<\/strong><\/li>\n<\/ul>\n<div>Les fili\u00e8res de formation:<\/div>\n<div><\/div>\n<div><strong>COMMERCE\/ VENTE\/ DISTRIBUTION \/\u00a0<\/strong><strong>IMMOBILIER<\/strong><\/div>\n<div><strong>ADMINISTRATIF \/ COMMUNICATION \/RESSOURCES HUMAINES<\/strong><\/div>\n<div><strong>COMPTABILIT\u00c9 \/ CONTR\u00d4LE DE GESTION INFORMATIQUE \/ R\u00c9SEAUX \/ D\u00c9VELOPPEMENT WEB \/ E-MARKETING<\/strong><\/div>\n<div><strong>BTP \/ RESEAUX ELECTRIQUES<\/strong><\/div>\n<div><strong>QUALITE SECURITE ENVIRONNEMENT \/ INDUSTRIE<\/strong><\/div>\n<div><strong>TRANSPORT \/LOGISTIQUE<\/strong><\/div>\n<div><strong>H\u00d4TELLERIE \/ RESTAURATION \/ TOURISME<\/strong><\/div>\n<div><\/div>\n<div>\n<h3><u>3 dates \u00e0 retenir\u00a0<\/u><\/h3>\n<div><strong>Mercredi 11 avril:\u00a0<\/strong><\/div>\n<div>Portes Ouvertes des P\u00f4les Formation Nord (Sainte -Clotilde) \u00a0et CENTHOR (Saint-Gilles-les-Hauts)<\/div>\n<div><strong>Mercredi 18\u00a0avril:\u00a0<\/strong><\/div>\n<div>Portes ouvertes du P\u00f4le Formation CIRFIM (Le Port) et P\u00f4le Formation SUD (Saint-Pierre)<\/div>\n<div><strong>Mercredi\u00a025\u00a0 avril \u00a0<\/strong><\/div>\n<div>Portes ouvertes du P\u00f4le EST &#8211; Ecole Sup\u00e9rieure R\u00e9gionale du Num\u00e9rique (Saint-Andr\u00e9)<\/div>\n<\/div>\n<\/div>\n<div><\/div>\n<div>\n<div><span style=\"color: black;font-size: large\">Lors de cette\u00a0journ\u00e9e, les jeunes en formation, entour\u00e9s de leurs formateurs et de professionnels, proposeront\u00a0<\/span><span style=\"color: black;font-size: large\"><b>de d\u00e9couvrir<\/b><\/span><span style=\"color: black;font-size: large\">\u00a0les formations en\u00a0<\/span><span><b>Apprentissage<\/b><\/span><span>\u00a0et en\u00a0<\/span><span><b>Professionnalisation<\/b><\/span><span>\u00a0menant aux m\u00e9tiers du secteur ou de la fili\u00e8re concern\u00e9e (Management, Gestion-Compta, Vente-Commerce-Distribution, BTP-Industrie, Transport-Logistique, Informatique, H\u00f4tellerie-Restauration-Tourisme,&#8230;)<\/span><\/div>\n<\/div>\n<div>\n<p><img loading=\"lazy\" decoding=\"async\" class=\"alignnone size-medium wp-image-2492\" src=\"https:\/\/etab.ac-reunion.fr\/lyc-jean-joly\/wp-content\/uploads\/sites\/114\/2018\/03\/signature-jpo2018-300x150.jpg\" alt=\"\" width=\"300\" height=\"150\" srcset=\"https:\/\/etab.ac-reunion.fr\/lyc-jean-joly\/wp-content\/uploads\/sites\/114\/2018\/03\/signature-jpo2018-300x150.jpg 300w, https:\/\/etab.ac-reunion.fr\/lyc-jean-joly\/wp-content\/uploads\/sites\/114\/2018\/03\/signature-jpo2018-1024x512.jpg 1024w, https:\/\/etab.ac-reunion.fr\/lyc-jean-joly\/wp-content\/uploads\/sites\/114\/2018\/03\/signature-jpo2018-150x75.jpg 150w, https:\/\/etab.ac-reunion.fr\/lyc-jean-joly\/wp-content\/uploads\/sites\/114\/2018\/03\/signature-jpo2018-1200x600.jpg 1200w, https:\/\/etab.ac-reunion.fr\/lyc-jean-joly\/wp-content\/uploads\/sites\/114\/2018\/03\/signature-jpo2018.jpg 1667w\" sizes=\"auto, (max-width: 300px) 100vw, 300px\" \/><\/p>\n<p><a href=\"https:\/\/etab.ac-reunion.fr\/lyc-jean-joly\/wp-content\/uploads\/sites\/114\/2018\/03\/affiche-alternance-2018.pdf\">affiche-alternance-2018<\/a><\/p>\n<\/div>\n","protected":false},"excerpt":{"rendered":"<p>La Chambre de Commerce et d&rsquo;Industrie de la R\u00e9union vous informe de l&rsquo;organisation de ses Journ\u00e9es Portes Ouvertes\u00a0Alternance\u00a0! En avril, le P\u00f4le Formation de la CCI R\u00e9union ouvre les portes&#8230;<\/p>\n<p> <a class=\"continue-reading-link\" href=\"https:\/\/etab.ac-reunion.fr\/lyc-jean-joly\/journee-portes-ouvertes-alternance-ccir-2018\/\"><span>Lire la suite<\/span><i class=\"crycon-right-dir\"><\/i><\/a> <\/p>\n","protected":false},"author":10778,"featured_media":2492,"comment_status":"closed","ping_status":"open","sticky":false,"template":"","format":"standard","meta":{"footnotes":""},"categories":[1],"tags":[],"class_list":["post-2491","post","type-post","status-publish","format-standard","has-post-thumbnail","hentry","category-non-classe"],"_links":{"self":[{"href":"https:\/\/etab.ac-reunion.fr\/lyc-jean-joly\/wp-json\/wp\/v2\/posts\/2491","targetHints":{"allow":["GET"]}}],"collection":[{"href":"https:\/\/etab.ac-reunion.fr\/lyc-jean-joly\/wp-json\/wp\/v2\/posts"}],"about":[{"href":"https:\/\/etab.ac-reunion.fr\/lyc-jean-joly\/wp-json\/wp\/v2\/types\/post"}],"author":[{"embeddable":true,"href":"https:\/\/etab.ac-reunion.fr\/lyc-jean-joly\/wp-json\/wp\/v2\/users\/10778"}],"replies":[{"embeddable":true,"href":"https:\/\/etab.ac-reunion.fr\/lyc-jean-joly\/wp-json\/wp\/v2\/comments?post=2491"}],"version-history":[{"count":3,"href":"https:\/\/etab.ac-reunion.fr\/lyc-jean-joly\/wp-json\/wp\/v2\/posts\/2491\/revisions"}],"predecessor-version":[{"id":2496,"href":"https:\/\/etab.ac-reunion.fr\/lyc-jean-joly\/wp-json\/wp\/v2\/posts\/2491\/revisions\/2496"}],"wp:featuredmedia":[{"embeddable":true,"href":"https:\/\/etab.ac-reunion.fr\/lyc-jean-joly\/wp-json\/wp\/v2\/media\/2492"}],"wp:attachment":[{"href":"https:\/\/etab.ac-reunion.fr\/lyc-jean-joly\/wp-json\/wp\/v2\/media?parent=2491"}],"wp:term":[{"taxonomy":"category","embeddable":true,"href":"https:\/\/etab.ac-reunion.fr\/lyc-jean-joly\/wp-json\/wp\/v2\/categories?post=2491"},{"taxonomy":"post_tag","embeddable":true,"href":"https:\/\/etab.ac-reunion.fr\/lyc-jean-joly\/wp-json\/wp\/v2\/tags?post=2491"}],"curies":[{"name":"wp","href":"https:\/\/api.w.org\/{rel}","templated":true}]}}