{"id":2655,"date":"2018-08-30T15:59:28","date_gmt":"2018-08-30T11:59:28","guid":{"rendered":"http:\/\/lycee-jeanjoly.ac-reunion.fr\/?p=2655"},"modified":"2018-08-30T15:59:29","modified_gmt":"2018-08-30T11:59:29","slug":"bourse-au-merite-18-19","status":"publish","type":"post","link":"https:\/\/etab.ac-reunion.fr\/lyc-jean-joly\/bourse-au-merite-18-19\/","title":{"rendered":"Bourse au m\u00e9rite 18\/19"},"content":{"rendered":"<p class=\"MsoNormal\" style=\"text-align: justify\"><span style=\"font-family: 'Antique Olive','sans-serif'\">R\u00e9serv\u00e9e aux \u00e9l\u00e8ves boursiers de lyc\u00e9e ayant obtenu une mention bien ou tr\u00e8s bien au Dipl\u00f4me National de Brevet des Coll\u00e8ges.<\/span><\/p>\n<p class=\"MsoNormal\" style=\"text-align: justify\"><span style=\"font-family: 'Antique Olive','sans-serif'\">Subordonn\u00e9e \u00e0 l\u2019engagement \u00e9crit de l\u2019\u00e9l\u00e8ve et de son repr\u00e9sentant l\u00e9gal \u00e0 poursuivre sa scolarit\u00e9 avec assiduit\u00e9 jusqu\u2019au baccalaur\u00e9at (\u00e9change avec le lyc\u00e9e \u00e0 r\u00e9ception de la liste du Rectorat).<\/span><\/p>\n<p class=\"MsoNormal\" style=\"text-align: justify\"><span style=\"font-family: 'Antique Olive','sans-serif'\">Attribu\u00e9e automatiquement jusqu\u2019en classe de terminale et vers\u00e9e (en m\u00eame temps que la bourse de lyc\u00e9e) en 3 fois.<\/span><\/p>\n<div style=\"border: solid windowtext 1.0pt;padding: 1.0pt 4.0pt 1.0pt 4.0pt\">\n<p class=\"MsoNormal\" style=\"text-align: justify;border: none;padding: 0cm\"><i><span style=\"font-family: 'Antique Olive','sans-serif'\">Voir montants bourse et primes sur le site du lyc\u00e9e (Infos pratiques)<\/span><\/i><\/p>\n<\/div>\n<p><!-- [if gte mso 9]&gt;--><\/p>\n<p><!-- [if gte mso 9]&gt;--><\/p>\n<p>  Normal<br \/>\n  0<\/p>\n<p>  21<\/p>\n<p>  false<br \/>\n  false<br \/>\n  false<\/p>\n<p>  FR<br \/>\n  X-NONE<br \/>\n  X-NONE<\/p>\n<p><!-- [if gte mso 9]&gt;--><\/p>\n<p><!-- [if gte mso 10]&gt;--><\/p>\n<p> \/* Style Definitions *\/<br \/>\n table.MsoNormalTable<br \/>\n\t{mso-style-name:\u00a0\u00bbTableau Normal\u00a0\u00bb;<br \/>\n\tmso-tstyle-rowband-size:0;<br \/>\n\tmso-tstyle-colband-size:0;<br \/>\n\tmso-style-noshow:yes;<br \/>\n\tmso-style-priority:99;<br \/>\n\tmso-style-parent:\u00a0\u00bb\u00a0\u00bb;<br \/>\n\tmso-padding-alt:0cm 5.4pt 0cm 5.4pt;<br \/>\n\tmso-para-margin-top:0cm;<br \/>\n\tmso-para-margin-right:0cm;<br \/>\n\tmso-para-margin-bottom:10.0pt;<br \/>\n\tmso-para-margin-left:0cm;<br \/>\n\tline-height:115%;<br \/>\n\tmso-pagination:widow-orphan;<br \/>\n\tfont-size:11.0pt;<br \/>\n\tfont-family:\u00a0\u00bbCalibri\u00a0\u00bb,\u00a0\u00bbsans-serif\u00a0\u00bb;<br \/>\n\tmso-ascii-font-family:Calibri;<br \/>\n\tmso-ascii-theme-font:minor-latin;<br \/>\n\tmso-hansi-font-family:Calibri;<br \/>\n\tmso-hansi-theme-font:minor-latin;<br \/>\n\tmso-fareast-language:EN-US;}<\/p>\n<p>&nbsp;<\/p>\n","protected":false},"excerpt":{"rendered":"<p>R\u00e9serv\u00e9e aux \u00e9l\u00e8ves boursiers de lyc\u00e9e ayant obtenu une mention bien ou tr\u00e8s bien au Dipl\u00f4me National de Brevet des Coll\u00e8ges. Subordonn\u00e9e \u00e0 l\u2019engagement \u00e9crit de l\u2019\u00e9l\u00e8ve et de son&#8230;<\/p>\n<p> <a class=\"continue-reading-link\" href=\"https:\/\/etab.ac-reunion.fr\/lyc-jean-joly\/bourse-au-merite-18-19\/\"><span>Lire la suite<\/span><i class=\"crycon-right-dir\"><\/i><\/a> <\/p>\n","protected":false},"author":9510,"featured_media":0,"comment_status":"closed","ping_status":"open","sticky":false,"template":"","format":"standard","meta":{"footnotes":""},"categories":[50],"tags":[],"class_list":["post-2655","post","type-post","status-publish","format-standard","hentry","category-gestion"],"_links":{"self":[{"href":"https:\/\/etab.ac-reunion.fr\/lyc-jean-joly\/wp-json\/wp\/v2\/posts\/2655","targetHints":{"allow":["GET"]}}],"collection":[{"href":"https:\/\/etab.ac-reunion.fr\/lyc-jean-joly\/wp-json\/wp\/v2\/posts"}],"about":[{"href":"https:\/\/etab.ac-reunion.fr\/lyc-jean-joly\/wp-json\/wp\/v2\/types\/post"}],"author":[{"embeddable":true,"href":"https:\/\/etab.ac-reunion.fr\/lyc-jean-joly\/wp-json\/wp\/v2\/users\/9510"}],"replies":[{"embeddable":true,"href":"https:\/\/etab.ac-reunion.fr\/lyc-jean-joly\/wp-json\/wp\/v2\/comments?post=2655"}],"version-history":[{"count":1,"href":"https:\/\/etab.ac-reunion.fr\/lyc-jean-joly\/wp-json\/wp\/v2\/posts\/2655\/revisions"}],"predecessor-version":[{"id":2656,"href":"https:\/\/etab.ac-reunion.fr\/lyc-jean-joly\/wp-json\/wp\/v2\/posts\/2655\/revisions\/2656"}],"wp:attachment":[{"href":"https:\/\/etab.ac-reunion.fr\/lyc-jean-joly\/wp-json\/wp\/v2\/media?parent=2655"}],"wp:term":[{"taxonomy":"category","embeddable":true,"href":"https:\/\/etab.ac-reunion.fr\/lyc-jean-joly\/wp-json\/wp\/v2\/categories?post=2655"},{"taxonomy":"post_tag","embeddable":true,"href":"https:\/\/etab.ac-reunion.fr\/lyc-jean-joly\/wp-json\/wp\/v2\/tags?post=2655"}],"curies":[{"name":"wp","href":"https:\/\/api.w.org\/{rel}","templated":true}]}}