{"id":408,"date":"2015-11-17T07:31:23","date_gmt":"2015-11-17T03:31:23","guid":{"rendered":"http:\/\/lycee-jean-joly.ac-reunion.fr\/?p=408"},"modified":"2021-04-08T09:19:34","modified_gmt":"2021-04-08T05:19:34","slug":"ti-somin-gran-somin-2","status":"publish","type":"post","link":"https:\/\/etab.ac-reunion.fr\/lyc-jean-joly\/ti-somin-gran-somin-2\/","title":{"rendered":"ti somin gran somin \u00c9lisabeth"},"content":{"rendered":"<p>Tout quitter et partir<\/p>\n<div id=\"attachment_421\" style=\"width: 483px\" class=\"wp-caption alignnone\"><a href=\"https:\/\/etab.ac-reunion.fr\/lyc-jean-joly\/wp-content\/uploads\/sites\/114\/2015\/11\/elisaB.jpg\"><img loading=\"lazy\" decoding=\"async\" aria-describedby=\"caption-attachment-421\" class=\"size-full wp-image-421\" src=\"https:\/\/etab.ac-reunion.fr\/lyc-jean-joly\/wp-content\/uploads\/sites\/114\/2015\/11\/elisaB.jpg\" alt=\"carnaval lyc\u00e9e 2012\" width=\"473\" height=\"741\" srcset=\"https:\/\/etab.ac-reunion.fr\/lyc-jean-joly\/wp-content\/uploads\/sites\/114\/2015\/11\/elisaB.jpg 473w, https:\/\/etab.ac-reunion.fr\/lyc-jean-joly\/wp-content\/uploads\/sites\/114\/2015\/11\/elisaB-191x300.jpg 191w, https:\/\/etab.ac-reunion.fr\/lyc-jean-joly\/wp-content\/uploads\/sites\/114\/2015\/11\/elisaB-96x150.jpg 96w\" sizes=\"auto, (max-width: 473px) 100vw, 473px\" \/><\/a><p id=\"caption-attachment-421\" class=\"wp-caption-text\">carnaval lyc\u00e9e 2012<\/p><\/div>\n<p>Comme beaucoup d\u2019\u00e9tudiants r\u00e9unionnais, j\u2019ai fait le \u00ab choix \u00bb en 2013, apr\u00e8s mon bac, de quitter la R\u00e9union.<br \/>\nC\u2019est un demi-choix, puisque une des mati\u00e8res, que je voulais garder, n\u2019existe pas dans le sup\u00e9rieur sur l\u2019\u00eele. J\u2019ai fait mes demandes sur le post Bac et je n\u2019aurais jamais pens\u00e9 que j\u2019allais \u00eatre accept\u00e9e pour mon premier v\u0153u. Mais si on bosse, on peut avoir ce qu\u2019on souhaite : direction Lyon!<br \/>\nMoi qui avais toujours voulu partir, j\u2019ai retard\u00e9 au maximum le moment des valises. Ce n\u2019\u00e9tait pas une tr\u00e8s bonne id\u00e9e !<\/p>\n<div id=\"attachment_423\" style=\"width: 1823px\" class=\"wp-caption alignnone\"><a href=\"https:\/\/etab.ac-reunion.fr\/lyc-jean-joly\/wp-content\/uploads\/sites\/114\/2015\/11\/elisclas.jpg\"><img loading=\"lazy\" decoding=\"async\" aria-describedby=\"caption-attachment-423\" class=\"size-full wp-image-423\" src=\"https:\/\/etab.ac-reunion.fr\/lyc-jean-joly\/wp-content\/uploads\/sites\/114\/2015\/11\/elisclas.jpg\" alt=\"nos belles ann\u00e9es lyc\u00e9e\" width=\"1813\" height=\"1457\" srcset=\"https:\/\/etab.ac-reunion.fr\/lyc-jean-joly\/wp-content\/uploads\/sites\/114\/2015\/11\/elisclas.jpg 1813w, https:\/\/etab.ac-reunion.fr\/lyc-jean-joly\/wp-content\/uploads\/sites\/114\/2015\/11\/elisclas-300x241.jpg 300w, https:\/\/etab.ac-reunion.fr\/lyc-jean-joly\/wp-content\/uploads\/sites\/114\/2015\/11\/elisclas-1024x823.jpg 1024w, https:\/\/etab.ac-reunion.fr\/lyc-jean-joly\/wp-content\/uploads\/sites\/114\/2015\/11\/elisclas-187x150.jpg 187w, https:\/\/etab.ac-reunion.fr\/lyc-jean-joly\/wp-content\/uploads\/sites\/114\/2015\/11\/elisclas-150x121.jpg 150w\" sizes=\"auto, (max-width: 1813px) 100vw, 1813px\" \/><\/a><p id=\"caption-attachment-423\" class=\"wp-caption-text\">nos belles ann\u00e9es lyc\u00e9e<\/p><\/div>\n<p>Heureusement pour moi, mon p\u00e8re m\u2019a accompagn\u00e9e. Je suis all\u00e9e \u00e0 Paris (pour la 1\u00e8re fois). Oh merveille ! J\u2019\u00e9tais en vacances\u2026<br \/>\nMais la r\u00e9alit\u00e9 m\u2019a vite rattrap\u00e9e quand mon p\u00e8re est reparti\u2026 Et j\u2019ai compris que pendant un long moment j\u2019allais \u00eatre \u00ab seule \u00bb. La seule famille que j\u2019avais sur la m\u00e9tropole \u00e9tait bien loin.<br \/>\nOn se sent seul aussi parce qu\u2019on doit se d\u00e9brouiller pour tout, vraiment seul&#8230;<br \/>\nBonjour papiers \u00e0 g\u00e9rer, bonjour l\u2019appart \u00e0 am\u00e9nager, bonjour l\u2019hiver, bonjour les transports en commun, bonjour shopping (bon ok \u00e7a c\u2019est cool&#8230;)<br \/>\nAh oui, parce que je vous l\u2019ai pas dit mais il faut s\u2019\u00e9quiper, pour survivre et contre le froid. Votre compte bancaire \u00e0 ce moment-l\u00e0 descend \u00e0 la m\u00eame allure que votre moral.<br \/>\nVous subirez un choc culturel si vous \u00eates un r\u00e9unionnais \u00ab pure souche \u00bb. Apprenez \u00e0 dire au revoir aux riz et caris en tout genre. Il va falloir rep\u00e9rer l\u2019endroit qui vend des produits r\u00e9unionnais tr\u00e8s vite ! Mais on survit sans !<br \/>\nOon d\u00e9couvre la joie des p\u00e2tes, des lentilles sans riz, le fromage sous toutes ses formes, etc.<br \/>\nDes conseils : musclez-vous les bras! Vous verrez que les valises c\u2019est tr\u00e8s lourd et que porter un micro-ondes seul, c\u2019est gal\u00e8re !<br \/>\nPlus s\u00e9rieusement : organisez-vous assez t\u00f4t. Ne loupez aucune date (APB -3 \u00e9tapes-, demande de Bourse du CROUS, demande de bourse NetBourses, ou de l\u2019API et surtout prenez-vous \u00e0 l\u2019avance pour constituer votre dossier LADOM.<br \/>\nProfitez de l\u2019\u00eele : c&rsquo;est quand on s\u2019\u00e9loigne de l\u2019\u00eele qu\u2019on se rend compte \u00e0 quel point elle est belle !<br \/>\nIl en va de m\u00eame pour la famille et les amis.<br \/>\nUne fois sur place, aucune timidit\u00e9 =&gt; faites vous un max d\u2019amis et profitez de vos ann\u00e9es \u00e9tudiantes au mieux (un juste \u00e9quilibre boulot, repos, et ap\u00e9ro!)<br \/>\nDes questions sur la fac ? La pr\u00e9pa ? Lyon ? Le d\u00e9part ? N\u2019h\u00e9sitez pas, je vous r\u00e9pondrai:<br \/>\n\u00c9lisabeth D. : sisie_974@hotmail.fr<\/p>\n","protected":false},"excerpt":{"rendered":"<p>Tout quitter et partir Comme beaucoup d\u2019\u00e9tudiants r\u00e9unionnais, j\u2019ai fait le \u00ab choix \u00bb en 2013, apr\u00e8s mon bac, de quitter la R\u00e9union. C\u2019est un demi-choix, puisque une des mati\u00e8res,&#8230;<\/p>\n<p> <a class=\"continue-reading-link\" href=\"https:\/\/etab.ac-reunion.fr\/lyc-jean-joly\/ti-somin-gran-somin-2\/\"><span>Lire la suite<\/span><i class=\"crycon-right-dir\"><\/i><\/a> <\/p>\n","protected":false},"author":9512,"featured_media":0,"comment_status":"closed","ping_status":"closed","sticky":false,"template":"","format":"standard","meta":{"footnotes":""},"categories":[10],"tags":[25,24],"class_list":["post-408","post","type-post","status-publish","format-standard","hentry","category-blog-du-cdi","tag-etudiant","tag-post-bac"],"_links":{"self":[{"href":"https:\/\/etab.ac-reunion.fr\/lyc-jean-joly\/wp-json\/wp\/v2\/posts\/408","targetHints":{"allow":["GET"]}}],"collection":[{"href":"https:\/\/etab.ac-reunion.fr\/lyc-jean-joly\/wp-json\/wp\/v2\/posts"}],"about":[{"href":"https:\/\/etab.ac-reunion.fr\/lyc-jean-joly\/wp-json\/wp\/v2\/types\/post"}],"author":[{"embeddable":true,"href":"https:\/\/etab.ac-reunion.fr\/lyc-jean-joly\/wp-json\/wp\/v2\/users\/9512"}],"replies":[{"embeddable":true,"href":"https:\/\/etab.ac-reunion.fr\/lyc-jean-joly\/wp-json\/wp\/v2\/comments?post=408"}],"version-history":[{"count":5,"href":"https:\/\/etab.ac-reunion.fr\/lyc-jean-joly\/wp-json\/wp\/v2\/posts\/408\/revisions"}],"predecessor-version":[{"id":513,"href":"https:\/\/etab.ac-reunion.fr\/lyc-jean-joly\/wp-json\/wp\/v2\/posts\/408\/revisions\/513"}],"wp:attachment":[{"href":"https:\/\/etab.ac-reunion.fr\/lyc-jean-joly\/wp-json\/wp\/v2\/media?parent=408"}],"wp:term":[{"taxonomy":"category","embeddable":true,"href":"https:\/\/etab.ac-reunion.fr\/lyc-jean-joly\/wp-json\/wp\/v2\/categories?post=408"},{"taxonomy":"post_tag","embeddable":true,"href":"https:\/\/etab.ac-reunion.fr\/lyc-jean-joly\/wp-json\/wp\/v2\/tags?post=408"}],"curies":[{"name":"wp","href":"https:\/\/api.w.org\/{rel}","templated":true}]}}