{"id":4661,"date":"2021-04-02T09:17:35","date_gmt":"2021-04-02T05:17:35","guid":{"rendered":"http:\/\/lycee-jeanjoly.ac-reunion.fr\/?p=4661"},"modified":"2021-06-11T15:01:10","modified_gmt":"2021-06-11T11:01:10","slug":"la-filiere-bois-a-la-reunion","status":"publish","type":"post","link":"https:\/\/etab.ac-reunion.fr\/lyc-jean-joly\/la-filiere-bois-a-la-reunion\/","title":{"rendered":"La fili\u00e8re bois \u00e0 la R\u00e9union"},"content":{"rendered":"\n<p>Interview de Aur\u00e9lien JOUANNEAU, directeur commercial chez Fibres, Novembre 2020<\/p>\n\n\n\n<figure class=\"wp-block-video\"><video height=\"480\" style=\"aspect-ratio: 640 \/ 480;\" width=\"640\" controls src=\"https:\/\/etab.ac-reunion.fr\/lyc-jean-joly\/wp-content\/uploads\/sites\/114\/2021\/04\/La-filiere-bois-a-la-Reunion-A.-Jouanneau-2.mp4\"><\/video><\/figure>\n\n\n\n<p><\/p>\n","protected":false},"excerpt":{"rendered":"<p>Interview de Aur\u00e9lien JOUANNEAU, directeur commercial chez Fibres, Novembre 2020<\/p>\n<p> <a class=\"continue-reading-link\" href=\"https:\/\/etab.ac-reunion.fr\/lyc-jean-joly\/la-filiere-bois-a-la-reunion\/\"><span>Lire la suite<\/span><i class=\"crycon-right-dir\"><\/i><\/a> <\/p>\n","protected":false},"author":20300,"featured_media":0,"comment_status":"closed","ping_status":"closed","sticky":false,"template":"","format":"standard","meta":{"footnotes":""},"categories":[121,123,122],"tags":[110,89,114,109],"class_list":["post-4661","post","type-post","status-publish","format-standard","hentry","category-bac-pro-tcb","category-bts-drb","category-bts-scbh","tag-bacpro-tcb","tag-bois","tag-bts-drb","tag-bts-scbh"],"_links":{"self":[{"href":"https:\/\/etab.ac-reunion.fr\/lyc-jean-joly\/wp-json\/wp\/v2\/posts\/4661","targetHints":{"allow":["GET"]}}],"collection":[{"href":"https:\/\/etab.ac-reunion.fr\/lyc-jean-joly\/wp-json\/wp\/v2\/posts"}],"about":[{"href":"https:\/\/etab.ac-reunion.fr\/lyc-jean-joly\/wp-json\/wp\/v2\/types\/post"}],"author":[{"embeddable":true,"href":"https:\/\/etab.ac-reunion.fr\/lyc-jean-joly\/wp-json\/wp\/v2\/users\/20300"}],"replies":[{"embeddable":true,"href":"https:\/\/etab.ac-reunion.fr\/lyc-jean-joly\/wp-json\/wp\/v2\/comments?post=4661"}],"version-history":[{"count":4,"href":"https:\/\/etab.ac-reunion.fr\/lyc-jean-joly\/wp-json\/wp\/v2\/posts\/4661\/revisions"}],"predecessor-version":[{"id":4668,"href":"https:\/\/etab.ac-reunion.fr\/lyc-jean-joly\/wp-json\/wp\/v2\/posts\/4661\/revisions\/4668"}],"wp:attachment":[{"href":"https:\/\/etab.ac-reunion.fr\/lyc-jean-joly\/wp-json\/wp\/v2\/media?parent=4661"}],"wp:term":[{"taxonomy":"category","embeddable":true,"href":"https:\/\/etab.ac-reunion.fr\/lyc-jean-joly\/wp-json\/wp\/v2\/categories?post=4661"},{"taxonomy":"post_tag","embeddable":true,"href":"https:\/\/etab.ac-reunion.fr\/lyc-jean-joly\/wp-json\/wp\/v2\/tags?post=4661"}],"curies":[{"name":"wp","href":"https:\/\/api.w.org\/{rel}","templated":true}]}}