{"id":481,"date":"2015-11-27T07:49:38","date_gmt":"2015-11-27T06:49:38","guid":{"rendered":"http:\/\/lycee-jean-joly.ac-reunion.fr\/?p=481"},"modified":"2021-06-11T15:47:51","modified_gmt":"2021-06-11T11:47:51","slug":"journee-de-la-lutte-contre-les-violences-faites-aux-femmes","status":"publish","type":"post","link":"https:\/\/etab.ac-reunion.fr\/lyc-jean-joly\/journee-de-la-lutte-contre-les-violences-faites-aux-femmes\/","title":{"rendered":"Journ\u00e9e de la lutte contre les violences faites aux femmes"},"content":{"rendered":"<p>le jeudi 26\/11\/2015 les \u00e9l\u00e8ves de2A et 2C, avec leur enseignant et la documentaliste ont eu droit \u00e0 une s\u00e9ance \u00e0 l&rsquo;amphi pour r\u00e9fl\u00e9chir au probl\u00e8me crucial \u00e0 la R\u00e9union des violences conjugales.<\/p>\n<p><a href=\"https:\/\/etab.ac-reunion.fr\/lyc-jean-joly\/wp-content\/uploads\/sites\/114\/2015\/11\/violences-text.jpg\"><img loading=\"lazy\" decoding=\"async\" class=\"alignnone size-full wp-image-483\" src=\"https:\/\/etab.ac-reunion.fr\/lyc-jean-joly\/wp-content\/uploads\/sites\/114\/2015\/11\/violences-text.jpg\" alt=\"violences texte\" width=\"842\" height=\"1190\" srcset=\"https:\/\/etab.ac-reunion.fr\/lyc-jean-joly\/wp-content\/uploads\/sites\/114\/2015\/11\/violences-text.jpg 842w, https:\/\/etab.ac-reunion.fr\/lyc-jean-joly\/wp-content\/uploads\/sites\/114\/2015\/11\/violences-text-212x300.jpg 212w, https:\/\/etab.ac-reunion.fr\/lyc-jean-joly\/wp-content\/uploads\/sites\/114\/2015\/11\/violences-text-725x1024.jpg 725w, https:\/\/etab.ac-reunion.fr\/lyc-jean-joly\/wp-content\/uploads\/sites\/114\/2015\/11\/violences-text-106x150.jpg 106w\" sizes=\"auto, (max-width: 842px) 100vw, 842px\" \/><\/a><\/p>\n<p>La s\u00e9ance s&rsquo;est d\u00e9roul\u00e9e \u00e0 l&rsquo;aide d&rsquo;un diaporama avec les chiffres, les causes possibles et les solutions propos\u00e9es, d&rsquo;un spot d&rsquo;information, d&rsquo;extraits du film \u00ab\u00a0Les Nuits avec mon Ennemi\u00a0\u00bb<\/p>\n<p><a href=\"https:\/\/etab.ac-reunion.fr\/lyc-jean-joly\/wp-content\/uploads\/sites\/114\/2015\/11\/FEMME-2015.pdf\">FEMME 2015<\/a><\/p>\n<p>et d&rsquo;un devoir \u00e0 faire \u00e0 la maison (not\u00e9) dont les meilleurs extraits seront publi\u00e9s ici-m\u00eame!<\/p>\n","protected":false},"excerpt":{"rendered":"<p>le jeudi 26\/11\/2015 les \u00e9l\u00e8ves de2A et 2C, avec leur enseignant et la documentaliste ont eu droit \u00e0 une s\u00e9ance \u00e0 l&rsquo;amphi pour r\u00e9fl\u00e9chir au probl\u00e8me crucial \u00e0 la R\u00e9union&#8230;<\/p>\n<p> <a class=\"continue-reading-link\" href=\"https:\/\/etab.ac-reunion.fr\/lyc-jean-joly\/journee-de-la-lutte-contre-les-violences-faites-aux-femmes\/\"><span>Lire la suite<\/span><i class=\"crycon-right-dir\"><\/i><\/a> <\/p>\n","protected":false},"author":9512,"featured_media":0,"comment_status":"open","ping_status":"open","sticky":false,"template":"","format":"standard","meta":{"footnotes":""},"categories":[10],"tags":[40,39,41],"class_list":["post-481","post","type-post","status-publish","format-standard","hentry","category-blog-du-cdi","tag-feminisme","tag-sexisme","tag-violences"],"_links":{"self":[{"href":"https:\/\/etab.ac-reunion.fr\/lyc-jean-joly\/wp-json\/wp\/v2\/posts\/481","targetHints":{"allow":["GET"]}}],"collection":[{"href":"https:\/\/etab.ac-reunion.fr\/lyc-jean-joly\/wp-json\/wp\/v2\/posts"}],"about":[{"href":"https:\/\/etab.ac-reunion.fr\/lyc-jean-joly\/wp-json\/wp\/v2\/types\/post"}],"author":[{"embeddable":true,"href":"https:\/\/etab.ac-reunion.fr\/lyc-jean-joly\/wp-json\/wp\/v2\/users\/9512"}],"replies":[{"embeddable":true,"href":"https:\/\/etab.ac-reunion.fr\/lyc-jean-joly\/wp-json\/wp\/v2\/comments?post=481"}],"version-history":[{"count":2,"href":"https:\/\/etab.ac-reunion.fr\/lyc-jean-joly\/wp-json\/wp\/v2\/posts\/481\/revisions"}],"predecessor-version":[{"id":5170,"href":"https:\/\/etab.ac-reunion.fr\/lyc-jean-joly\/wp-json\/wp\/v2\/posts\/481\/revisions\/5170"}],"wp:attachment":[{"href":"https:\/\/etab.ac-reunion.fr\/lyc-jean-joly\/wp-json\/wp\/v2\/media?parent=481"}],"wp:term":[{"taxonomy":"category","embeddable":true,"href":"https:\/\/etab.ac-reunion.fr\/lyc-jean-joly\/wp-json\/wp\/v2\/categories?post=481"},{"taxonomy":"post_tag","embeddable":true,"href":"https:\/\/etab.ac-reunion.fr\/lyc-jean-joly\/wp-json\/wp\/v2\/tags?post=481"}],"curies":[{"name":"wp","href":"https:\/\/api.w.org\/{rel}","templated":true}]}}