{"id":502,"date":"2015-11-30T07:02:16","date_gmt":"2015-11-30T06:02:16","guid":{"rendered":"http:\/\/lycee-jean-joly.ac-reunion.fr\/?p=502"},"modified":"2021-06-11T15:47:06","modified_gmt":"2021-06-11T11:47:06","slug":"la-litterature-et-lamour","status":"publish","type":"post","link":"https:\/\/etab.ac-reunion.fr\/lyc-jean-joly\/la-litterature-et-lamour\/","title":{"rendered":"la litt\u00e9rature et l&rsquo;amour (d\u00e9but)"},"content":{"rendered":"<p>M. Payet Gilles et M. Cervera, avec la classe de 2D et de 2I m\u00e8nent un bien beau projet. Alanis et \u00c9lisa les ont rencontr\u00e9s:<\/p>\n<div id=\"attachment_506\" style=\"width: 1930px\" class=\"wp-caption alignnone\"><a href=\"https:\/\/etab.ac-reunion.fr\/lyc-jean-joly\/wp-content\/uploads\/sites\/114\/2015\/11\/payetclasse.jpg\"><img loading=\"lazy\" decoding=\"async\" aria-describedby=\"caption-attachment-506\" class=\"size-full wp-image-506\" src=\"https:\/\/etab.ac-reunion.fr\/lyc-jean-joly\/wp-content\/uploads\/sites\/114\/2015\/11\/payetclasse.jpg\" alt=\"d\u00e9couverte du projet avec la classe au CDI\" width=\"1920\" height=\"1080\" srcset=\"https:\/\/etab.ac-reunion.fr\/lyc-jean-joly\/wp-content\/uploads\/sites\/114\/2015\/11\/payetclasse.jpg 1920w, https:\/\/etab.ac-reunion.fr\/lyc-jean-joly\/wp-content\/uploads\/sites\/114\/2015\/11\/payetclasse-300x169.jpg 300w, https:\/\/etab.ac-reunion.fr\/lyc-jean-joly\/wp-content\/uploads\/sites\/114\/2015\/11\/payetclasse-1024x576.jpg 1024w, https:\/\/etab.ac-reunion.fr\/lyc-jean-joly\/wp-content\/uploads\/sites\/114\/2015\/11\/payetclasse-250x141.jpg 250w, https:\/\/etab.ac-reunion.fr\/lyc-jean-joly\/wp-content\/uploads\/sites\/114\/2015\/11\/payetclasse-150x84.jpg 150w, https:\/\/etab.ac-reunion.fr\/lyc-jean-joly\/wp-content\/uploads\/sites\/114\/2015\/11\/payetclasse-1200x675.jpg 1200w\" sizes=\"auto, (max-width: 1920px) 100vw, 1920px\" \/><\/a><p id=\"caption-attachment-506\" class=\"wp-caption-text\">d\u00e9couverte du projet avec la classe au CDI<\/p><\/div>\n<p>Quel est votre projet ?<br \/>\nOn fait un projet autour du th\u00e8me de la litt\u00e9rature et l\u2019amour, pour la Saint-Valentin.<\/p>\n<div id=\"attachment_509\" style=\"width: 305px\" class=\"wp-caption alignnone\"><a href=\"https:\/\/etab.ac-reunion.fr\/lyc-jean-joly\/wp-content\/uploads\/sites\/114\/2015\/11\/tristan_iseult.jpg\"><img loading=\"lazy\" decoding=\"async\" aria-describedby=\"caption-attachment-509\" class=\"size-full wp-image-509\" src=\"https:\/\/etab.ac-reunion.fr\/lyc-jean-joly\/wp-content\/uploads\/sites\/114\/2015\/11\/tristan_iseult.jpg\" alt=\"Tristan et Iseult le philtre d'amour\" width=\"295\" height=\"270\" srcset=\"https:\/\/etab.ac-reunion.fr\/lyc-jean-joly\/wp-content\/uploads\/sites\/114\/2015\/11\/tristan_iseult.jpg 295w, https:\/\/etab.ac-reunion.fr\/lyc-jean-joly\/wp-content\/uploads\/sites\/114\/2015\/11\/tristan_iseult-164x150.jpg 164w, https:\/\/etab.ac-reunion.fr\/lyc-jean-joly\/wp-content\/uploads\/sites\/114\/2015\/11\/tristan_iseult-150x137.jpg 150w\" sizes=\"auto, (max-width: 295px) 100vw, 295px\" \/><\/a><p id=\"caption-attachment-509\" class=\"wp-caption-text\">Tristan et Iseult le philtre d&rsquo;amour<\/p><\/div>\n<p>En quoi consiste-il ?<br \/>\nC\u2019est un projet assez complexe. On voudrait d\u2019abord avoir une approche litt\u00e9raire. On propose donc aux \u00e9l\u00e8ves de lire des \u0153uvres qui tournent autour du th\u00e8me de l\u2019amour. Ce sont des \u0153uvres assez connues, par exemple Rom\u00e9o et Juliette, ou parfois un peu moins connues comme L\u2019amant de Marguerite Duras. Il y a donc un premier palier qui concerne les \u0153uvres litt\u00e9raires.<\/p>\n<div id=\"attachment_508\" style=\"width: 410px\" class=\"wp-caption alignnone\"><a href=\"https:\/\/etab.ac-reunion.fr\/lyc-jean-joly\/wp-content\/uploads\/sites\/114\/2015\/11\/romeo-juliet.jpg\"><img loading=\"lazy\" decoding=\"async\" aria-describedby=\"caption-attachment-508\" class=\"size-full wp-image-508\" src=\"https:\/\/etab.ac-reunion.fr\/lyc-jean-joly\/wp-content\/uploads\/sites\/114\/2015\/11\/romeo-juliet.jpg\" alt=\"Juliette et Rom\u00e9o, les amoureux classiques\" width=\"400\" height=\"400\" srcset=\"https:\/\/etab.ac-reunion.fr\/lyc-jean-joly\/wp-content\/uploads\/sites\/114\/2015\/11\/romeo-juliet.jpg 400w, https:\/\/etab.ac-reunion.fr\/lyc-jean-joly\/wp-content\/uploads\/sites\/114\/2015\/11\/romeo-juliet-150x150.jpg 150w, https:\/\/etab.ac-reunion.fr\/lyc-jean-joly\/wp-content\/uploads\/sites\/114\/2015\/11\/romeo-juliet-300x300.jpg 300w\" sizes=\"auto, (max-width: 400px) 100vw, 400px\" \/><\/a><p id=\"caption-attachment-508\" class=\"wp-caption-text\">Juliette et Rom\u00e9o, les amoureux classiques<\/p><\/div>\n<p>Le deuxi\u00e8me palier concerne les chansons d\u2019amour. Ici, ce seront les \u00e9l\u00e8ves qui choisiront les chansons fran\u00e7aises qu\u2019ils aiment autour de ce th\u00e8me. La troisi\u00e8me et derni\u00e8re phase concerne le cin\u00e9ma.<br \/>\nVous avez parl\u00e9 d\u2019\u00e9l\u00e8ves, avec quelle classe travaillez-vous donc ? Doivent-ils travailler uniquement au lyc\u00e9e ?<br \/>\nOn travaille avec les classes de Secondes D et I. On essaie de faire en sorte que le travail se fasse au lyc\u00e9e, mais il est \u00e9vident qu\u2019il y aura des petites recherches \u00e0 faire chez soi. Cependant, ces recherches ne doivent pas \u00eatre un fardeau, on essaie de faire en sorte que les \u00e9l\u00e8ves aient du plaisir \u00e0 le faire \u00e0 travers un th\u00e8me qui leur pla\u00eet.<\/p>\n<div id=\"attachment_511\" style=\"width: 970px\" class=\"wp-caption alignnone\"><a href=\"https:\/\/etab.ac-reunion.fr\/lyc-jean-joly\/wp-content\/uploads\/sites\/114\/2015\/11\/livres-amour.jpg\"><img loading=\"lazy\" decoding=\"async\" aria-describedby=\"caption-attachment-511\" class=\"size-full wp-image-511\" src=\"https:\/\/etab.ac-reunion.fr\/lyc-jean-joly\/wp-content\/uploads\/sites\/114\/2015\/11\/livres-amour.jpg\" alt=\"livres \u00e0 lire\" width=\"960\" height=\"540\" srcset=\"https:\/\/etab.ac-reunion.fr\/lyc-jean-joly\/wp-content\/uploads\/sites\/114\/2015\/11\/livres-amour.jpg 960w, https:\/\/etab.ac-reunion.fr\/lyc-jean-joly\/wp-content\/uploads\/sites\/114\/2015\/11\/livres-amour-300x169.jpg 300w, https:\/\/etab.ac-reunion.fr\/lyc-jean-joly\/wp-content\/uploads\/sites\/114\/2015\/11\/livres-amour-250x141.jpg 250w, https:\/\/etab.ac-reunion.fr\/lyc-jean-joly\/wp-content\/uploads\/sites\/114\/2015\/11\/livres-amour-150x84.jpg 150w\" sizes=\"auto, (max-width: 960px) 100vw, 960px\" \/><\/a><p id=\"caption-attachment-511\" class=\"wp-caption-text\">livres \u00e0 lire<\/p><\/div>\n<p>Votre projet a-t-il un d\u00e9lai fixe ?<br \/>\nBien s\u00fbr. Puisque le th\u00e8me est sur l\u2019amour, le dernier jour sera le 14 f\u00e9vrier, le jour de la Saint-Valentin.<\/p>\n<div id=\"attachment_510\" style=\"width: 550px\" class=\"wp-caption alignnone\"><a href=\"https:\/\/etab.ac-reunion.fr\/lyc-jean-joly\/wp-content\/uploads\/sites\/114\/2015\/11\/cerveraclasse.jpg\"><img loading=\"lazy\" decoding=\"async\" aria-describedby=\"caption-attachment-510\" class=\"size-full wp-image-510\" src=\"https:\/\/etab.ac-reunion.fr\/lyc-jean-joly\/wp-content\/uploads\/sites\/114\/2015\/11\/cerveraclasse.jpg\" alt=\"au CDI\" width=\"540\" height=\"960\" srcset=\"https:\/\/etab.ac-reunion.fr\/lyc-jean-joly\/wp-content\/uploads\/sites\/114\/2015\/11\/cerveraclasse.jpg 540w, https:\/\/etab.ac-reunion.fr\/lyc-jean-joly\/wp-content\/uploads\/sites\/114\/2015\/11\/cerveraclasse-169x300.jpg 169w, https:\/\/etab.ac-reunion.fr\/lyc-jean-joly\/wp-content\/uploads\/sites\/114\/2015\/11\/cerveraclasse-84x150.jpg 84w\" sizes=\"auto, (max-width: 540px) 100vw, 540px\" \/><\/a><p id=\"caption-attachment-510\" class=\"wp-caption-text\">au CDI<\/p><\/div>\n<p>Qu\u2019est ce qui doit ressortir de ce travail ?<br \/>\nLes \u00e9l\u00e8ves devront mettre en place une production concr\u00e8te pour qu\u2019ils puissent l\u2019utiliser comme cadeau de Saint-Valentin. Traditionnellement, on offre une rose lors de ce fameux jour, mais l\u00e0, comme ils auront travaill\u00e9 sur le projet, ils pourront offrir \u00e0 la personne qu\u2019ils aiment quelque chose de plus travaill\u00e9. Par exemple, une lettre d\u2019amour ou un petit film.<br \/>\nCe projet fait-il partie du travail p\u00e9dagogique ?<br \/>\nOn l\u2019esp\u00e8re !<br \/>\nQu\u2019est-ce que cela apporte aux \u00e9l\u00e8ves ?<br \/>\nTout d\u2019abord, d\u2019\u00eatre confront\u00e9 \u00e0 des \u0153uvres consid\u00e9r\u00e9es comme importantes sur le th\u00e8me de l\u2019amour. Ils vont par ailleurs, apprendre \u00e0 d\u00e9couvrir des \u00e9crivains pas tr\u00e8s renomm\u00e9s.<br \/>\nQuel r\u00f4le jouez-vous en tant que professeur dans ce projet ?<br \/>\nLe r\u00f4le jou\u00e9 est double. On a d\u2019abord mis en place la structure dans laquelle les \u00e9l\u00e8ves ont travaill\u00e9. Il a fallu organiser, pr\u00e9voir, choisir, afin de cr\u00e9er le cadre. Le deuxi\u00e8me r\u00f4le est d\u2019aider les \u00e9l\u00e8ves s\u2019ils rencontrent une difficult\u00e9.<br \/>\nQu\u2019attendez-vous des \u00e9l\u00e8ves ?<br \/>\nTout d\u2019abord de la passion ! Et on l\u2019esp\u00e8re, du plaisir \u00e0 faire le travail. Au d\u00e9but, le travail sera forc\u00e9ment un peu scolaire et cadr\u00e9, puisqu\u2019ils doivent lire des \u0153uvres pr\u00e9cises. Ensuite, le travail sera un peu plus ouvert et personnel, notamment lorsqu\u2019ils devront choisir leur chanson.<br \/>\nPour conclure, aimez-vous votre projet ?<br \/>\nOui, avec passion !<\/p>\n<p>Alanis &amp; \u00c9lisa 2A<\/p>\n<p>&nbsp;<\/p>\n","protected":false},"excerpt":{"rendered":"<p>M. Payet Gilles et M. Cervera, avec la classe de 2D et de 2I m\u00e8nent un bien beau projet. Alanis et \u00c9lisa les ont rencontr\u00e9s: Quel est votre projet ?&#8230;<\/p>\n<p> <a class=\"continue-reading-link\" href=\"https:\/\/etab.ac-reunion.fr\/lyc-jean-joly\/la-litterature-et-lamour\/\"><span>Lire la suite<\/span><i class=\"crycon-right-dir\"><\/i><\/a> <\/p>\n","protected":false},"author":9512,"featured_media":0,"comment_status":"open","ping_status":"open","sticky":false,"template":"","format":"standard","meta":{"footnotes":""},"categories":[10],"tags":[37,38,64],"class_list":["post-502","post","type-post","status-publish","format-standard","hentry","category-blog-du-cdi","tag-litterature","tag-pedagogie","tag-saint-valentin"],"_links":{"self":[{"href":"https:\/\/etab.ac-reunion.fr\/lyc-jean-joly\/wp-json\/wp\/v2\/posts\/502","targetHints":{"allow":["GET"]}}],"collection":[{"href":"https:\/\/etab.ac-reunion.fr\/lyc-jean-joly\/wp-json\/wp\/v2\/posts"}],"about":[{"href":"https:\/\/etab.ac-reunion.fr\/lyc-jean-joly\/wp-json\/wp\/v2\/types\/post"}],"author":[{"embeddable":true,"href":"https:\/\/etab.ac-reunion.fr\/lyc-jean-joly\/wp-json\/wp\/v2\/users\/9512"}],"replies":[{"embeddable":true,"href":"https:\/\/etab.ac-reunion.fr\/lyc-jean-joly\/wp-json\/wp\/v2\/comments?post=502"}],"version-history":[{"count":4,"href":"https:\/\/etab.ac-reunion.fr\/lyc-jean-joly\/wp-json\/wp\/v2\/posts\/502\/revisions"}],"predecessor-version":[{"id":5168,"href":"https:\/\/etab.ac-reunion.fr\/lyc-jean-joly\/wp-json\/wp\/v2\/posts\/502\/revisions\/5168"}],"wp:attachment":[{"href":"https:\/\/etab.ac-reunion.fr\/lyc-jean-joly\/wp-json\/wp\/v2\/media?parent=502"}],"wp:term":[{"taxonomy":"category","embeddable":true,"href":"https:\/\/etab.ac-reunion.fr\/lyc-jean-joly\/wp-json\/wp\/v2\/categories?post=502"},{"taxonomy":"post_tag","embeddable":true,"href":"https:\/\/etab.ac-reunion.fr\/lyc-jean-joly\/wp-json\/wp\/v2\/tags?post=502"}],"curies":[{"name":"wp","href":"https:\/\/api.w.org\/{rel}","templated":true}]}}