{"id":5310,"date":"2018-05-21T21:46:00","date_gmt":"2018-05-21T17:46:00","guid":{"rendered":"http:\/\/lycee-jeanjoly.ac-reunion.fr\/?p=5310"},"modified":"2021-06-21T21:49:38","modified_gmt":"2021-06-21T17:49:38","slug":"peur-de-vous","status":"publish","type":"post","link":"https:\/\/etab.ac-reunion.fr\/lyc-jean-joly\/peur-de-vous\/","title":{"rendered":"PEUR DE VOUS"},"content":{"rendered":"\n<p>Du 30 mai au 06 juin 2018, la Saga accueille l\u2019exposition \u00ab\u00a0Peur de vous\u00a0\u00bb, restitution d\u2019une r\u00e9sidence artistique en territoire scolaire. <a href=\"https:\/\/etab.ac-reunion.fr\/lyc-jean-joly\/wp-content\/uploads\/sites\/114\/2018\/05\/dossier_presse_peur_de_vous-2.pdf\">dossier_presse_peur_de_vous-2<\/a><\/p>\n\n\n\n<p>Ce projet \u00ab&nbsp;Art et Technologie&nbsp;\u00bb r\u00e9alis\u00e9, avec le soutien de la Direction des Affaires Culturelles Oc\u00e9an Indien, s\u2019est d\u00e9roul\u00e9 au lyc\u00e9e Jean Joly de la Rivi\u00e8re Saint-Louis, connu notamment pour ses fili\u00e8res\u00ab&nbsp;Arts et Bois&nbsp;\u00bb.<br>Cette r\u00e9sidence d\u2019artiste qui a vu le jour en juillet 2017 avait pour objectif la construction d\u2019une maquette d\u2019immeuble, pi\u00e8ce ma\u00eetresse d\u2019une exposition personnelle, sur laquelle <strong>Elodie Teyssier, artiste dipl\u00f4m\u00e9e de l\u2019Ecole Sup\u00e9rieure d\u2019Art de la R\u00e9union,<\/strong>a travaill\u00e9 en \u00e9troite collaboration avec les professeurs, les \u00e9l\u00e8ves de premi\u00e8re scientifique Sciences de l\u2019Ing\u00e9nieur et les \u00e9tudiants de BTS.<\/p>\n\n\n\n<p>La maquette repr\u00e9sente un voyage dans l\u2019inconscient&nbsp;: c\u2019est un immeuble miniature sur trois niveaux, dans lequel \u00e9voluent des personnages en papier. A travers les fen\u00eatres nous pourrons d\u00e9couvrir des effets de lumi\u00e8re, des fumig\u00e8nes, des socles tournants, le tout anim\u00e9 par des circuits \u00e9lectroniques et servo-moteurs.<\/p>\n\n\n\n<p>Les objectifs de ce projet et de cette r\u00e9sidence d\u2019artiste sont d\u2019une part de permettre aux \u00e9l\u00e8ves de valoriser leur travail, de <strong>s\u2019int\u00e9resser \u00e0 l\u2019art et d\u2019apporter un savoir faire technologique au projet artistique<\/strong>. D\u2019autre part, cela montre l\u2019implication des jeunes dans ce domaine et leur donne l\u2019opportunit\u00e9 de sensibiliser le public \u00e0 l\u2019art contemporain.Les \u00e9tudiants pourront s\u2019appuyer sur ce projet pour poursuivre leurs \u00e9tudes dans un domaine reliant art et technologie.<\/p>\n\n\n\n<p><strong>A d\u00e9couvrir \u00e0 la Saga du 30 mai au 06 juin<\/strong><br><strong>Acc\u00e8s gratuit<\/strong><br>Lundi-Mercredi 10h-17h<br>Mardi 10h-12h\/13h-17h<br>Jeudi 10h-12h\/13h-16h<br>Vendredi 10h-16h<\/p>\n\n\n\n<div class=\"wp-block-image\"><figure class=\"aligncenter\"><a href=\"https:\/\/etab.ac-reunion.fr\/lyc-jean-joly\/wp-content\/uploads\/sites\/114\/2018\/05\/AFFICHEEXPO-PROP11.jpg\"><img loading=\"lazy\" decoding=\"async\" width=\"212\" height=\"300\" src=\"https:\/\/etab.ac-reunion.fr\/lyc-jean-joly\/wp-content\/uploads\/sites\/114\/2018\/05\/AFFICHEEXPO-PROP11-212x300.jpg\" alt=\"\" class=\"wp-image-2582\" srcset=\"https:\/\/etab.ac-reunion.fr\/lyc-jean-joly\/wp-content\/uploads\/sites\/114\/2018\/05\/AFFICHEEXPO-PROP11-212x300.jpg 212w, https:\/\/etab.ac-reunion.fr\/lyc-jean-joly\/wp-content\/uploads\/sites\/114\/2018\/05\/AFFICHEEXPO-PROP11-724x1024.jpg 724w, https:\/\/etab.ac-reunion.fr\/lyc-jean-joly\/wp-content\/uploads\/sites\/114\/2018\/05\/AFFICHEEXPO-PROP11-106x150.jpg 106w, https:\/\/etab.ac-reunion.fr\/lyc-jean-joly\/wp-content\/uploads\/sites\/114\/2018\/05\/AFFICHEEXPO-PROP11-1200x1697.jpg 1200w\" sizes=\"auto, (max-width: 212px) 100vw, 212px\" \/><\/a><\/figure><\/div>\n","protected":false},"excerpt":{"rendered":"<p>Du 30 mai au 06 juin 2018, la Saga accueille l\u2019exposition \u00ab\u00a0Peur de vous\u00a0\u00bb, restitution d\u2019une r\u00e9sidence artistique en territoire scolaire. dossier_presse_peur_de_vous-2 Ce projet \u00ab&nbsp;Art et Technologie&nbsp;\u00bb r\u00e9alis\u00e9, avec le&#8230;<\/p>\n<p> <a class=\"continue-reading-link\" href=\"https:\/\/etab.ac-reunion.fr\/lyc-jean-joly\/peur-de-vous\/\"><span>Lire la suite<\/span><i class=\"crycon-right-dir\"><\/i><\/a> <\/p>\n","protected":false},"author":20300,"featured_media":2582,"comment_status":"closed","ping_status":"closed","sticky":false,"template":"","format":"standard","meta":{"footnotes":""},"categories":[117,18],"tags":[],"class_list":["post-5310","post","type-post","status-publish","format-standard","has-post-thumbnail","hentry","category-arts-plastiques","category-vie-culturelle"],"_links":{"self":[{"href":"https:\/\/etab.ac-reunion.fr\/lyc-jean-joly\/wp-json\/wp\/v2\/posts\/5310","targetHints":{"allow":["GET"]}}],"collection":[{"href":"https:\/\/etab.ac-reunion.fr\/lyc-jean-joly\/wp-json\/wp\/v2\/posts"}],"about":[{"href":"https:\/\/etab.ac-reunion.fr\/lyc-jean-joly\/wp-json\/wp\/v2\/types\/post"}],"author":[{"embeddable":true,"href":"https:\/\/etab.ac-reunion.fr\/lyc-jean-joly\/wp-json\/wp\/v2\/users\/20300"}],"replies":[{"embeddable":true,"href":"https:\/\/etab.ac-reunion.fr\/lyc-jean-joly\/wp-json\/wp\/v2\/comments?post=5310"}],"version-history":[{"count":1,"href":"https:\/\/etab.ac-reunion.fr\/lyc-jean-joly\/wp-json\/wp\/v2\/posts\/5310\/revisions"}],"predecessor-version":[{"id":5312,"href":"https:\/\/etab.ac-reunion.fr\/lyc-jean-joly\/wp-json\/wp\/v2\/posts\/5310\/revisions\/5312"}],"wp:featuredmedia":[{"embeddable":true,"href":"https:\/\/etab.ac-reunion.fr\/lyc-jean-joly\/wp-json\/wp\/v2\/media\/2582"}],"wp:attachment":[{"href":"https:\/\/etab.ac-reunion.fr\/lyc-jean-joly\/wp-json\/wp\/v2\/media?parent=5310"}],"wp:term":[{"taxonomy":"category","embeddable":true,"href":"https:\/\/etab.ac-reunion.fr\/lyc-jean-joly\/wp-json\/wp\/v2\/categories?post=5310"},{"taxonomy":"post_tag","embeddable":true,"href":"https:\/\/etab.ac-reunion.fr\/lyc-jean-joly\/wp-json\/wp\/v2\/tags?post=5310"}],"curies":[{"name":"wp","href":"https:\/\/api.w.org\/{rel}","templated":true}]}}