{"id":5561,"date":"2021-09-22T15:09:10","date_gmt":"2021-09-22T11:09:10","guid":{"rendered":"http:\/\/lycee-jeanjoly.ac-reunion.fr\/?p=5561"},"modified":"2021-09-22T15:12:35","modified_gmt":"2021-09-22T11:12:35","slug":"exposition-au-cdi-leconomie-sociale-et-solidaire-kessaco-du-20-septembre-au-01-octobre-2021","status":"publish","type":"post","link":"https:\/\/etab.ac-reunion.fr\/lyc-jean-joly\/exposition-au-cdi-leconomie-sociale-et-solidaire-kessaco-du-20-septembre-au-01-octobre-2021\/","title":{"rendered":"EXPOSITION AU CDI : L&rsquo;ECONOMIE SOCIALE ET SOLIDAIRE, KESSACO ? DU 20 SEPTEMBRE AU 01 OCTOBRE 2021"},"content":{"rendered":"\n<p><\/p>\n\n\n\n<div class=\"wp-block-image is-style-default\"><figure class=\"aligncenter size-full\"><img loading=\"lazy\" decoding=\"async\" width=\"780\" height=\"544\" src=\"https:\/\/etab.ac-reunion.fr\/lyc-jean-joly\/wp-content\/uploads\/sites\/114\/2021\/09\/image-expo-ESS-1.jpg\" alt=\"\" class=\"wp-image-5563\" srcset=\"https:\/\/etab.ac-reunion.fr\/lyc-jean-joly\/wp-content\/uploads\/sites\/114\/2021\/09\/image-expo-ESS-1.jpg 780w, https:\/\/etab.ac-reunion.fr\/lyc-jean-joly\/wp-content\/uploads\/sites\/114\/2021\/09\/image-expo-ESS-1-300x209.jpg 300w, https:\/\/etab.ac-reunion.fr\/lyc-jean-joly\/wp-content\/uploads\/sites\/114\/2021\/09\/image-expo-ESS-1-150x105.jpg 150w\" sizes=\"auto, (max-width: 780px) 100vw, 780px\" \/><\/figure><\/div>\n\n\n\n<p><\/p>\n\n\n\n<p><strong>Exposition p\u00e9dagogique con\u00e7ue et produite par <\/strong><strong>la MGEN<\/strong><strong> (<\/strong><strong>Mutuelle G\u00e9n\u00e9rale de l\u2019\u00c9ducation Nationale<\/strong> ).<\/p>\n\n\n\n<p>Elle est compos\u00e9e de <strong>9 kak\u00e9monos<\/strong> et pr\u00e9sente le mod\u00e8le de l\u2019\u00c9conomie Sociale et Solidaire, ses valeurs, ses structures, son organisation.<\/p>\n\n\n\n<p>Elle aborde \u00e9galement les sujets du d\u00e9veloppement durable, de l\u2019\u00e9conomie circulaire et du financement solidaire.<\/p>\n\n\n\n<p>Un livret p\u00e9dagogique a \u00e9t\u00e9 construit pour exploiter cette exposition avec les \u00e9l\u00e8ves.<\/p>\n\n\n\n<p>Pour visualiser le pdf de l\u2019exposition :&nbsp;<a href=\"https:\/\/ressourcess.fr\/wp-content\/uploads\/2020\/09\/exposition-kessaco.pdf\" target=\"_blank\" rel=\"noreferrer noopener\"><strong>Exposition KESSACO<\/strong><\/a><\/p>\n\n\n\n<p>Ici pour t\u00e9l\u00e9chargez le livret p\u00e9dagogique :&nbsp;<a href=\"https:\/\/ressourcess.fr\/wp-content\/uploads\/2020\/09\/livret-pedagogique-kessaco.pdf\" target=\"_blank\" rel=\"noreferrer noopener\"><strong>Livret pedagogique KESSACO<\/strong><\/a><\/p>\n","protected":false},"excerpt":{"rendered":"<p>Exposition p\u00e9dagogique con\u00e7ue et produite par la MGEN (Mutuelle G\u00e9n\u00e9rale de l\u2019\u00c9ducation Nationale ). Elle est compos\u00e9e de 9 kak\u00e9monos et pr\u00e9sente le mod\u00e8le de l\u2019\u00c9conomie Sociale et Solidaire, ses&#8230;<\/p>\n<p> <a class=\"continue-reading-link\" href=\"https:\/\/etab.ac-reunion.fr\/lyc-jean-joly\/exposition-au-cdi-leconomie-sociale-et-solidaire-kessaco-du-20-septembre-au-01-octobre-2021\/\"><span>Lire la suite<\/span><i class=\"crycon-right-dir\"><\/i><\/a> <\/p>\n","protected":false},"author":28761,"featured_media":5563,"comment_status":"closed","ping_status":"closed","sticky":false,"template":"","format":"standard","meta":{"footnotes":""},"categories":[15,18],"tags":[],"class_list":["post-5561","post","type-post","status-publish","format-standard","has-post-thumbnail","hentry","category-actualite","category-vie-culturelle"],"_links":{"self":[{"href":"https:\/\/etab.ac-reunion.fr\/lyc-jean-joly\/wp-json\/wp\/v2\/posts\/5561","targetHints":{"allow":["GET"]}}],"collection":[{"href":"https:\/\/etab.ac-reunion.fr\/lyc-jean-joly\/wp-json\/wp\/v2\/posts"}],"about":[{"href":"https:\/\/etab.ac-reunion.fr\/lyc-jean-joly\/wp-json\/wp\/v2\/types\/post"}],"author":[{"embeddable":true,"href":"https:\/\/etab.ac-reunion.fr\/lyc-jean-joly\/wp-json\/wp\/v2\/users\/28761"}],"replies":[{"embeddable":true,"href":"https:\/\/etab.ac-reunion.fr\/lyc-jean-joly\/wp-json\/wp\/v2\/comments?post=5561"}],"version-history":[{"count":5,"href":"https:\/\/etab.ac-reunion.fr\/lyc-jean-joly\/wp-json\/wp\/v2\/posts\/5561\/revisions"}],"predecessor-version":[{"id":5568,"href":"https:\/\/etab.ac-reunion.fr\/lyc-jean-joly\/wp-json\/wp\/v2\/posts\/5561\/revisions\/5568"}],"wp:featuredmedia":[{"embeddable":true,"href":"https:\/\/etab.ac-reunion.fr\/lyc-jean-joly\/wp-json\/wp\/v2\/media\/5563"}],"wp:attachment":[{"href":"https:\/\/etab.ac-reunion.fr\/lyc-jean-joly\/wp-json\/wp\/v2\/media?parent=5561"}],"wp:term":[{"taxonomy":"category","embeddable":true,"href":"https:\/\/etab.ac-reunion.fr\/lyc-jean-joly\/wp-json\/wp\/v2\/categories?post=5561"},{"taxonomy":"post_tag","embeddable":true,"href":"https:\/\/etab.ac-reunion.fr\/lyc-jean-joly\/wp-json\/wp\/v2\/tags?post=5561"}],"curies":[{"name":"wp","href":"https:\/\/api.w.org\/{rel}","templated":true}]}}