{"id":5613,"date":"2021-11-09T17:27:00","date_gmt":"2021-11-09T13:27:00","guid":{"rendered":"http:\/\/lycee-jeanjoly.ac-reunion.fr\/?p=5613"},"modified":"2021-11-10T08:28:50","modified_gmt":"2021-11-10T04:28:50","slug":"semaine-europeenne-du-sport","status":"publish","type":"post","link":"https:\/\/etab.ac-reunion.fr\/lyc-jean-joly\/semaine-europeenne-du-sport\/","title":{"rendered":"Semaine europ\u00e9enne du sport"},"content":{"rendered":"\n<p>Le lyc\u00e9e Jean Joly a \u00e0 c\u0153ur d&rsquo;am\u00e9liorer le bien-\u00eatre des \u00e9l\u00e8ves \/ \u00e9tudiants dans l&rsquo;\u00e9tablissement et la pratique sportive ne peut qu&rsquo;\u00eatre fortement encourag\u00e9e.<\/p>\n\n\n\n<p>Cet \u00e9v\u00e8nement a pour but d&rsquo;encourager les europ\u00e9ens, \u00e0 pratiquer une activit\u00e9 sportive quel que soit leur \u00e2ge, formation ou niveau physique. Aujourd&rsquo;hui, seuls 41% des europ\u00e9ens pratiquent un sport r\u00e9guli\u00e8rement.<\/p>\n\n\n\n<p>Le projet<span class=\"has-inline-color has-vivid-red-color\"> <strong>Erasmus+<\/strong><\/span> <strong>Healthy Mind, Healthy Learner,<\/strong> dont nous sommes l&rsquo;\u00e9tablissement coordonnateur, entre dans cette m\u00eame dynamique.<\/p>\n\n\n\n<p>Un esprit sain dans un corps sain, c&rsquo;est ce que nous souhaitons \u00e0 chacun d&rsquo;entre vous.<\/p>\n\n\n\n<p>Gr\u00e2ce \u00e0 la collaboration du Service des Sports de la Mairie de Saint Louis, nos \u00e9l\u00e8ves et \u00e9tudiants ont pu participer activement \u00e0 cette Semaine Europ\u00e9enne du Sport du 23&nbsp;au 30 septembre 2021.<\/p>\n\n\n\n<p><span class=\"has-inline-color has-vivid-green-cyan-color\">Un total de 470 \u00e9l\u00e8ves ont d\u00e9couvert de <strong>nouvelles activit\u00e9s<\/strong> propos\u00e9es par les encadrants du Service des Sports :<\/span><\/p>\n\n\n\n<div class=\"wp-block-columns is-layout-flex wp-container-core-columns-is-layout-9d6595d7 wp-block-columns-is-layout-flex\">\n<div class=\"wp-block-column is-layout-flow wp-block-column-is-layout-flow\" style=\"flex-basis:100%\">\n<div class=\"wp-block-columns is-layout-flex wp-container-core-columns-is-layout-9d6595d7 wp-block-columns-is-layout-flex\">\n<div class=\"wp-block-column is-vertically-aligned-center is-layout-flow wp-block-column-is-layout-flow\" style=\"flex-basis:33.33%\">\n<p> <li><span class=\"has-inline-color has-vivid-cyan-blue-color\"><strong>TCHUKBALL<\/strong><\/span><\/li> <\/p>\n<\/div>\n\n\n\n<div class=\"wp-block-column is-layout-flow wp-block-column-is-layout-flow\"><\/div>\n\n\n\n<div class=\"wp-block-column is-layout-flow wp-block-column-is-layout-flow\" style=\"flex-basis:66.66%\">\n<figure class=\"wp-block-image size-full\"><img loading=\"lazy\" decoding=\"async\" width=\"683\" height=\"440\" src=\"https:\/\/etab.ac-reunion.fr\/lyc-jean-joly\/wp-content\/uploads\/sites\/114\/2021\/11\/European-sport-week-photo-1.png\" alt=\"\" class=\"wp-image-5618\" srcset=\"https:\/\/etab.ac-reunion.fr\/lyc-jean-joly\/wp-content\/uploads\/sites\/114\/2021\/11\/European-sport-week-photo-1.png 683w, https:\/\/etab.ac-reunion.fr\/lyc-jean-joly\/wp-content\/uploads\/sites\/114\/2021\/11\/European-sport-week-photo-1-300x193.png 300w, https:\/\/etab.ac-reunion.fr\/lyc-jean-joly\/wp-content\/uploads\/sites\/114\/2021\/11\/European-sport-week-photo-1-150x97.png 150w\" sizes=\"auto, (max-width: 683px) 100vw, 683px\" \/><\/figure>\n\n\n\n<figure class=\"wp-block-image size-full is-resized\"><img loading=\"lazy\" decoding=\"async\" src=\"https:\/\/etab.ac-reunion.fr\/lyc-jean-joly\/wp-content\/uploads\/sites\/114\/2021\/11\/European-sport-week-photo-2.png\" alt=\"\" class=\"wp-image-5619\" width=\"518\" height=\"517\" srcset=\"https:\/\/etab.ac-reunion.fr\/lyc-jean-joly\/wp-content\/uploads\/sites\/114\/2021\/11\/European-sport-week-photo-2.png 328w, https:\/\/etab.ac-reunion.fr\/lyc-jean-joly\/wp-content\/uploads\/sites\/114\/2021\/11\/European-sport-week-photo-2-300x300.png 300w, https:\/\/etab.ac-reunion.fr\/lyc-jean-joly\/wp-content\/uploads\/sites\/114\/2021\/11\/European-sport-week-photo-2-150x150.png 150w\" sizes=\"auto, (max-width: 518px) 100vw, 518px\" \/><\/figure>\n<\/div>\n<\/div>\n<\/div>\n<\/div>\n\n\n\n<div class=\"wp-block-columns is-layout-flex wp-container-core-columns-is-layout-9d6595d7 wp-block-columns-is-layout-flex\">\n<div class=\"wp-block-column is-vertically-aligned-center is-layout-flow wp-block-column-is-layout-flow\" style=\"flex-basis:33.33%\">\n<p> <li><strong><span class=\"has-inline-color has-vivid-cyan-blue-color\">PARACHUTE<\/span><\/strong><\/li> <\/p>\n<\/div>\n\n\n\n<div class=\"wp-block-column is-layout-flow wp-block-column-is-layout-flow\" style=\"flex-basis:66.66%\">\n<div class=\"wp-block-image\"><figure class=\"aligncenter size-full is-resized\"><img loading=\"lazy\" decoding=\"async\" src=\"https:\/\/etab.ac-reunion.fr\/lyc-jean-joly\/wp-content\/uploads\/sites\/114\/2021\/11\/European-sport-week-photo-4.png\" alt=\"\" class=\"wp-image-5620\" width=\"536\" height=\"317\" srcset=\"https:\/\/etab.ac-reunion.fr\/lyc-jean-joly\/wp-content\/uploads\/sites\/114\/2021\/11\/European-sport-week-photo-4.png 786w, https:\/\/etab.ac-reunion.fr\/lyc-jean-joly\/wp-content\/uploads\/sites\/114\/2021\/11\/European-sport-week-photo-4-300x178.png 300w, https:\/\/etab.ac-reunion.fr\/lyc-jean-joly\/wp-content\/uploads\/sites\/114\/2021\/11\/European-sport-week-photo-4-150x89.png 150w\" sizes=\"auto, (max-width: 536px) 100vw, 536px\" \/><\/figure><\/div>\n<\/div>\n<\/div>\n\n\n\n<div class=\"wp-block-columns is-layout-flex wp-container-core-columns-is-layout-9d6595d7 wp-block-columns-is-layout-flex\">\n<div class=\"wp-block-column is-vertically-aligned-center is-layout-flow wp-block-column-is-layout-flow\" style=\"flex-basis:33.33%\">\n<p> <li><span class=\"has-inline-color has-vivid-cyan-blue-color\"><strong>FUTSAL<\/strong><\/span><\/li> <\/p>\n<\/div>\n\n\n\n<div class=\"wp-block-column is-layout-flow wp-block-column-is-layout-flow\" style=\"flex-basis:66.66%\">\n<figure class=\"wp-block-image size-full is-resized\"><img loading=\"lazy\" decoding=\"async\" src=\"https:\/\/etab.ac-reunion.fr\/lyc-jean-joly\/wp-content\/uploads\/sites\/114\/2021\/11\/European-sport-week-photo-3.png\" alt=\"\" class=\"wp-image-5621\" width=\"539\" height=\"453\" srcset=\"https:\/\/etab.ac-reunion.fr\/lyc-jean-joly\/wp-content\/uploads\/sites\/114\/2021\/11\/European-sport-week-photo-3.png 394w, https:\/\/etab.ac-reunion.fr\/lyc-jean-joly\/wp-content\/uploads\/sites\/114\/2021\/11\/European-sport-week-photo-3-300x252.png 300w, https:\/\/etab.ac-reunion.fr\/lyc-jean-joly\/wp-content\/uploads\/sites\/114\/2021\/11\/European-sport-week-photo-3-150x126.png 150w\" sizes=\"auto, (max-width: 539px) 100vw, 539px\" \/><\/figure>\n<\/div>\n<\/div>\n\n\n\n<p>Le rendez-vous est pris pour l\u2019ann\u00e9e prochaine et VIVE LE SPORT !<\/p>\n\n\n\n<p><\/p>\n\n\n\n<p>Isabelle LEBRETON<\/p>\n\n\n\n<p>Professeure r\u00e9f\u00e9rente du projet<\/p>\n","protected":false},"excerpt":{"rendered":"<p>Le lyc\u00e9e Jean Joly a \u00e0 c\u0153ur d&rsquo;am\u00e9liorer le bien-\u00eatre des \u00e9l\u00e8ves \/ \u00e9tudiants dans l&rsquo;\u00e9tablissement et la pratique sportive ne peut qu&rsquo;\u00eatre fortement encourag\u00e9e. Cet \u00e9v\u00e8nement a pour but&#8230;<\/p>\n<p> <a class=\"continue-reading-link\" href=\"https:\/\/etab.ac-reunion.fr\/lyc-jean-joly\/semaine-europeenne-du-sport\/\"><span>Lire la suite<\/span><i class=\"crycon-right-dir\"><\/i><\/a> <\/p>\n","protected":false},"author":9514,"featured_media":5614,"comment_status":"closed","ping_status":"closed","sticky":false,"template":"","format":"standard","meta":{"footnotes":""},"categories":[1,19],"tags":[],"class_list":["post-5613","post","type-post","status-publish","format-standard","has-post-thumbnail","hentry","category-non-classe","category-vie-etablissement"],"_links":{"self":[{"href":"https:\/\/etab.ac-reunion.fr\/lyc-jean-joly\/wp-json\/wp\/v2\/posts\/5613","targetHints":{"allow":["GET"]}}],"collection":[{"href":"https:\/\/etab.ac-reunion.fr\/lyc-jean-joly\/wp-json\/wp\/v2\/posts"}],"about":[{"href":"https:\/\/etab.ac-reunion.fr\/lyc-jean-joly\/wp-json\/wp\/v2\/types\/post"}],"author":[{"embeddable":true,"href":"https:\/\/etab.ac-reunion.fr\/lyc-jean-joly\/wp-json\/wp\/v2\/users\/9514"}],"replies":[{"embeddable":true,"href":"https:\/\/etab.ac-reunion.fr\/lyc-jean-joly\/wp-json\/wp\/v2\/comments?post=5613"}],"version-history":[{"count":6,"href":"https:\/\/etab.ac-reunion.fr\/lyc-jean-joly\/wp-json\/wp\/v2\/posts\/5613\/revisions"}],"predecessor-version":[{"id":5624,"href":"https:\/\/etab.ac-reunion.fr\/lyc-jean-joly\/wp-json\/wp\/v2\/posts\/5613\/revisions\/5624"}],"wp:featuredmedia":[{"embeddable":true,"href":"https:\/\/etab.ac-reunion.fr\/lyc-jean-joly\/wp-json\/wp\/v2\/media\/5614"}],"wp:attachment":[{"href":"https:\/\/etab.ac-reunion.fr\/lyc-jean-joly\/wp-json\/wp\/v2\/media?parent=5613"}],"wp:term":[{"taxonomy":"category","embeddable":true,"href":"https:\/\/etab.ac-reunion.fr\/lyc-jean-joly\/wp-json\/wp\/v2\/categories?post=5613"},{"taxonomy":"post_tag","embeddable":true,"href":"https:\/\/etab.ac-reunion.fr\/lyc-jean-joly\/wp-json\/wp\/v2\/tags?post=5613"}],"curies":[{"name":"wp","href":"https:\/\/api.w.org\/{rel}","templated":true}]}}