{"id":7608,"date":"2024-06-04T10:53:37","date_gmt":"2024-06-04T06:53:37","guid":{"rendered":"https:\/\/etab.ac-reunion.fr\/lyc-jean-joly\/?p=7608"},"modified":"2024-06-04T10:53:37","modified_gmt":"2024-06-04T06:53:37","slug":"le-theatre-oblique-en-tournee-au-lycee-pour-un-spectacle-vivant","status":"publish","type":"post","link":"https:\/\/etab.ac-reunion.fr\/lyc-jean-joly\/le-theatre-oblique-en-tournee-au-lycee-pour-un-spectacle-vivant\/","title":{"rendered":"Le th\u00e9\u00e2tre Oblique en tourn\u00e9e au lyc\u00e9e pour un spectacle vivant."},"content":{"rendered":"\n<p>Le vendredi 10 novembre 2023, le th\u00e9\u00e2tre Oblique \u00e9tait pr\u00e9sent au lyc\u00e9e.<\/p>\n\n\n\n<p>Les \u00e9l\u00e8ves de la TG5 et de la TG2 ont assist\u00e9 au spectacle de \u00ab&nbsp;L&rsquo;HOMMEpoubelle&nbsp;\u00bb.<\/p>\n\n\n\n<p>Ce spectacle traite du sujet de l&rsquo;environnement. Les \u00e9tudiants ont pos\u00e9 des questions sur leurs habitudes de consommation et sur les cons\u00e9quences de celles-ci sur l&rsquo;\u00e9cosyst\u00e8me. Apr\u00e8s la repr\u00e9sentation, les \u00e9tudiants ont \u00e9labor\u00e9 des id\u00e9es pour des solutions efficaces et imm\u00e9diates afin de diminuer la pollution. Un atelier pratique, festif et gourmand a suivi le spectacle, o\u00f9 les \u00e9l\u00e8ves ont cr\u00e9\u00e9 des bougies naturelles et savour\u00e9 de la glace \u00e0 la banane bio.<\/p>\n\n\n<div class=\"wp-block-image\">\n<figure class=\"aligncenter size-large\"><img loading=\"lazy\" decoding=\"async\" width=\"1024\" height=\"498\" src=\"https:\/\/etab.ac-reunion.fr\/lyc-jean-joly\/wp-content\/uploads\/sites\/114\/2024\/06\/spectacle_-lhomme-poubelle-1024x498.jpg\" alt=\"\" class=\"wp-image-7609\" srcset=\"https:\/\/etab.ac-reunion.fr\/lyc-jean-joly\/wp-content\/uploads\/sites\/114\/2024\/06\/spectacle_-lhomme-poubelle-1024x498.jpg 1024w, https:\/\/etab.ac-reunion.fr\/lyc-jean-joly\/wp-content\/uploads\/sites\/114\/2024\/06\/spectacle_-lhomme-poubelle-300x146.jpg 300w, https:\/\/etab.ac-reunion.fr\/lyc-jean-joly\/wp-content\/uploads\/sites\/114\/2024\/06\/spectacle_-lhomme-poubelle-1536x747.jpg 1536w, https:\/\/etab.ac-reunion.fr\/lyc-jean-joly\/wp-content\/uploads\/sites\/114\/2024\/06\/spectacle_-lhomme-poubelle-2048x996.jpg 2048w, https:\/\/etab.ac-reunion.fr\/lyc-jean-joly\/wp-content\/uploads\/sites\/114\/2024\/06\/spectacle_-lhomme-poubelle-150x73.jpg 150w\" sizes=\"auto, (max-width: 1024px) 100vw, 1024px\" \/><\/figure>\n<\/div>\n\n\n<p>De leur c\u00f4t\u00e9, les \u00e9l\u00e8ves de la classe de PG4 ont particip\u00e9 au spectacle intitul\u00e9 \u00ab WALDpost \u00bb.<\/p>\n\n\n\n<p>Dans la salle de permanence, un facteur \u00e0 v\u00e9lo entre pour distribuer le courrier. Quelques secondes plus tard, la sacoche arri\u00e8re du v\u00e9lo s&rsquo;ouvre et le spectacle d&rsquo;images et d&rsquo;objets commence&#8230;<\/p>\n\n\n\n<p>Cette pi\u00e8ce traite de la lecture et de l&rsquo;\u00e9criture et remet en question les pratiques de l&rsquo;oralit\u00e9.<\/p>\n\n\n\n<figure class=\"wp-block-image size-large\"><img loading=\"lazy\" decoding=\"async\" width=\"1024\" height=\"498\" src=\"https:\/\/etab.ac-reunion.fr\/lyc-jean-joly\/wp-content\/uploads\/sites\/114\/2024\/06\/spectacle_-WALDpost-1024x498.jpg\" alt=\"\" class=\"wp-image-7610\" srcset=\"https:\/\/etab.ac-reunion.fr\/lyc-jean-joly\/wp-content\/uploads\/sites\/114\/2024\/06\/spectacle_-WALDpost-1024x498.jpg 1024w, https:\/\/etab.ac-reunion.fr\/lyc-jean-joly\/wp-content\/uploads\/sites\/114\/2024\/06\/spectacle_-WALDpost-300x146.jpg 300w, https:\/\/etab.ac-reunion.fr\/lyc-jean-joly\/wp-content\/uploads\/sites\/114\/2024\/06\/spectacle_-WALDpost-1536x747.jpg 1536w, https:\/\/etab.ac-reunion.fr\/lyc-jean-joly\/wp-content\/uploads\/sites\/114\/2024\/06\/spectacle_-WALDpost-2048x996.jpg 2048w, https:\/\/etab.ac-reunion.fr\/lyc-jean-joly\/wp-content\/uploads\/sites\/114\/2024\/06\/spectacle_-WALDpost-150x73.jpg 150w\" sizes=\"auto, (max-width: 1024px) 100vw, 1024px\" \/><\/figure>\n","protected":false},"excerpt":{"rendered":"<p>Le vendredi 10 novembre 2023, le th\u00e9\u00e2tre Oblique \u00e9tait pr\u00e9sent au lyc\u00e9e. Les \u00e9l\u00e8ves de la TG5 et de la TG2 ont assist\u00e9 au spectacle de \u00ab&nbsp;L&rsquo;HOMMEpoubelle&nbsp;\u00bb. Ce spectacle traite&#8230;<\/p>\n<p> <a class=\"continue-reading-link\" href=\"https:\/\/etab.ac-reunion.fr\/lyc-jean-joly\/le-theatre-oblique-en-tournee-au-lycee-pour-un-spectacle-vivant\/\"><span>Lire la suite<\/span><i class=\"crycon-right-dir\"><\/i><\/a> <\/p>\n","protected":false},"author":28761,"featured_media":7612,"comment_status":"closed","ping_status":"closed","sticky":false,"template":"","format":"standard","meta":{"footnotes":""},"categories":[15,18],"tags":[],"class_list":["post-7608","post","type-post","status-publish","format-standard","has-post-thumbnail","hentry","category-actualite","category-vie-culturelle"],"_links":{"self":[{"href":"https:\/\/etab.ac-reunion.fr\/lyc-jean-joly\/wp-json\/wp\/v2\/posts\/7608","targetHints":{"allow":["GET"]}}],"collection":[{"href":"https:\/\/etab.ac-reunion.fr\/lyc-jean-joly\/wp-json\/wp\/v2\/posts"}],"about":[{"href":"https:\/\/etab.ac-reunion.fr\/lyc-jean-joly\/wp-json\/wp\/v2\/types\/post"}],"author":[{"embeddable":true,"href":"https:\/\/etab.ac-reunion.fr\/lyc-jean-joly\/wp-json\/wp\/v2\/users\/28761"}],"replies":[{"embeddable":true,"href":"https:\/\/etab.ac-reunion.fr\/lyc-jean-joly\/wp-json\/wp\/v2\/comments?post=7608"}],"version-history":[{"count":1,"href":"https:\/\/etab.ac-reunion.fr\/lyc-jean-joly\/wp-json\/wp\/v2\/posts\/7608\/revisions"}],"predecessor-version":[{"id":7611,"href":"https:\/\/etab.ac-reunion.fr\/lyc-jean-joly\/wp-json\/wp\/v2\/posts\/7608\/revisions\/7611"}],"wp:featuredmedia":[{"embeddable":true,"href":"https:\/\/etab.ac-reunion.fr\/lyc-jean-joly\/wp-json\/wp\/v2\/media\/7612"}],"wp:attachment":[{"href":"https:\/\/etab.ac-reunion.fr\/lyc-jean-joly\/wp-json\/wp\/v2\/media?parent=7608"}],"wp:term":[{"taxonomy":"category","embeddable":true,"href":"https:\/\/etab.ac-reunion.fr\/lyc-jean-joly\/wp-json\/wp\/v2\/categories?post=7608"},{"taxonomy":"post_tag","embeddable":true,"href":"https:\/\/etab.ac-reunion.fr\/lyc-jean-joly\/wp-json\/wp\/v2\/tags?post=7608"}],"curies":[{"name":"wp","href":"https:\/\/api.w.org\/{rel}","templated":true}]}}