{"id":7701,"date":"2024-06-11T10:29:21","date_gmt":"2024-06-11T06:29:21","guid":{"rendered":"https:\/\/etab.ac-reunion.fr\/lyc-jean-joly\/?p=7701"},"modified":"2024-06-14T12:28:33","modified_gmt":"2024-06-14T08:28:33","slug":"semaine-de-la-presse-et-des-medias-2","status":"publish","type":"post","link":"https:\/\/etab.ac-reunion.fr\/lyc-jean-joly\/semaine-de-la-presse-et-des-medias-2\/","title":{"rendered":"SEMAINE DE LA PRESSE ET DES M\u00c9DIAS"},"content":{"rendered":"\n<p>Dans le cadre de la semaine de la presse et des m\u00e9dias, 217 d&rsquo;\u00e9l\u00e8ves ont particip\u00e9 \u00e0 divers ateliers organis\u00e9s par l\u2019association Fake Off, association de journalistes ind\u00e9pendants qui lutte contre la d\u00e9sinformation de masse des jeunes.<\/p>\n\n\n\n<p>Les journalistes, Frank POIRIER et L\u00e9na , sont intervenus aupr\u00e8s des \u00e9l\u00e8ves de 2B, 2C et 2H pour \u00e9changer avec eux sur les m\u00e9dias et la diffusion de l\u2019information, apporter leur \u00e9clairage sur le m\u00e9tier de journaliste et donner des cl\u00e9s pour d\u00e9celer les fausses informations sur Internet et les r\u00e9seaux sociaux. Les \u00e9l\u00e8ves ont ainsi pu mettre en pratique les techniques expos\u00e9es et conseils prodigu\u00e9s, sur des cas concrets et d\u2019actualit\u00e9.<\/p>\n\n\n\n<p>Avec l\u2019aide de la journaliste Lola FOURMY, les \u00e9l\u00e8ves de la classe TSTI2D1 ont particip\u00e9 \u00e0 l\u2019atelier <a href=\"https:\/\/drive.google.com\/file\/d\/1aUWMXZVEgr4Wi9nt6_RobCHJF-_jHcBn\/view?pli=1\">\u00ab&nbsp;d\u00e9bunker une fausse info&nbsp;\u00bb<\/a>.<\/p>\n\n\n\n<figure class=\"wp-block-gallery has-nested-images columns-default is-cropped wp-block-gallery-1 is-layout-flex wp-block-gallery-is-layout-flex\">\n<figure class=\"wp-block-image size-large\"><img loading=\"lazy\" decoding=\"async\" width=\"498\" height=\"1024\" data-id=\"7702\" src=\"https:\/\/etab.ac-reunion.fr\/lyc-jean-joly\/wp-content\/uploads\/sites\/114\/2024\/06\/20240215_073645-redim-498x1024.jpg\" alt=\"\" class=\"wp-image-7702\" srcset=\"https:\/\/etab.ac-reunion.fr\/lyc-jean-joly\/wp-content\/uploads\/sites\/114\/2024\/06\/20240215_073645-redim-498x1024.jpg 498w, https:\/\/etab.ac-reunion.fr\/lyc-jean-joly\/wp-content\/uploads\/sites\/114\/2024\/06\/20240215_073645-redim-146x300.jpg 146w, https:\/\/etab.ac-reunion.fr\/lyc-jean-joly\/wp-content\/uploads\/sites\/114\/2024\/06\/20240215_073645-redim-747x1536.jpg 747w, https:\/\/etab.ac-reunion.fr\/lyc-jean-joly\/wp-content\/uploads\/sites\/114\/2024\/06\/20240215_073645-redim-73x150.jpg 73w, https:\/\/etab.ac-reunion.fr\/lyc-jean-joly\/wp-content\/uploads\/sites\/114\/2024\/06\/20240215_073645-redim.jpg 980w\" sizes=\"auto, (max-width: 498px) 100vw, 498px\" \/><\/figure>\n\n\n\n<figure class=\"wp-block-image size-large\"><img loading=\"lazy\" decoding=\"async\" width=\"634\" height=\"1024\" data-id=\"7703\" src=\"https:\/\/etab.ac-reunion.fr\/lyc-jean-joly\/wp-content\/uploads\/sites\/114\/2024\/06\/20240215_085103-redim-634x1024.jpg\" alt=\"\" class=\"wp-image-7703\" srcset=\"https:\/\/etab.ac-reunion.fr\/lyc-jean-joly\/wp-content\/uploads\/sites\/114\/2024\/06\/20240215_085103-redim-634x1024.jpg 634w, https:\/\/etab.ac-reunion.fr\/lyc-jean-joly\/wp-content\/uploads\/sites\/114\/2024\/06\/20240215_085103-redim-186x300.jpg 186w, https:\/\/etab.ac-reunion.fr\/lyc-jean-joly\/wp-content\/uploads\/sites\/114\/2024\/06\/20240215_085103-redim-951x1536.jpg 951w, https:\/\/etab.ac-reunion.fr\/lyc-jean-joly\/wp-content\/uploads\/sites\/114\/2024\/06\/20240215_085103-redim-93x150.jpg 93w, https:\/\/etab.ac-reunion.fr\/lyc-jean-joly\/wp-content\/uploads\/sites\/114\/2024\/06\/20240215_085103-redim.jpg 976w\" sizes=\"auto, (max-width: 634px) 100vw, 634px\" \/><\/figure>\n\n\n\n<figure class=\"wp-block-image size-large\"><img loading=\"lazy\" decoding=\"async\" width=\"531\" height=\"1024\" data-id=\"7704\" src=\"https:\/\/etab.ac-reunion.fr\/lyc-jean-joly\/wp-content\/uploads\/sites\/114\/2024\/06\/20240229_085010-redim-531x1024.jpg\" alt=\"\" class=\"wp-image-7704\" srcset=\"https:\/\/etab.ac-reunion.fr\/lyc-jean-joly\/wp-content\/uploads\/sites\/114\/2024\/06\/20240229_085010-redim-531x1024.jpg 531w, https:\/\/etab.ac-reunion.fr\/lyc-jean-joly\/wp-content\/uploads\/sites\/114\/2024\/06\/20240229_085010-redim-156x300.jpg 156w, https:\/\/etab.ac-reunion.fr\/lyc-jean-joly\/wp-content\/uploads\/sites\/114\/2024\/06\/20240229_085010-redim-796x1536.jpg 796w, https:\/\/etab.ac-reunion.fr\/lyc-jean-joly\/wp-content\/uploads\/sites\/114\/2024\/06\/20240229_085010-redim-78x150.jpg 78w, https:\/\/etab.ac-reunion.fr\/lyc-jean-joly\/wp-content\/uploads\/sites\/114\/2024\/06\/20240229_085010-redim.jpg 973w\" sizes=\"auto, (max-width: 531px) 100vw, 531px\" \/><\/figure>\n\n\n<div class=\"wp-block-image\">\n<figure class=\"aligncenter size-large\"><img loading=\"lazy\" decoding=\"async\" width=\"1024\" height=\"498\" data-id=\"7706\" src=\"https:\/\/etab.ac-reunion.fr\/lyc-jean-joly\/wp-content\/uploads\/sites\/114\/2024\/06\/20240229_091520-1024x498.jpg\" alt=\"\" class=\"wp-image-7706\" srcset=\"https:\/\/etab.ac-reunion.fr\/lyc-jean-joly\/wp-content\/uploads\/sites\/114\/2024\/06\/20240229_091520-1024x498.jpg 1024w, https:\/\/etab.ac-reunion.fr\/lyc-jean-joly\/wp-content\/uploads\/sites\/114\/2024\/06\/20240229_091520-300x146.jpg 300w, https:\/\/etab.ac-reunion.fr\/lyc-jean-joly\/wp-content\/uploads\/sites\/114\/2024\/06\/20240229_091520-1536x747.jpg 1536w, https:\/\/etab.ac-reunion.fr\/lyc-jean-joly\/wp-content\/uploads\/sites\/114\/2024\/06\/20240229_091520-2048x996.jpg 2048w, https:\/\/etab.ac-reunion.fr\/lyc-jean-joly\/wp-content\/uploads\/sites\/114\/2024\/06\/20240229_091520-150x73.jpg 150w\" sizes=\"auto, (max-width: 1024px) 100vw, 1024px\" \/><\/figure>\n<\/div><\/figure>\n\n\n\n<p><\/p>\n\n\n\n<p>Les \u00e9l\u00e8ves de la sp\u00e9cialit\u00e9 PHGGSP4 et de la TG5 ont quand \u00e0 eux travailler sur l\u2019atelier r\u00e9seaux sociaux avec la journaliste Lola FOURMY et la photojournaliste Oph\u00e9lie VINOT. <\/p>\n\n\n\n<figure class=\"wp-block-gallery has-nested-images columns-default is-cropped wp-block-gallery-2 is-layout-flex wp-block-gallery-is-layout-flex\">\n<figure class=\"wp-block-image size-large\"><img loading=\"lazy\" decoding=\"async\" width=\"1024\" height=\"498\" data-id=\"7710\" src=\"https:\/\/etab.ac-reunion.fr\/lyc-jean-joly\/wp-content\/uploads\/sites\/114\/2024\/06\/20240205_090115-1024x498.jpg\" alt=\"\" class=\"wp-image-7710\" srcset=\"https:\/\/etab.ac-reunion.fr\/lyc-jean-joly\/wp-content\/uploads\/sites\/114\/2024\/06\/20240205_090115-1024x498.jpg 1024w, https:\/\/etab.ac-reunion.fr\/lyc-jean-joly\/wp-content\/uploads\/sites\/114\/2024\/06\/20240205_090115-300x146.jpg 300w, https:\/\/etab.ac-reunion.fr\/lyc-jean-joly\/wp-content\/uploads\/sites\/114\/2024\/06\/20240205_090115-1536x747.jpg 1536w, https:\/\/etab.ac-reunion.fr\/lyc-jean-joly\/wp-content\/uploads\/sites\/114\/2024\/06\/20240205_090115-2048x996.jpg 2048w, https:\/\/etab.ac-reunion.fr\/lyc-jean-joly\/wp-content\/uploads\/sites\/114\/2024\/06\/20240205_090115-150x73.jpg 150w\" sizes=\"auto, (max-width: 1024px) 100vw, 1024px\" \/><\/figure>\n\n\n\n<figure class=\"wp-block-image size-large\"><img loading=\"lazy\" decoding=\"async\" width=\"1024\" height=\"498\" data-id=\"7712\" src=\"https:\/\/etab.ac-reunion.fr\/lyc-jean-joly\/wp-content\/uploads\/sites\/114\/2024\/06\/20240205_090411-1-1024x498.jpg\" alt=\"\" class=\"wp-image-7712\" srcset=\"https:\/\/etab.ac-reunion.fr\/lyc-jean-joly\/wp-content\/uploads\/sites\/114\/2024\/06\/20240205_090411-1-1024x498.jpg 1024w, https:\/\/etab.ac-reunion.fr\/lyc-jean-joly\/wp-content\/uploads\/sites\/114\/2024\/06\/20240205_090411-1-300x146.jpg 300w, https:\/\/etab.ac-reunion.fr\/lyc-jean-joly\/wp-content\/uploads\/sites\/114\/2024\/06\/20240205_090411-1-1536x747.jpg 1536w, https:\/\/etab.ac-reunion.fr\/lyc-jean-joly\/wp-content\/uploads\/sites\/114\/2024\/06\/20240205_090411-1-2048x996.jpg 2048w, https:\/\/etab.ac-reunion.fr\/lyc-jean-joly\/wp-content\/uploads\/sites\/114\/2024\/06\/20240205_090411-1-150x73.jpg 150w\" sizes=\"auto, (max-width: 1024px) 100vw, 1024px\" \/><\/figure>\n\n\n\n<figure class=\"wp-block-image size-large\"><img loading=\"lazy\" decoding=\"async\" width=\"1024\" height=\"498\" data-id=\"7709\" src=\"https:\/\/etab.ac-reunion.fr\/lyc-jean-joly\/wp-content\/uploads\/sites\/114\/2024\/06\/20240212_083204-1-1024x498.jpg\" alt=\"\" class=\"wp-image-7709\" srcset=\"https:\/\/etab.ac-reunion.fr\/lyc-jean-joly\/wp-content\/uploads\/sites\/114\/2024\/06\/20240212_083204-1-1024x498.jpg 1024w, https:\/\/etab.ac-reunion.fr\/lyc-jean-joly\/wp-content\/uploads\/sites\/114\/2024\/06\/20240212_083204-1-300x146.jpg 300w, https:\/\/etab.ac-reunion.fr\/lyc-jean-joly\/wp-content\/uploads\/sites\/114\/2024\/06\/20240212_083204-1-1536x747.jpg 1536w, https:\/\/etab.ac-reunion.fr\/lyc-jean-joly\/wp-content\/uploads\/sites\/114\/2024\/06\/20240212_083204-1-2048x996.jpg 2048w, https:\/\/etab.ac-reunion.fr\/lyc-jean-joly\/wp-content\/uploads\/sites\/114\/2024\/06\/20240212_083204-1-150x73.jpg 150w\" sizes=\"auto, (max-width: 1024px) 100vw, 1024px\" \/><\/figure>\n<\/figure>\n\n\n\n<p>Voici quelques productions d&rsquo;\u00e9l\u00e8ves  :<\/p>\n\n\n\n<p><strong>de la PHGGSP4<\/strong><\/p>\n\n\n\n<p><a href=\"https:\/\/portail.lariviere.ac-reunion.fr\/nextcloud\/index.php\/s\/NKzneQjTyFN9ACo\">ASKIP \u00ab\u00a0Un d\u00e9mant\u00e8lement de trafic de drogue \u00e0 Saint-Louis\u00a0\u00bb<\/a><\/p>\n\n\n\n<p><a href=\"https:\/\/portail.lariviere.ac-reunion.fr\/nextcloud\/index.php\/s\/qH7y4jdzryypyWK\">TAKAPTE \u00ab\u00a0La gr\u00e8ve des enseignants du 6 f\u00e9vrier 2024 en moins de 2&prime;\u00a0\u00bb<\/a><\/p>\n\n\n\n<p><strong>de la TG5<\/strong><\/p>\n\n\n\n<p><a href=\"https:\/\/portail.lariviere.ac-reunion.fr\/nextcloud\/index.php\/s\/eWpF8PG8gYPD8Xe\">TAKAPTE- Concentration des m\u00e9dias (les copines)<\/a><\/p>\n\n\n\n<p><a href=\"https:\/\/portail.lariviere.ac-reunion.fr\/nextcloud\/index.php\/s\/3Db2xy4erJxAS6o\">C&rsquo;EST QUOI ? &#8211; red flag (Tue les Fakes)<\/a><\/p>\n\n\n\n<p><a href=\"https:\/\/portail.lariviere.ac-reunion.fr\/nextcloud\/index.php\/s\/jdBF8CXR3EAFEre\">ASKIP &#8211; l&rsquo;homme coq (Les Phobik)<\/a><\/p>\n\n\n\n<p>Et pour terminer, les \u00e9l\u00e8ves de la classe de PHGGSP3 ont r\u00e9alis\u00e9 avec l\u2019aide de la journaliste L\u00e9na <\/p>\n\n\n\n<p>THEBAUD un podcast. Cliquez sur le lien pour d\u00e9couvrir<a href=\"https:\/\/portail.lariviere.ac-reunion.fr\/nextcloud\/index.php\/s\/j8ENyqJfoNZz92L\"> le g\u00e9n\u00e9rique du podcast<\/a>.<\/p>\n\n\n\n<figure class=\"wp-block-gallery has-nested-images columns-default is-cropped wp-block-gallery-3 is-layout-flex wp-block-gallery-is-layout-flex\">\n<figure class=\"wp-block-image size-large\"><img loading=\"lazy\" decoding=\"async\" width=\"1024\" height=\"498\" data-id=\"7714\" src=\"https:\/\/etab.ac-reunion.fr\/lyc-jean-joly\/wp-content\/uploads\/sites\/114\/2024\/06\/20240213_151447-1024x498.jpg\" alt=\"\" class=\"wp-image-7714\" srcset=\"https:\/\/etab.ac-reunion.fr\/lyc-jean-joly\/wp-content\/uploads\/sites\/114\/2024\/06\/20240213_151447-1024x498.jpg 1024w, https:\/\/etab.ac-reunion.fr\/lyc-jean-joly\/wp-content\/uploads\/sites\/114\/2024\/06\/20240213_151447-300x146.jpg 300w, https:\/\/etab.ac-reunion.fr\/lyc-jean-joly\/wp-content\/uploads\/sites\/114\/2024\/06\/20240213_151447-1536x747.jpg 1536w, https:\/\/etab.ac-reunion.fr\/lyc-jean-joly\/wp-content\/uploads\/sites\/114\/2024\/06\/20240213_151447-2048x996.jpg 2048w, https:\/\/etab.ac-reunion.fr\/lyc-jean-joly\/wp-content\/uploads\/sites\/114\/2024\/06\/20240213_151447-150x73.jpg 150w\" sizes=\"auto, (max-width: 1024px) 100vw, 1024px\" \/><\/figure>\n\n\n\n<figure class=\"wp-block-image size-large\"><img loading=\"lazy\" decoding=\"async\" width=\"1024\" height=\"498\" data-id=\"7713\" src=\"https:\/\/etab.ac-reunion.fr\/lyc-jean-joly\/wp-content\/uploads\/sites\/114\/2024\/06\/20240326_161016-1-1024x498.jpg\" alt=\"\" class=\"wp-image-7713\" srcset=\"https:\/\/etab.ac-reunion.fr\/lyc-jean-joly\/wp-content\/uploads\/sites\/114\/2024\/06\/20240326_161016-1-1024x498.jpg 1024w, https:\/\/etab.ac-reunion.fr\/lyc-jean-joly\/wp-content\/uploads\/sites\/114\/2024\/06\/20240326_161016-1-300x146.jpg 300w, https:\/\/etab.ac-reunion.fr\/lyc-jean-joly\/wp-content\/uploads\/sites\/114\/2024\/06\/20240326_161016-1-1536x747.jpg 1536w, https:\/\/etab.ac-reunion.fr\/lyc-jean-joly\/wp-content\/uploads\/sites\/114\/2024\/06\/20240326_161016-1-2048x996.jpg 2048w, https:\/\/etab.ac-reunion.fr\/lyc-jean-joly\/wp-content\/uploads\/sites\/114\/2024\/06\/20240326_161016-1-150x73.jpg 150w\" sizes=\"auto, (max-width: 1024px) 100vw, 1024px\" \/><\/figure>\n<\/figure>\n","protected":false},"excerpt":{"rendered":"<p>Dans le cadre de la semaine de la presse et des m\u00e9dias, 217 d&rsquo;\u00e9l\u00e8ves ont particip\u00e9 \u00e0 divers ateliers organis\u00e9s par l\u2019association Fake Off, association de journalistes ind\u00e9pendants qui lutte&#8230;<\/p>\n<p> <a class=\"continue-reading-link\" href=\"https:\/\/etab.ac-reunion.fr\/lyc-jean-joly\/semaine-de-la-presse-et-des-medias-2\/\"><span>Lire la suite<\/span><i class=\"crycon-right-dir\"><\/i><\/a> <\/p>\n","protected":false},"author":28761,"featured_media":7722,"comment_status":"closed","ping_status":"closed","sticky":false,"template":"","format":"standard","meta":{"footnotes":""},"categories":[15,22,18,19],"tags":[],"class_list":["post-7701","post","type-post","status-publish","format-standard","has-post-thumbnail","hentry","category-actualite","category-vie-citoyenne","category-vie-culturelle","category-vie-etablissement"],"_links":{"self":[{"href":"https:\/\/etab.ac-reunion.fr\/lyc-jean-joly\/wp-json\/wp\/v2\/posts\/7701","targetHints":{"allow":["GET"]}}],"collection":[{"href":"https:\/\/etab.ac-reunion.fr\/lyc-jean-joly\/wp-json\/wp\/v2\/posts"}],"about":[{"href":"https:\/\/etab.ac-reunion.fr\/lyc-jean-joly\/wp-json\/wp\/v2\/types\/post"}],"author":[{"embeddable":true,"href":"https:\/\/etab.ac-reunion.fr\/lyc-jean-joly\/wp-json\/wp\/v2\/users\/28761"}],"replies":[{"embeddable":true,"href":"https:\/\/etab.ac-reunion.fr\/lyc-jean-joly\/wp-json\/wp\/v2\/comments?post=7701"}],"version-history":[{"count":4,"href":"https:\/\/etab.ac-reunion.fr\/lyc-jean-joly\/wp-json\/wp\/v2\/posts\/7701\/revisions"}],"predecessor-version":[{"id":7836,"href":"https:\/\/etab.ac-reunion.fr\/lyc-jean-joly\/wp-json\/wp\/v2\/posts\/7701\/revisions\/7836"}],"wp:featuredmedia":[{"embeddable":true,"href":"https:\/\/etab.ac-reunion.fr\/lyc-jean-joly\/wp-json\/wp\/v2\/media\/7722"}],"wp:attachment":[{"href":"https:\/\/etab.ac-reunion.fr\/lyc-jean-joly\/wp-json\/wp\/v2\/media?parent=7701"}],"wp:term":[{"taxonomy":"category","embeddable":true,"href":"https:\/\/etab.ac-reunion.fr\/lyc-jean-joly\/wp-json\/wp\/v2\/categories?post=7701"},{"taxonomy":"post_tag","embeddable":true,"href":"https:\/\/etab.ac-reunion.fr\/lyc-jean-joly\/wp-json\/wp\/v2\/tags?post=7701"}],"curies":[{"name":"wp","href":"https:\/\/api.w.org\/{rel}","templated":true}]}}