{"id":8106,"date":"2025-02-05T07:51:26","date_gmt":"2025-02-05T03:51:26","guid":{"rendered":"https:\/\/etab.ac-reunion.fr\/lyc-jean-joly\/?p=8106"},"modified":"2025-02-05T07:51:26","modified_gmt":"2025-02-05T03:51:26","slug":"finale-academique-badminton","status":"publish","type":"post","link":"https:\/\/etab.ac-reunion.fr\/lyc-jean-joly\/finale-academique-badminton\/","title":{"rendered":"Finale Acad\u00e9mique Badminton"},"content":{"rendered":"<div class=\"wp-block-image\">\n<figure class=\"aligncenter size-large\"><img loading=\"lazy\" decoding=\"async\" width=\"768\" height=\"1024\" src=\"https:\/\/etab.ac-reunion.fr\/lyc-jean-joly\/wp-content\/uploads\/sites\/114\/2025\/02\/finale-academique-badminton-768x1024.jpg\" alt=\"\" class=\"wp-image-8110\" srcset=\"https:\/\/etab.ac-reunion.fr\/lyc-jean-joly\/wp-content\/uploads\/sites\/114\/2025\/02\/finale-academique-badminton-768x1024.jpg 768w, https:\/\/etab.ac-reunion.fr\/lyc-jean-joly\/wp-content\/uploads\/sites\/114\/2025\/02\/finale-academique-badminton-225x300.jpg 225w, https:\/\/etab.ac-reunion.fr\/lyc-jean-joly\/wp-content\/uploads\/sites\/114\/2025\/02\/finale-academique-badminton-113x150.jpg 113w, https:\/\/etab.ac-reunion.fr\/lyc-jean-joly\/wp-content\/uploads\/sites\/114\/2025\/02\/finale-academique-badminton.jpg 1125w\" sizes=\"auto, (max-width: 768px) 100vw, 768px\" \/><\/figure>\n<\/div>\n\n\n<p><\/p>\n\n\n\n<blockquote class=\"wp-block-quote is-layout-flow wp-block-quote-is-layout-flow\">\n<p class=\"has-text-align-center\">Apr\u00e8s avoir gagn\u00e9 le championnat de district en d\u00e9cembre, l\u2019\u00e9quipe de badminton du lyc\u00e9e Jean Joly compos\u00e9e de Emy Fontaine TG3, Roxane Robert PG2, Hoarau Manon PG2, Ferrer Tao TG3 et Bouillon Malcom TG3 avait la lourde t\u00e2che de d\u00e9fier les meilleurs \u00e9quipes de l\u2019ile.<\/p>\n\n\n\n<p class=\"has-text-align-center\">Apr\u00e8s avoir fini premier de leur poule non sans difficult\u00e9s, ils se sont impos\u00e9s en \u00bc de finale, puis en \u00bd finale pour perdre de justesse en finale face \u00e0 de v\u00e9ritables experts.<\/p>\n\n\n\n<p class=\"has-text-align-center\">Nous les f\u00e9licitons pour cette deuxi\u00e8me place, et rappelons que certains \u00e9l\u00e8ves ont commenc\u00e9 le badminton \u00e0 l\u2019AS du lyc\u00e9e seulement en septembre de cette ann\u00e9e.<\/p>\n\n\n\n<p class=\"has-text-align-center\">Nous f\u00e9licitons \u00e9galement Dijoux Th\u00e9o PG3 qui a \u00e9t\u00e9 certifi\u00e9 juge arbitre acad\u00e9mique avec une note de 16 sur 20, et Robert Roxane qui a \u00e9t\u00e9 certifi\u00e9 coach acad\u00e9mique.<\/p>\n\n\n\n<p class=\"has-text-align-center\">Nous esp\u00e9rons que cette r\u00e9ussite sera \u00e0 l\u2019origine de nombreuses adh\u00e9sions \u00e0 l\u2019AS du lyc\u00e9e et l\u2019occasion de bien figurer aux prochaines comp\u00e9titions.<\/p>\n\n\n\n<p class=\"has-text-align-center\">M. BERTRAND<\/p>\n<\/blockquote>\n","protected":false},"excerpt":{"rendered":"<p>Apr\u00e8s avoir gagn\u00e9 le championnat de district en d\u00e9cembre, l\u2019\u00e9quipe de badminton du lyc\u00e9e Jean Joly compos\u00e9e de Emy Fontaine TG3, Roxane Robert PG2, Hoarau Manon PG2, Ferrer Tao TG3&#8230;<\/p>\n<p> <a class=\"continue-reading-link\" href=\"https:\/\/etab.ac-reunion.fr\/lyc-jean-joly\/finale-academique-badminton\/\"><span>Lire la suite<\/span><i class=\"crycon-right-dir\"><\/i><\/a> <\/p>\n","protected":false},"author":28764,"featured_media":0,"comment_status":"closed","ping_status":"closed","sticky":false,"template":"","format":"standard","meta":{"footnotes":""},"categories":[1,143],"tags":[],"class_list":["post-8106","post","type-post","status-publish","format-standard","hentry","category-non-classe","category-sport-ljj"],"_links":{"self":[{"href":"https:\/\/etab.ac-reunion.fr\/lyc-jean-joly\/wp-json\/wp\/v2\/posts\/8106","targetHints":{"allow":["GET"]}}],"collection":[{"href":"https:\/\/etab.ac-reunion.fr\/lyc-jean-joly\/wp-json\/wp\/v2\/posts"}],"about":[{"href":"https:\/\/etab.ac-reunion.fr\/lyc-jean-joly\/wp-json\/wp\/v2\/types\/post"}],"author":[{"embeddable":true,"href":"https:\/\/etab.ac-reunion.fr\/lyc-jean-joly\/wp-json\/wp\/v2\/users\/28764"}],"replies":[{"embeddable":true,"href":"https:\/\/etab.ac-reunion.fr\/lyc-jean-joly\/wp-json\/wp\/v2\/comments?post=8106"}],"version-history":[{"count":6,"href":"https:\/\/etab.ac-reunion.fr\/lyc-jean-joly\/wp-json\/wp\/v2\/posts\/8106\/revisions"}],"predecessor-version":[{"id":8113,"href":"https:\/\/etab.ac-reunion.fr\/lyc-jean-joly\/wp-json\/wp\/v2\/posts\/8106\/revisions\/8113"}],"wp:attachment":[{"href":"https:\/\/etab.ac-reunion.fr\/lyc-jean-joly\/wp-json\/wp\/v2\/media?parent=8106"}],"wp:term":[{"taxonomy":"category","embeddable":true,"href":"https:\/\/etab.ac-reunion.fr\/lyc-jean-joly\/wp-json\/wp\/v2\/categories?post=8106"},{"taxonomy":"post_tag","embeddable":true,"href":"https:\/\/etab.ac-reunion.fr\/lyc-jean-joly\/wp-json\/wp\/v2\/tags?post=8106"}],"curies":[{"name":"wp","href":"https:\/\/api.w.org\/{rel}","templated":true}]}}