{"id":8197,"date":"2025-03-19T06:54:48","date_gmt":"2025-03-19T02:54:48","guid":{"rendered":"https:\/\/etab.ac-reunion.fr\/lyc-jean-joly\/?p=8197"},"modified":"2025-03-19T07:20:55","modified_gmt":"2025-03-19T03:20:55","slug":"fermeture-du-lycee-mercredi-19-mars","status":"publish","type":"post","link":"https:\/\/etab.ac-reunion.fr\/lyc-jean-joly\/fermeture-du-lycee-mercredi-19-mars\/","title":{"rendered":"Fermeture du lyc\u00e9e mercredi 19 mars"},"content":{"rendered":"\n<p><img loading=\"lazy\" decoding=\"async\" width=\"1067\" height=\"600\" class=\"wp-image-8200\" style=\"width: 200px\" src=\"https:\/\/etab.ac-reunion.fr\/lyc-jean-joly\/wp-content\/uploads\/sites\/114\/2025\/03\/484718754_1067428785422155_174614950861496929_n.jpg\" alt=\"\" srcset=\"https:\/\/etab.ac-reunion.fr\/lyc-jean-joly\/wp-content\/uploads\/sites\/114\/2025\/03\/484718754_1067428785422155_174614950861496929_n.jpg 1067w, https:\/\/etab.ac-reunion.fr\/lyc-jean-joly\/wp-content\/uploads\/sites\/114\/2025\/03\/484718754_1067428785422155_174614950861496929_n-300x169.jpg 300w, https:\/\/etab.ac-reunion.fr\/lyc-jean-joly\/wp-content\/uploads\/sites\/114\/2025\/03\/484718754_1067428785422155_174614950861496929_n-1024x576.jpg 1024w, https:\/\/etab.ac-reunion.fr\/lyc-jean-joly\/wp-content\/uploads\/sites\/114\/2025\/03\/484718754_1067428785422155_174614950861496929_n-150x84.jpg 150w\" sizes=\"auto, (max-width: 1067px) 100vw, 1067px\" \/>En raison de la m\u00e9t\u00e9o fortement perturb\u00e9e, le lyc\u00e9e est ferm\u00e9 ce matin mercredi 19, d\u00e9cision du Rectorat. Communication faite sur Pronote et pars SMS aux \u00e9l\u00e8ves, parents et personnels.<\/p>\n\n\n\n<p><\/p>\n","protected":false},"excerpt":{"rendered":"<p>En raison de la m\u00e9t\u00e9o fortement perturb\u00e9e, le lyc\u00e9e est ferm\u00e9 ce matin mercredi 19, d\u00e9cision du Rectorat. Communication faite sur Pronote et pars SMS aux \u00e9l\u00e8ves, parents et personnels.<\/p>\n<p> <a class=\"continue-reading-link\" href=\"https:\/\/etab.ac-reunion.fr\/lyc-jean-joly\/fermeture-du-lycee-mercredi-19-mars\/\"><span>Lire la suite<\/span><i class=\"crycon-right-dir\"><\/i><\/a> <\/p>\n","protected":false},"author":2538,"featured_media":0,"comment_status":"closed","ping_status":"closed","sticky":false,"template":"","format":"standard","meta":{"footnotes":""},"categories":[15,19],"tags":[],"class_list":["post-8197","post","type-post","status-publish","format-standard","hentry","category-actualite","category-vie-etablissement"],"_links":{"self":[{"href":"https:\/\/etab.ac-reunion.fr\/lyc-jean-joly\/wp-json\/wp\/v2\/posts\/8197","targetHints":{"allow":["GET"]}}],"collection":[{"href":"https:\/\/etab.ac-reunion.fr\/lyc-jean-joly\/wp-json\/wp\/v2\/posts"}],"about":[{"href":"https:\/\/etab.ac-reunion.fr\/lyc-jean-joly\/wp-json\/wp\/v2\/types\/post"}],"author":[{"embeddable":true,"href":"https:\/\/etab.ac-reunion.fr\/lyc-jean-joly\/wp-json\/wp\/v2\/users\/2538"}],"replies":[{"embeddable":true,"href":"https:\/\/etab.ac-reunion.fr\/lyc-jean-joly\/wp-json\/wp\/v2\/comments?post=8197"}],"version-history":[{"count":14,"href":"https:\/\/etab.ac-reunion.fr\/lyc-jean-joly\/wp-json\/wp\/v2\/posts\/8197\/revisions"}],"predecessor-version":[{"id":8214,"href":"https:\/\/etab.ac-reunion.fr\/lyc-jean-joly\/wp-json\/wp\/v2\/posts\/8197\/revisions\/8214"}],"wp:attachment":[{"href":"https:\/\/etab.ac-reunion.fr\/lyc-jean-joly\/wp-json\/wp\/v2\/media?parent=8197"}],"wp:term":[{"taxonomy":"category","embeddable":true,"href":"https:\/\/etab.ac-reunion.fr\/lyc-jean-joly\/wp-json\/wp\/v2\/categories?post=8197"},{"taxonomy":"post_tag","embeddable":true,"href":"https:\/\/etab.ac-reunion.fr\/lyc-jean-joly\/wp-json\/wp\/v2\/tags?post=8197"}],"curies":[{"name":"wp","href":"https:\/\/api.w.org\/{rel}","templated":true}]}}