{"id":8682,"date":"2026-04-17T14:39:18","date_gmt":"2026-04-17T10:39:18","guid":{"rendered":"https:\/\/etab.ac-reunion.fr\/lyc-jean-joly\/?p=8682"},"modified":"2026-04-17T14:39:18","modified_gmt":"2026-04-17T10:39:18","slug":"theatre-en-anglais-spectacle-rosa-parks","status":"publish","type":"post","link":"https:\/\/etab.ac-reunion.fr\/lyc-jean-joly\/theatre-en-anglais-spectacle-rosa-parks\/","title":{"rendered":"Th\u00e9\u00e2tre en anglais \u2013 Spectacle \u00ab\u00a0Rosa Parks\u00a0\u00bb"},"content":{"rendered":"\n<p>Les \u00e9l\u00e8ves de Seconde, Premi\u00e8re et Terminale option DNL ainsi que ceux de la Terminale sp\u00e9cialit\u00e9 LLCE ont assist\u00e9, le jeudi 7 avril 2026, \u00e0 une repr\u00e9sentation en anglais de la pi\u00e8ce \u00ab&nbsp;Tired of giving in. The ROSA PARKS story&nbsp;\u00bb \u00e0 l\u2019Auditorium Pierre Roselli \u00e0 Saint-Leu.<\/p>\n\n\n\n<p>Cette sortie p\u00e9dagogique avait pour objectif de d\u00e9velopper la compr\u00e9hension orale et d\u2019enrichir la culture historique des \u00e9l\u00e8ves autour de la lutte pour les droits civiques aux \u00c9tats-Unis. La pi\u00e8ce retrace le parcours de Rosa Parks et son r\u00f4le d\u00e9terminant dans la lutte contre la s\u00e9gr\u00e9gation raciale, offrant ainsi un support vivant et concret aux th\u00e9matiques \u00e9tudi\u00e9es en classe.<\/p>\n\n\n\n<p>A l\u2019issue du spectacle, un bord de sc\u00e8ne a \u00e9t\u00e9 organis\u00e9 avec les com\u00e9diens. Ce temps d\u2019\u00e9change a \u00e9t\u00e9 enrichissant. Les \u00e9l\u00e8ves ont su faire preuve de curiosit\u00e9 en posant des questions pertinentes, tant sur la mise en sc\u00e8ne que sur le travail d\u2019acteur, mais aussi sur le contexte historique et les choix artistiques. Leur participation active t\u00e9moigne de leur int\u00e9r\u00eat et de leur engagement.<\/p>\n\n\n\n<p>Cette sortie a \u00e9t\u00e9 une r\u00e9ussite tant sur le plan p\u00e9dagogique que culturel, et suscit\u00e9 un r\u00e9el enthousiasme chez les \u00e9l\u00e8ves.<\/p>\n\n\n\n<figure class=\"wp-block-image size-large\"><img loading=\"lazy\" decoding=\"async\" width=\"1024\" height=\"768\" src=\"https:\/\/etab.ac-reunion.fr\/lyc-jean-joly\/wp-content\/uploads\/sites\/114\/2026\/04\/stella2-1024x768.jpg\" alt=\"\" class=\"wp-image-8683\" srcset=\"https:\/\/etab.ac-reunion.fr\/lyc-jean-joly\/wp-content\/uploads\/sites\/114\/2026\/04\/stella2-1024x768.jpg 1024w, https:\/\/etab.ac-reunion.fr\/lyc-jean-joly\/wp-content\/uploads\/sites\/114\/2026\/04\/stella2-300x225.jpg 300w, https:\/\/etab.ac-reunion.fr\/lyc-jean-joly\/wp-content\/uploads\/sites\/114\/2026\/04\/stella2-1536x1152.jpg 1536w, https:\/\/etab.ac-reunion.fr\/lyc-jean-joly\/wp-content\/uploads\/sites\/114\/2026\/04\/stella2-2048x1536.jpg 2048w, https:\/\/etab.ac-reunion.fr\/lyc-jean-joly\/wp-content\/uploads\/sites\/114\/2026\/04\/stella2-150x113.jpg 150w\" sizes=\"auto, (max-width: 1024px) 100vw, 1024px\" \/><\/figure>\n\n\n\n<p><\/p>\n","protected":false},"excerpt":{"rendered":"<p>Les \u00e9l\u00e8ves de Seconde, Premi\u00e8re et Terminale option DNL ainsi que ceux de la Terminale sp\u00e9cialit\u00e9 LLCE ont assist\u00e9, le jeudi 7 avril 2026, \u00e0 une repr\u00e9sentation en anglais de&#8230;<\/p>\n<p> <a class=\"continue-reading-link\" href=\"https:\/\/etab.ac-reunion.fr\/lyc-jean-joly\/theatre-en-anglais-spectacle-rosa-parks\/\"><span>Lire la suite<\/span><i class=\"crycon-right-dir\"><\/i><\/a> <\/p>\n","protected":false},"author":28761,"featured_media":8684,"comment_status":"closed","ping_status":"closed","sticky":false,"template":"","format":"standard","meta":{"footnotes":""},"categories":[15,6],"tags":[],"class_list":["post-8682","post","type-post","status-publish","format-standard","has-post-thumbnail","hentry","category-actualite","category-anglais"],"_links":{"self":[{"href":"https:\/\/etab.ac-reunion.fr\/lyc-jean-joly\/wp-json\/wp\/v2\/posts\/8682","targetHints":{"allow":["GET"]}}],"collection":[{"href":"https:\/\/etab.ac-reunion.fr\/lyc-jean-joly\/wp-json\/wp\/v2\/posts"}],"about":[{"href":"https:\/\/etab.ac-reunion.fr\/lyc-jean-joly\/wp-json\/wp\/v2\/types\/post"}],"author":[{"embeddable":true,"href":"https:\/\/etab.ac-reunion.fr\/lyc-jean-joly\/wp-json\/wp\/v2\/users\/28761"}],"replies":[{"embeddable":true,"href":"https:\/\/etab.ac-reunion.fr\/lyc-jean-joly\/wp-json\/wp\/v2\/comments?post=8682"}],"version-history":[{"count":1,"href":"https:\/\/etab.ac-reunion.fr\/lyc-jean-joly\/wp-json\/wp\/v2\/posts\/8682\/revisions"}],"predecessor-version":[{"id":8685,"href":"https:\/\/etab.ac-reunion.fr\/lyc-jean-joly\/wp-json\/wp\/v2\/posts\/8682\/revisions\/8685"}],"wp:featuredmedia":[{"embeddable":true,"href":"https:\/\/etab.ac-reunion.fr\/lyc-jean-joly\/wp-json\/wp\/v2\/media\/8684"}],"wp:attachment":[{"href":"https:\/\/etab.ac-reunion.fr\/lyc-jean-joly\/wp-json\/wp\/v2\/media?parent=8682"}],"wp:term":[{"taxonomy":"category","embeddable":true,"href":"https:\/\/etab.ac-reunion.fr\/lyc-jean-joly\/wp-json\/wp\/v2\/categories?post=8682"},{"taxonomy":"post_tag","embeddable":true,"href":"https:\/\/etab.ac-reunion.fr\/lyc-jean-joly\/wp-json\/wp\/v2\/tags?post=8682"}],"curies":[{"name":"wp","href":"https:\/\/api.w.org\/{rel}","templated":true}]}}