{"id":8710,"date":"2026-04-17T14:37:12","date_gmt":"2026-04-17T10:37:12","guid":{"rendered":"https:\/\/etab.ac-reunion.fr\/lyc-jean-joly\/?p=8710"},"modified":"2026-04-17T14:37:12","modified_gmt":"2026-04-17T10:37:12","slug":"semaine-europeenne-des-langues","status":"publish","type":"post","link":"https:\/\/etab.ac-reunion.fr\/lyc-jean-joly\/semaine-europeenne-des-langues\/","title":{"rendered":"Semaine Europ\u00e9enne des Langues"},"content":{"rendered":"\n<p>\u00ab&nbsp;Les langues pour comprendre le monde&nbsp;\u00bb est la th\u00e9matique choisie cette ann\u00e9e dans le cadre de la journ\u00e9e Europ\u00e9enne des Langues. Cette th\u00e9matique invite \u00e0 c\u00e9l\u00e9brer les langues de mani\u00e8re ludique.<\/p>\n\n\n\n<p>Durant cette semaine, 229 \u00e9l\u00e8ves tous niveaux confondus (de la seconde au BTS) ont particip\u00e9 \u00e0 deux jeux collectifs.<\/p>\n\n\n\n<p>Le premier jeu \u00e9tait <strong>un escape game<\/strong>, nous \u00e9tions par \u00e9quipe de quatre ou cinq et nous devions r\u00e9soudre une s\u00e9rie d\u2019\u00e9nigmes qui menaient aux \u00e9nigmes suivantes. \u00c0 la fin nous obtenions un code \u00e0 trois chiffres qui permettait d\u2019ouvrir un coffre et de gagner l\u2019escape game. Selon notre sondage, une tr\u00e8s grande majorit\u00e9 de personnes ont aim\u00e9 faire cette activit\u00e9 imagin\u00e9e par Mme LEONG-CHONG et avec l\u2019aide de Mme PAYET, qui est la documentaliste.<\/p>\n\n\n\n<p>Le second jeu, sur l\u2019application <strong>\u00ab&nbsp;Action Bound&nbsp;\u00bb<\/strong>, les \u00e9l\u00e8ves par \u00e9quipe de trois devaient r\u00e9aliser des d\u00e9fis qui \u00e9taient impos\u00e9s. Par exemple on devait faire un selfie, cr\u00e9er un slogan en se filmant et plein d\u2019autres d\u00e9fis toujours en rapport avec les langues. \u00c0 la fin tous nos d\u00e9fis \u00e9taient envoy\u00e9s \u00e0 notre professeur (Mme LEONG-CHONG). Un classement permettait de voir quelle \u00e9quipe avait gagn\u00e9. Nous avons r\u00e9alis\u00e9 un second sondage pour ce jeu, il a certes \u00e9t\u00e9 aim\u00e9, mais moins que l\u2019escape game.<\/p>\n\n\n\n<p class=\"has-text-align-right\"><em>Margaux DEHAIES et Maxime ETHEVE &#8211; <\/em><em>PG<\/em>1<\/p>\n\n\n\n<figure class=\"wp-block-gallery has-nested-images columns-default is-cropped wp-block-gallery-1 is-layout-flex wp-block-gallery-is-layout-flex\">\n<figure class=\"wp-block-image size-large\"><img loading=\"lazy\" decoding=\"async\" width=\"1024\" height=\"768\" data-id=\"8734\" src=\"https:\/\/etab.ac-reunion.fr\/lyc-jean-joly\/wp-content\/uploads\/sites\/114\/2026\/04\/IMG_9072-1-1024x768.jpeg\" alt=\"\" class=\"wp-image-8734\" srcset=\"https:\/\/etab.ac-reunion.fr\/lyc-jean-joly\/wp-content\/uploads\/sites\/114\/2026\/04\/IMG_9072-1-1024x768.jpeg 1024w, https:\/\/etab.ac-reunion.fr\/lyc-jean-joly\/wp-content\/uploads\/sites\/114\/2026\/04\/IMG_9072-1-300x225.jpeg 300w, https:\/\/etab.ac-reunion.fr\/lyc-jean-joly\/wp-content\/uploads\/sites\/114\/2026\/04\/IMG_9072-1-1536x1152.jpeg 1536w, https:\/\/etab.ac-reunion.fr\/lyc-jean-joly\/wp-content\/uploads\/sites\/114\/2026\/04\/IMG_9072-1-2048x1536.jpeg 2048w, https:\/\/etab.ac-reunion.fr\/lyc-jean-joly\/wp-content\/uploads\/sites\/114\/2026\/04\/IMG_9072-1-150x113.jpeg 150w\" sizes=\"auto, (max-width: 1024px) 100vw, 1024px\" \/><\/figure>\n\n\n\n<figure class=\"wp-block-image size-large\"><img loading=\"lazy\" decoding=\"async\" width=\"768\" height=\"1024\" data-id=\"8737\" src=\"https:\/\/etab.ac-reunion.fr\/lyc-jean-joly\/wp-content\/uploads\/sites\/114\/2026\/04\/IMG_9077-1-768x1024.jpeg\" alt=\"\" class=\"wp-image-8737\" srcset=\"https:\/\/etab.ac-reunion.fr\/lyc-jean-joly\/wp-content\/uploads\/sites\/114\/2026\/04\/IMG_9077-1-768x1024.jpeg 768w, https:\/\/etab.ac-reunion.fr\/lyc-jean-joly\/wp-content\/uploads\/sites\/114\/2026\/04\/IMG_9077-1-225x300.jpeg 225w, https:\/\/etab.ac-reunion.fr\/lyc-jean-joly\/wp-content\/uploads\/sites\/114\/2026\/04\/IMG_9077-1-1152x1536.jpeg 1152w, https:\/\/etab.ac-reunion.fr\/lyc-jean-joly\/wp-content\/uploads\/sites\/114\/2026\/04\/IMG_9077-1-1536x2048.jpeg 1536w, https:\/\/etab.ac-reunion.fr\/lyc-jean-joly\/wp-content\/uploads\/sites\/114\/2026\/04\/IMG_9077-1-113x150.jpeg 113w, https:\/\/etab.ac-reunion.fr\/lyc-jean-joly\/wp-content\/uploads\/sites\/114\/2026\/04\/IMG_9077-1-scaled.jpeg 1920w\" sizes=\"auto, (max-width: 768px) 100vw, 768px\" \/><\/figure>\n\n\n\n<figure class=\"wp-block-image size-large\"><img loading=\"lazy\" decoding=\"async\" width=\"768\" height=\"1024\" data-id=\"8738\" src=\"https:\/\/etab.ac-reunion.fr\/lyc-jean-joly\/wp-content\/uploads\/sites\/114\/2026\/04\/IMG_9078-768x1024.jpeg\" alt=\"\" class=\"wp-image-8738\" srcset=\"https:\/\/etab.ac-reunion.fr\/lyc-jean-joly\/wp-content\/uploads\/sites\/114\/2026\/04\/IMG_9078-768x1024.jpeg 768w, https:\/\/etab.ac-reunion.fr\/lyc-jean-joly\/wp-content\/uploads\/sites\/114\/2026\/04\/IMG_9078-225x300.jpeg 225w, https:\/\/etab.ac-reunion.fr\/lyc-jean-joly\/wp-content\/uploads\/sites\/114\/2026\/04\/IMG_9078-1152x1536.jpeg 1152w, https:\/\/etab.ac-reunion.fr\/lyc-jean-joly\/wp-content\/uploads\/sites\/114\/2026\/04\/IMG_9078-1536x2048.jpeg 1536w, https:\/\/etab.ac-reunion.fr\/lyc-jean-joly\/wp-content\/uploads\/sites\/114\/2026\/04\/IMG_9078-113x150.jpeg 113w, https:\/\/etab.ac-reunion.fr\/lyc-jean-joly\/wp-content\/uploads\/sites\/114\/2026\/04\/IMG_9078-scaled.jpeg 1920w\" sizes=\"auto, (max-width: 768px) 100vw, 768px\" \/><\/figure>\n\n\n\n<figure class=\"wp-block-image size-large\"><img loading=\"lazy\" decoding=\"async\" width=\"768\" height=\"1024\" data-id=\"8735\" src=\"https:\/\/etab.ac-reunion.fr\/lyc-jean-joly\/wp-content\/uploads\/sites\/114\/2026\/04\/IMG_9074-768x1024.jpeg\" alt=\"\" class=\"wp-image-8735\" srcset=\"https:\/\/etab.ac-reunion.fr\/lyc-jean-joly\/wp-content\/uploads\/sites\/114\/2026\/04\/IMG_9074-768x1024.jpeg 768w, https:\/\/etab.ac-reunion.fr\/lyc-jean-joly\/wp-content\/uploads\/sites\/114\/2026\/04\/IMG_9074-225x300.jpeg 225w, https:\/\/etab.ac-reunion.fr\/lyc-jean-joly\/wp-content\/uploads\/sites\/114\/2026\/04\/IMG_9074-1152x1536.jpeg 1152w, https:\/\/etab.ac-reunion.fr\/lyc-jean-joly\/wp-content\/uploads\/sites\/114\/2026\/04\/IMG_9074-1536x2048.jpeg 1536w, https:\/\/etab.ac-reunion.fr\/lyc-jean-joly\/wp-content\/uploads\/sites\/114\/2026\/04\/IMG_9074-113x150.jpeg 113w, https:\/\/etab.ac-reunion.fr\/lyc-jean-joly\/wp-content\/uploads\/sites\/114\/2026\/04\/IMG_9074-scaled.jpeg 1920w\" sizes=\"auto, (max-width: 768px) 100vw, 768px\" \/><\/figure>\n\n\n\n<figure class=\"wp-block-image size-large\"><img loading=\"lazy\" decoding=\"async\" width=\"768\" height=\"1024\" data-id=\"8736\" src=\"https:\/\/etab.ac-reunion.fr\/lyc-jean-joly\/wp-content\/uploads\/sites\/114\/2026\/04\/IMG_9075-768x1024.jpeg\" alt=\"\" class=\"wp-image-8736\" srcset=\"https:\/\/etab.ac-reunion.fr\/lyc-jean-joly\/wp-content\/uploads\/sites\/114\/2026\/04\/IMG_9075-768x1024.jpeg 768w, https:\/\/etab.ac-reunion.fr\/lyc-jean-joly\/wp-content\/uploads\/sites\/114\/2026\/04\/IMG_9075-225x300.jpeg 225w, https:\/\/etab.ac-reunion.fr\/lyc-jean-joly\/wp-content\/uploads\/sites\/114\/2026\/04\/IMG_9075-1152x1536.jpeg 1152w, https:\/\/etab.ac-reunion.fr\/lyc-jean-joly\/wp-content\/uploads\/sites\/114\/2026\/04\/IMG_9075-1536x2048.jpeg 1536w, https:\/\/etab.ac-reunion.fr\/lyc-jean-joly\/wp-content\/uploads\/sites\/114\/2026\/04\/IMG_9075-113x150.jpeg 113w, https:\/\/etab.ac-reunion.fr\/lyc-jean-joly\/wp-content\/uploads\/sites\/114\/2026\/04\/IMG_9075-scaled.jpeg 1920w\" sizes=\"auto, (max-width: 768px) 100vw, 768px\" \/><\/figure>\n<\/figure>\n","protected":false},"excerpt":{"rendered":"<p>\u00ab&nbsp;Les langues pour comprendre le monde&nbsp;\u00bb est la th\u00e9matique choisie cette ann\u00e9e dans le cadre de la journ\u00e9e Europ\u00e9enne des Langues. Cette th\u00e9matique invite \u00e0 c\u00e9l\u00e9brer les langues de mani\u00e8re&#8230;<\/p>\n<p> <a class=\"continue-reading-link\" href=\"https:\/\/etab.ac-reunion.fr\/lyc-jean-joly\/semaine-europeenne-des-langues\/\"><span>Lire la suite<\/span><i class=\"crycon-right-dir\"><\/i><\/a> <\/p>\n","protected":false},"author":28761,"featured_media":0,"comment_status":"closed","ping_status":"closed","sticky":false,"template":"","format":"standard","meta":{"footnotes":""},"categories":[15,6,19],"tags":[],"class_list":["post-8710","post","type-post","status-publish","format-standard","hentry","category-actualite","category-anglais","category-vie-etablissement"],"_links":{"self":[{"href":"https:\/\/etab.ac-reunion.fr\/lyc-jean-joly\/wp-json\/wp\/v2\/posts\/8710","targetHints":{"allow":["GET"]}}],"collection":[{"href":"https:\/\/etab.ac-reunion.fr\/lyc-jean-joly\/wp-json\/wp\/v2\/posts"}],"about":[{"href":"https:\/\/etab.ac-reunion.fr\/lyc-jean-joly\/wp-json\/wp\/v2\/types\/post"}],"author":[{"embeddable":true,"href":"https:\/\/etab.ac-reunion.fr\/lyc-jean-joly\/wp-json\/wp\/v2\/users\/28761"}],"replies":[{"embeddable":true,"href":"https:\/\/etab.ac-reunion.fr\/lyc-jean-joly\/wp-json\/wp\/v2\/comments?post=8710"}],"version-history":[{"count":2,"href":"https:\/\/etab.ac-reunion.fr\/lyc-jean-joly\/wp-json\/wp\/v2\/posts\/8710\/revisions"}],"predecessor-version":[{"id":8739,"href":"https:\/\/etab.ac-reunion.fr\/lyc-jean-joly\/wp-json\/wp\/v2\/posts\/8710\/revisions\/8739"}],"wp:attachment":[{"href":"https:\/\/etab.ac-reunion.fr\/lyc-jean-joly\/wp-json\/wp\/v2\/media?parent=8710"}],"wp:term":[{"taxonomy":"category","embeddable":true,"href":"https:\/\/etab.ac-reunion.fr\/lyc-jean-joly\/wp-json\/wp\/v2\/categories?post=8710"},{"taxonomy":"post_tag","embeddable":true,"href":"https:\/\/etab.ac-reunion.fr\/lyc-jean-joly\/wp-json\/wp\/v2\/tags?post=8710"}],"curies":[{"name":"wp","href":"https:\/\/api.w.org\/{rel}","templated":true}]}}