{"id":8718,"date":"2026-04-17T14:40:15","date_gmt":"2026-04-17T10:40:15","guid":{"rendered":"https:\/\/etab.ac-reunion.fr\/lyc-jean-joly\/?p=8718"},"modified":"2026-04-17T14:40:15","modified_gmt":"2026-04-17T10:40:15","slug":"concours-la-flamme-de-legalite-un-projet-engage-autour-des-femmes-en-esclavage","status":"publish","type":"post","link":"https:\/\/etab.ac-reunion.fr\/lyc-jean-joly\/concours-la-flamme-de-legalite-un-projet-engage-autour-des-femmes-en-esclavage\/","title":{"rendered":"Concours \u00ab\u00a0La Flamme de l\u2019\u00e9galit\u00e9\u00a0\u00bb\u00a0: un projet engag\u00e9 autour des femmes en esclavage"},"content":{"rendered":"\n<p>Dans le cadre du concours national \u00ab&nbsp;La Flamme de l\u2019\u00e9galit\u00e9&nbsp;\u00bb, dont le th\u00e8me portait cette ann\u00e9e sur <strong>\u00ab&nbsp;Femmes en esclavage&nbsp;\u00bb<\/strong>, nous \u00e9l\u00e8ves de Terminale sp\u00e9cialit\u00e9 HLP nous nous sommes pleinement investis dans un projet \u00e0 la fois historique, artistique, culturel et citoyen.<\/p>\n\n\n\n<p>Nous avons r\u00e9alis\u00e9 un court m\u00e9trage intitul\u00e9 <a href=\"https:\/\/portail.lariviere.ac-reunion.fr\/nextcloud\/index.php\/s\/86T6efWd2a3eBiq\">\u00ab&nbsp; Fanm i l\u00e8v, fanm deboute&nbsp;\u00bb<\/a>.<\/p>\n\n\n\n<p>Ce projet s\u2019est appuy\u00e9&nbsp;:<\/p>\n\n\n\n<p>-sur des recherches au CDI,<\/p>\n\n\n\n<p>-des visites de lieux patrimoniaux (Archives d\u00e9partementales, Lazaret de la Grande Chaloupe),<\/p>\n\n\n\n<p><br><a href=\"https:\/\/portail.lariviere.ac-reunion.fr\/nextcloud\/index.php\/s\/KbBzpEZNsyEgbRb\">Article &#8211; Visite des Archives D\u00e9partementales et du Lazaret<\/a><\/p>\n\n\n\n<div class=\"wp-block-columns is-layout-flex wp-container-core-columns-is-layout-9d6595d7 wp-block-columns-is-layout-flex\">\n<div class=\"wp-block-column is-layout-flow wp-block-column-is-layout-flow\">\n<figure class=\"wp-block-image size-large\"><img loading=\"lazy\" decoding=\"async\" width=\"1024\" height=\"768\" src=\"https:\/\/etab.ac-reunion.fr\/lyc-jean-joly\/wp-content\/uploads\/sites\/114\/2026\/04\/IMG_20251010_092822-1-1024x768.jpg\" alt=\"\" class=\"wp-image-8720\" srcset=\"https:\/\/etab.ac-reunion.fr\/lyc-jean-joly\/wp-content\/uploads\/sites\/114\/2026\/04\/IMG_20251010_092822-1-1024x768.jpg 1024w, https:\/\/etab.ac-reunion.fr\/lyc-jean-joly\/wp-content\/uploads\/sites\/114\/2026\/04\/IMG_20251010_092822-1-300x225.jpg 300w, https:\/\/etab.ac-reunion.fr\/lyc-jean-joly\/wp-content\/uploads\/sites\/114\/2026\/04\/IMG_20251010_092822-1-1536x1152.jpg 1536w, https:\/\/etab.ac-reunion.fr\/lyc-jean-joly\/wp-content\/uploads\/sites\/114\/2026\/04\/IMG_20251010_092822-1-2048x1536.jpg 2048w, https:\/\/etab.ac-reunion.fr\/lyc-jean-joly\/wp-content\/uploads\/sites\/114\/2026\/04\/IMG_20251010_092822-1-150x113.jpg 150w\" sizes=\"auto, (max-width: 1024px) 100vw, 1024px\" \/><figcaption class=\"wp-element-caption\">Les Archives D\u00e9partementales<\/figcaption><\/figure>\n\n\n<div class=\"wp-block-image\">\n<figure class=\"aligncenter size-large\"><img loading=\"lazy\" decoding=\"async\" width=\"1024\" height=\"768\" src=\"https:\/\/etab.ac-reunion.fr\/lyc-jean-joly\/wp-content\/uploads\/sites\/114\/2026\/04\/Lazaret-1-1024x768.jpg\" alt=\"\" class=\"wp-image-8722\" srcset=\"https:\/\/etab.ac-reunion.fr\/lyc-jean-joly\/wp-content\/uploads\/sites\/114\/2026\/04\/Lazaret-1-1024x768.jpg 1024w, https:\/\/etab.ac-reunion.fr\/lyc-jean-joly\/wp-content\/uploads\/sites\/114\/2026\/04\/Lazaret-1-300x225.jpg 300w, https:\/\/etab.ac-reunion.fr\/lyc-jean-joly\/wp-content\/uploads\/sites\/114\/2026\/04\/Lazaret-1-1536x1152.jpg 1536w, https:\/\/etab.ac-reunion.fr\/lyc-jean-joly\/wp-content\/uploads\/sites\/114\/2026\/04\/Lazaret-1-2048x1536.jpg 2048w, https:\/\/etab.ac-reunion.fr\/lyc-jean-joly\/wp-content\/uploads\/sites\/114\/2026\/04\/Lazaret-1-150x113.jpg 150w\" sizes=\"auto, (max-width: 1024px) 100vw, 1024px\" \/><figcaption class=\"wp-element-caption\">Le Lazaret de la Grande Chaloupe<\/figcaption><\/figure>\n<\/div><\/div>\n\n\n\n<div class=\"wp-block-column is-layout-flow wp-block-column-is-layout-flow\">\n<figure class=\"wp-block-image size-large\"><img loading=\"lazy\" decoding=\"async\" width=\"1024\" height=\"768\" src=\"https:\/\/etab.ac-reunion.fr\/lyc-jean-joly\/wp-content\/uploads\/sites\/114\/2026\/04\/IMG_20251010_102853-1024x768.jpg\" alt=\"\" class=\"wp-image-8721\" srcset=\"https:\/\/etab.ac-reunion.fr\/lyc-jean-joly\/wp-content\/uploads\/sites\/114\/2026\/04\/IMG_20251010_102853-1024x768.jpg 1024w, https:\/\/etab.ac-reunion.fr\/lyc-jean-joly\/wp-content\/uploads\/sites\/114\/2026\/04\/IMG_20251010_102853-300x225.jpg 300w, https:\/\/etab.ac-reunion.fr\/lyc-jean-joly\/wp-content\/uploads\/sites\/114\/2026\/04\/IMG_20251010_102853-1536x1152.jpg 1536w, https:\/\/etab.ac-reunion.fr\/lyc-jean-joly\/wp-content\/uploads\/sites\/114\/2026\/04\/IMG_20251010_102853-2048x1536.jpg 2048w, https:\/\/etab.ac-reunion.fr\/lyc-jean-joly\/wp-content\/uploads\/sites\/114\/2026\/04\/IMG_20251010_102853-150x113.jpg 150w\" sizes=\"auto, (max-width: 1024px) 100vw, 1024px\" \/><\/figure>\n<\/div>\n<\/div>\n\n\n\n<p>-tribunal de Saint-Pierre dans le cadre de la journ\u00e9e de lutte contre les violences faites aux femmes<\/p>\n\n\n\n<p><br><a href=\"https:\/\/portail.lariviere.ac-reunion.fr\/nextcloud\/index.php\/s\/6eBp77MXxMRG2or\">Article \u2013 Visite au tribunal de Saint-Pierre<\/a><\/p>\n\n\n\n<div class=\"wp-block-columns is-layout-flex wp-container-core-columns-is-layout-9d6595d7 wp-block-columns-is-layout-flex\">\n<div class=\"wp-block-column is-layout-flow wp-block-column-is-layout-flow\">\n<figure class=\"wp-block-image size-large\"><img loading=\"lazy\" decoding=\"async\" width=\"1024\" height=\"569\" src=\"https:\/\/etab.ac-reunion.fr\/lyc-jean-joly\/wp-content\/uploads\/sites\/114\/2026\/04\/motion_photo_4055702654081430077-1024x569.jpg\" alt=\"\" class=\"wp-image-8725\" srcset=\"https:\/\/etab.ac-reunion.fr\/lyc-jean-joly\/wp-content\/uploads\/sites\/114\/2026\/04\/motion_photo_4055702654081430077-1024x569.jpg 1024w, https:\/\/etab.ac-reunion.fr\/lyc-jean-joly\/wp-content\/uploads\/sites\/114\/2026\/04\/motion_photo_4055702654081430077-300x167.jpg 300w, https:\/\/etab.ac-reunion.fr\/lyc-jean-joly\/wp-content\/uploads\/sites\/114\/2026\/04\/motion_photo_4055702654081430077-1536x853.jpg 1536w, https:\/\/etab.ac-reunion.fr\/lyc-jean-joly\/wp-content\/uploads\/sites\/114\/2026\/04\/motion_photo_4055702654081430077-150x83.jpg 150w, https:\/\/etab.ac-reunion.fr\/lyc-jean-joly\/wp-content\/uploads\/sites\/114\/2026\/04\/motion_photo_4055702654081430077.jpg 1600w\" sizes=\"auto, (max-width: 1024px) 100vw, 1024px\" \/><\/figure>\n<\/div>\n\n\n\n<div class=\"wp-block-column is-layout-flow wp-block-column-is-layout-flow\">\n<figure class=\"wp-block-image size-large\"><img loading=\"lazy\" decoding=\"async\" width=\"1024\" height=\"768\" src=\"https:\/\/etab.ac-reunion.fr\/lyc-jean-joly\/wp-content\/uploads\/sites\/114\/2026\/04\/IMG_20251125_090518-1024x768.jpg\" alt=\"\" class=\"wp-image-8723\" srcset=\"https:\/\/etab.ac-reunion.fr\/lyc-jean-joly\/wp-content\/uploads\/sites\/114\/2026\/04\/IMG_20251125_090518-1024x768.jpg 1024w, https:\/\/etab.ac-reunion.fr\/lyc-jean-joly\/wp-content\/uploads\/sites\/114\/2026\/04\/IMG_20251125_090518-300x225.jpg 300w, https:\/\/etab.ac-reunion.fr\/lyc-jean-joly\/wp-content\/uploads\/sites\/114\/2026\/04\/IMG_20251125_090518-1536x1152.jpg 1536w, https:\/\/etab.ac-reunion.fr\/lyc-jean-joly\/wp-content\/uploads\/sites\/114\/2026\/04\/IMG_20251125_090518-2048x1536.jpg 2048w, https:\/\/etab.ac-reunion.fr\/lyc-jean-joly\/wp-content\/uploads\/sites\/114\/2026\/04\/IMG_20251125_090518-150x113.jpg 150w\" sizes=\"auto, (max-width: 1024px) 100vw, 1024px\" \/><\/figure>\n<\/div>\n<\/div>\n\n\n\n<p>-et la rencontre avec l\u2019historien Prosper Eve.<\/p>\n\n\n\n<figure class=\"wp-block-image size-large\"><img loading=\"lazy\" decoding=\"async\" width=\"1024\" height=\"768\" src=\"https:\/\/etab.ac-reunion.fr\/lyc-jean-joly\/wp-content\/uploads\/sites\/114\/2026\/04\/IMG_20260203_095031-3-1024x768.jpg\" alt=\"\" class=\"wp-image-8728\" srcset=\"https:\/\/etab.ac-reunion.fr\/lyc-jean-joly\/wp-content\/uploads\/sites\/114\/2026\/04\/IMG_20260203_095031-3-1024x768.jpg 1024w, https:\/\/etab.ac-reunion.fr\/lyc-jean-joly\/wp-content\/uploads\/sites\/114\/2026\/04\/IMG_20260203_095031-3-300x225.jpg 300w, https:\/\/etab.ac-reunion.fr\/lyc-jean-joly\/wp-content\/uploads\/sites\/114\/2026\/04\/IMG_20260203_095031-3-1536x1152.jpg 1536w, https:\/\/etab.ac-reunion.fr\/lyc-jean-joly\/wp-content\/uploads\/sites\/114\/2026\/04\/IMG_20260203_095031-3-2048x1536.jpg 2048w, https:\/\/etab.ac-reunion.fr\/lyc-jean-joly\/wp-content\/uploads\/sites\/114\/2026\/04\/IMG_20260203_095031-3-150x113.jpg 150w\" sizes=\"auto, (max-width: 1024px) 100vw, 1024px\" \/><\/figure>\n\n\n\n<p>Nous attendons maintenant les r\u00e9sultats pour le mois de mai.<\/p>\n","protected":false},"excerpt":{"rendered":"<p>Dans le cadre du concours national \u00ab&nbsp;La Flamme de l\u2019\u00e9galit\u00e9&nbsp;\u00bb, dont le th\u00e8me portait cette ann\u00e9e sur \u00ab&nbsp;Femmes en esclavage&nbsp;\u00bb, nous \u00e9l\u00e8ves de Terminale sp\u00e9cialit\u00e9 HLP nous nous sommes pleinement&#8230;<\/p>\n<p> <a class=\"continue-reading-link\" href=\"https:\/\/etab.ac-reunion.fr\/lyc-jean-joly\/concours-la-flamme-de-legalite-un-projet-engage-autour-des-femmes-en-esclavage\/\"><span>Lire la suite<\/span><i class=\"crycon-right-dir\"><\/i><\/a> <\/p>\n","protected":false},"author":28761,"featured_media":8740,"comment_status":"closed","ping_status":"closed","sticky":false,"template":"","format":"standard","meta":{"footnotes":""},"categories":[15,19],"tags":[],"class_list":["post-8718","post","type-post","status-publish","format-standard","has-post-thumbnail","hentry","category-actualite","category-vie-etablissement"],"_links":{"self":[{"href":"https:\/\/etab.ac-reunion.fr\/lyc-jean-joly\/wp-json\/wp\/v2\/posts\/8718","targetHints":{"allow":["GET"]}}],"collection":[{"href":"https:\/\/etab.ac-reunion.fr\/lyc-jean-joly\/wp-json\/wp\/v2\/posts"}],"about":[{"href":"https:\/\/etab.ac-reunion.fr\/lyc-jean-joly\/wp-json\/wp\/v2\/types\/post"}],"author":[{"embeddable":true,"href":"https:\/\/etab.ac-reunion.fr\/lyc-jean-joly\/wp-json\/wp\/v2\/users\/28761"}],"replies":[{"embeddable":true,"href":"https:\/\/etab.ac-reunion.fr\/lyc-jean-joly\/wp-json\/wp\/v2\/comments?post=8718"}],"version-history":[{"count":4,"href":"https:\/\/etab.ac-reunion.fr\/lyc-jean-joly\/wp-json\/wp\/v2\/posts\/8718\/revisions"}],"predecessor-version":[{"id":8731,"href":"https:\/\/etab.ac-reunion.fr\/lyc-jean-joly\/wp-json\/wp\/v2\/posts\/8718\/revisions\/8731"}],"wp:featuredmedia":[{"embeddable":true,"href":"https:\/\/etab.ac-reunion.fr\/lyc-jean-joly\/wp-json\/wp\/v2\/media\/8740"}],"wp:attachment":[{"href":"https:\/\/etab.ac-reunion.fr\/lyc-jean-joly\/wp-json\/wp\/v2\/media?parent=8718"}],"wp:term":[{"taxonomy":"category","embeddable":true,"href":"https:\/\/etab.ac-reunion.fr\/lyc-jean-joly\/wp-json\/wp\/v2\/categories?post=8718"},{"taxonomy":"post_tag","embeddable":true,"href":"https:\/\/etab.ac-reunion.fr\/lyc-jean-joly\/wp-json\/wp\/v2\/tags?post=8718"}],"curies":[{"name":"wp","href":"https:\/\/api.w.org\/{rel}","templated":true}]}}