{"id":8741,"date":"2026-04-17T14:25:23","date_gmt":"2026-04-17T10:25:23","guid":{"rendered":"https:\/\/etab.ac-reunion.fr\/lyc-jean-joly\/?p=8741"},"modified":"2026-04-17T14:25:23","modified_gmt":"2026-04-17T10:25:23","slug":"finale-de-la-deuxieme-edition-du-concours-deloquence-jean-joly-ose-jean-joly-koz","status":"publish","type":"post","link":"https:\/\/etab.ac-reunion.fr\/lyc-jean-joly\/finale-de-la-deuxieme-edition-du-concours-deloquence-jean-joly-ose-jean-joly-koz\/","title":{"rendered":"Finale de la Deuxi\u00e8me \u00c9dition du Concours d\u2019\u00c9loquence : Jean Joly Ose, Jean Joly Koz !"},"content":{"rendered":"\n<p>Le 18 d\u00e9cembre 2025, le lyc\u00e9e Jean Joly a de nouveau vibr\u00e9 au rythme des mots et des id\u00e9es lors de la deuxi\u00e8me \u00e9dition de son concours d\u2019\u00e9loquence. Organis\u00e9 par un comit\u00e9 dynamique d\u2019\u00e9l\u00e8ves et de professeurs, cet \u00e9v\u00e9nement a rassembl\u00e9 une vingtaine d\u2019\u00e9l\u00e8ves de tous niveaux, pr\u00eats \u00e0 s\u2019exprimer sur le th\u00e9matique <strong>\u00ab L<\/strong><strong>e <\/strong><strong>courage<\/strong><strong>\u00bb<\/strong>.<\/p>\n\n\n\n<p>Le concours a \u00e9t\u00e9 orchestr\u00e9 par les \u00e9l\u00e8ves  : Yohan GASTRIN, Chl\u00e9ane TECHER, Djanita DJABIR, Elias KACZMARECK, Noah PAYET, Gabriel LEBRETON, Mathieu CHEVALIER et Marc NATIVEL, sous la supervision de Mme H\u00c9LI\u00c8S, professeur de Lettres, et de Mme PAYET, professeur documentaliste. Apr\u00e8s une phase de qualification o\u00f9 chaque participant a pr\u00e9sent\u00e9 un discours de cinq minutes, cinq \u00e9l\u00e8ves ont \u00e9t\u00e9 s\u00e9lectionn\u00e9s pour la finale.<\/p>\n\n\n\n<figure class=\"wp-block-image size-large\"><img loading=\"lazy\" decoding=\"async\" width=\"1024\" height=\"768\" src=\"https:\/\/etab.ac-reunion.fr\/lyc-jean-joly\/wp-content\/uploads\/sites\/114\/2026\/04\/le-comite-1024x768.jpeg\" alt=\"\" class=\"wp-image-8742\" srcset=\"https:\/\/etab.ac-reunion.fr\/lyc-jean-joly\/wp-content\/uploads\/sites\/114\/2026\/04\/le-comite-1024x768.jpeg 1024w, https:\/\/etab.ac-reunion.fr\/lyc-jean-joly\/wp-content\/uploads\/sites\/114\/2026\/04\/le-comite-300x225.jpeg 300w, https:\/\/etab.ac-reunion.fr\/lyc-jean-joly\/wp-content\/uploads\/sites\/114\/2026\/04\/le-comite-1536x1152.jpeg 1536w, https:\/\/etab.ac-reunion.fr\/lyc-jean-joly\/wp-content\/uploads\/sites\/114\/2026\/04\/le-comite-2048x1536.jpeg 2048w, https:\/\/etab.ac-reunion.fr\/lyc-jean-joly\/wp-content\/uploads\/sites\/114\/2026\/04\/le-comite-150x113.jpeg 150w\" sizes=\"auto, (max-width: 1024px) 100vw, 1024px\" \/><figcaption class=\"wp-element-caption\">Le comit\u00e9 du concours d&rsquo;\u00e9loquence<\/figcaption><\/figure>\n\n\n\n<p><br>C\u2019est dans l\u2019agora du lyc\u00e9e que les finalistes se sont affront\u00e9s avec passion et d\u00e9termination. Les \u00e9l\u00e8ves en lice \u00e9taient : Chlo\u00e9 GILLES, Eva HOARAU, Marina PAYET, Pierre Emmanuel PAYET et Cassidy TURPIN. Le jury, compos\u00e9 de M. LEPERLIER, professeurs de Lettres, Mme HOARAU, professeurs de Philosophie, ainsi que de Mme FROMET et M. NURBEL, professeurs d\u2019Histoire G\u00e9ographie, a eu la difficile t\u00e2che d\u2019\u00e9valuer les performances des candidats, accompagn\u00e9s par quatre membres du comit\u00e9 d\u2019\u00e9loquence.<\/p>\n\n\n\n<figure class=\"wp-block-gallery has-nested-images columns-default is-cropped wp-block-gallery-1 is-layout-flex wp-block-gallery-is-layout-flex\">\n<figure class=\"wp-block-image size-large\"><img loading=\"lazy\" decoding=\"async\" width=\"1024\" height=\"768\" data-id=\"8761\" src=\"https:\/\/etab.ac-reunion.fr\/lyc-jean-joly\/wp-content\/uploads\/sites\/114\/2026\/04\/IMG_20251218_083613-1024x768.jpg\" alt=\"\" class=\"wp-image-8761\" srcset=\"https:\/\/etab.ac-reunion.fr\/lyc-jean-joly\/wp-content\/uploads\/sites\/114\/2026\/04\/IMG_20251218_083613-1024x768.jpg 1024w, https:\/\/etab.ac-reunion.fr\/lyc-jean-joly\/wp-content\/uploads\/sites\/114\/2026\/04\/IMG_20251218_083613-300x225.jpg 300w, https:\/\/etab.ac-reunion.fr\/lyc-jean-joly\/wp-content\/uploads\/sites\/114\/2026\/04\/IMG_20251218_083613-1536x1152.jpg 1536w, https:\/\/etab.ac-reunion.fr\/lyc-jean-joly\/wp-content\/uploads\/sites\/114\/2026\/04\/IMG_20251218_083613-2048x1536.jpg 2048w, https:\/\/etab.ac-reunion.fr\/lyc-jean-joly\/wp-content\/uploads\/sites\/114\/2026\/04\/IMG_20251218_083613-150x113.jpg 150w\" sizes=\"auto, (max-width: 1024px) 100vw, 1024px\" \/><figcaption class=\"wp-element-caption\">Les membres du jury<\/figcaption><\/figure>\n\n\n\n<figure class=\"wp-block-image size-large\"><img loading=\"lazy\" decoding=\"async\" width=\"1024\" height=\"768\" data-id=\"8762\" src=\"https:\/\/etab.ac-reunion.fr\/lyc-jean-joly\/wp-content\/uploads\/sites\/114\/2026\/04\/motion_photo_5002722037573561727-1024x768.jpg\" alt=\"\" class=\"wp-image-8762\" srcset=\"https:\/\/etab.ac-reunion.fr\/lyc-jean-joly\/wp-content\/uploads\/sites\/114\/2026\/04\/motion_photo_5002722037573561727-1024x768.jpg 1024w, https:\/\/etab.ac-reunion.fr\/lyc-jean-joly\/wp-content\/uploads\/sites\/114\/2026\/04\/motion_photo_5002722037573561727-300x225.jpg 300w, https:\/\/etab.ac-reunion.fr\/lyc-jean-joly\/wp-content\/uploads\/sites\/114\/2026\/04\/motion_photo_5002722037573561727-1536x1152.jpg 1536w, https:\/\/etab.ac-reunion.fr\/lyc-jean-joly\/wp-content\/uploads\/sites\/114\/2026\/04\/motion_photo_5002722037573561727-150x113.jpg 150w, https:\/\/etab.ac-reunion.fr\/lyc-jean-joly\/wp-content\/uploads\/sites\/114\/2026\/04\/motion_photo_5002722037573561727.jpg 1600w\" sizes=\"auto, (max-width: 1024px) 100vw, 1024px\" \/><figcaption class=\"wp-element-caption\">D\u00e9lib\u00e9ration du jury<\/figcaption><\/figure>\n<\/figure>\n\n\n\n<p>Marina PAYET a brillamment remport\u00e9 le premier prix avec son discours captivant intitul\u00e9 \u00ab Est-il plus difficile d\u2019\u00eatre courageux face aux autres ou face \u00e0 soi-m\u00eame ? \u00bb, touchant le jury par sa profondeur et sa r\u00e9flexion.<\/p>\n\n\n\n<p>Eva HOARAU a \u00e9galement fait une excellente prestation, d\u00e9crochant le deuxi\u00e8me prix.<\/p>\n\n\n\n<p>Chlo\u00e9 GILLES a convaincu le jury d\u00e9crochant le troisi\u00e8me prix.<\/p>\n\n\n\n<p>Le prix coup de c\u0153ur du jury a \u00e9t\u00e9 attribu\u00e9 \u00e0 Pierre-Emmanuel PAYET et Cassidy TURPIN.<\/p>\n\n\n\n<figure class=\"wp-block-image size-large\"><img loading=\"lazy\" decoding=\"async\" width=\"1024\" height=\"768\" src=\"https:\/\/etab.ac-reunion.fr\/lyc-jean-joly\/wp-content\/uploads\/sites\/114\/2026\/04\/IMG-20260414-WA0011-1024x768.jpg\" alt=\"\" class=\"wp-image-8758\" srcset=\"https:\/\/etab.ac-reunion.fr\/lyc-jean-joly\/wp-content\/uploads\/sites\/114\/2026\/04\/IMG-20260414-WA0011-1024x768.jpg 1024w, https:\/\/etab.ac-reunion.fr\/lyc-jean-joly\/wp-content\/uploads\/sites\/114\/2026\/04\/IMG-20260414-WA0011-300x225.jpg 300w, https:\/\/etab.ac-reunion.fr\/lyc-jean-joly\/wp-content\/uploads\/sites\/114\/2026\/04\/IMG-20260414-WA0011-1536x1152.jpg 1536w, https:\/\/etab.ac-reunion.fr\/lyc-jean-joly\/wp-content\/uploads\/sites\/114\/2026\/04\/IMG-20260414-WA0011-150x113.jpg 150w, https:\/\/etab.ac-reunion.fr\/lyc-jean-joly\/wp-content\/uploads\/sites\/114\/2026\/04\/IMG-20260414-WA0011.jpg 1600w\" sizes=\"auto, (max-width: 1024px) 100vw, 1024px\" \/><\/figure>\n\n\n\n<p>Un grand bravo \u00e0 l\u2019ensemble des participants pour leur engagement et leur motivation !<\/p>\n\n\n\n<p>Ce concours a non seulement permis de mettre en avant les talents oratoires des \u00e9l\u00e8ves, mais a \u00e9galement renforc\u00e9 les liens au sein de la communaut\u00e9 scolaire.<\/p>\n\n\n\n<p>La matin\u00e9e s\u2019est achev\u00e9e en beaut\u00e9 avec \u00ab Le kabar sous les arbres \u00bb, un concert qui a mis en avant les talents des \u00e9l\u00e8ves de l\u2019option musique. Ce fut une matin\u00e9e conviviale et festive durant laquelle les \u00e9l\u00e8ves ont pu partager leur passion pour la musique et la culture.<\/p>\n","protected":false},"excerpt":{"rendered":"<p>Le 18 d\u00e9cembre 2025, le lyc\u00e9e Jean Joly a de nouveau vibr\u00e9 au rythme des mots et des id\u00e9es lors de la deuxi\u00e8me \u00e9dition de son concours d\u2019\u00e9loquence. Organis\u00e9 par&#8230;<\/p>\n<p> <a class=\"continue-reading-link\" href=\"https:\/\/etab.ac-reunion.fr\/lyc-jean-joly\/finale-de-la-deuxieme-edition-du-concours-deloquence-jean-joly-ose-jean-joly-koz\/\"><span>Lire la suite<\/span><i class=\"crycon-right-dir\"><\/i><\/a> <\/p>\n","protected":false},"author":28761,"featured_media":8764,"comment_status":"closed","ping_status":"closed","sticky":false,"template":"","format":"standard","meta":{"footnotes":""},"categories":[19],"tags":[],"class_list":["post-8741","post","type-post","status-publish","format-standard","has-post-thumbnail","hentry","category-vie-etablissement"],"_links":{"self":[{"href":"https:\/\/etab.ac-reunion.fr\/lyc-jean-joly\/wp-json\/wp\/v2\/posts\/8741","targetHints":{"allow":["GET"]}}],"collection":[{"href":"https:\/\/etab.ac-reunion.fr\/lyc-jean-joly\/wp-json\/wp\/v2\/posts"}],"about":[{"href":"https:\/\/etab.ac-reunion.fr\/lyc-jean-joly\/wp-json\/wp\/v2\/types\/post"}],"author":[{"embeddable":true,"href":"https:\/\/etab.ac-reunion.fr\/lyc-jean-joly\/wp-json\/wp\/v2\/users\/28761"}],"replies":[{"embeddable":true,"href":"https:\/\/etab.ac-reunion.fr\/lyc-jean-joly\/wp-json\/wp\/v2\/comments?post=8741"}],"version-history":[{"count":3,"href":"https:\/\/etab.ac-reunion.fr\/lyc-jean-joly\/wp-json\/wp\/v2\/posts\/8741\/revisions"}],"predecessor-version":[{"id":8763,"href":"https:\/\/etab.ac-reunion.fr\/lyc-jean-joly\/wp-json\/wp\/v2\/posts\/8741\/revisions\/8763"}],"wp:featuredmedia":[{"embeddable":true,"href":"https:\/\/etab.ac-reunion.fr\/lyc-jean-joly\/wp-json\/wp\/v2\/media\/8764"}],"wp:attachment":[{"href":"https:\/\/etab.ac-reunion.fr\/lyc-jean-joly\/wp-json\/wp\/v2\/media?parent=8741"}],"wp:term":[{"taxonomy":"category","embeddable":true,"href":"https:\/\/etab.ac-reunion.fr\/lyc-jean-joly\/wp-json\/wp\/v2\/categories?post=8741"},{"taxonomy":"post_tag","embeddable":true,"href":"https:\/\/etab.ac-reunion.fr\/lyc-jean-joly\/wp-json\/wp\/v2\/tags?post=8741"}],"curies":[{"name":"wp","href":"https:\/\/api.w.org\/{rel}","templated":true}]}}