{"id":6056,"date":"2019-09-18T08:56:17","date_gmt":"2019-09-18T04:56:17","guid":{"rendered":"http:\/\/lycee-lepervanche.ac-reunion.fr\/?p=6056"},"modified":"2019-09-20T13:01:35","modified_gmt":"2019-09-20T09:01:35","slug":"le-wolrd-cleanup-day","status":"publish","type":"post","link":"https:\/\/etab.ac-reunion.fr\/lyc-lepervanche\/le-wolrd-cleanup-day\/","title":{"rendered":"LE WOLRD CLEANUP DAY"},"content":{"rendered":"<p><strong>Les \u00e9l\u00e8ves du lyc\u00e9e professionnel L\u00e9on de L\u00e9pervanche se mobilisent.<\/strong><\/p>\n\n\t\t<style type=\"text\/css\">\n\t\t\t#gallery-1 {\n\t\t\t\tmargin: auto;\n\t\t\t}\n\t\t\t#gallery-1 .gallery-item {\n\t\t\t\tfloat: left;\n\t\t\t\tmargin-top: 10px;\n\t\t\t\ttext-align: center;\n\t\t\t\twidth: 33%;\n\t\t\t}\n\t\t\t#gallery-1 img {\n\t\t\t\tborder: 2px solid #cfcfcf;\n\t\t\t}\n\t\t\t#gallery-1 .gallery-caption {\n\t\t\t\tmargin-left: 0;\n\t\t\t}\n\t\t\t\/* see gallery_shortcode() in wp-includes\/media.php *\/\n\t\t<\/style>\n\t\t<div id='gallery-1' class='gallery galleryid-6056 gallery-columns-3 gallery-size-thumbnail'><dl class='gallery-item'>\n\t\t\t<dt class='gallery-icon landscape'>\n\t\t\t\t<a href='https:\/\/etab.ac-reunion.fr\/lyc-lepervanche\/le-wolrd-cleanup-day\/les-eco-ambassadeurs\/'><img loading=\"lazy\" decoding=\"async\" width=\"150\" height=\"150\" src=\"https:\/\/etab.ac-reunion.fr\/lyc-lepervanche\/wp-content\/uploads\/sites\/17\/2019\/09\/LES-ECO-AMBASSADEURS-150x150.jpg\" class=\"attachment-thumbnail size-thumbnail\" alt=\"\" aria-describedby=\"gallery-1-6057\" \/><\/a>\n\t\t\t<\/dt>\n\t\t\t\t<dd class='wp-caption-text gallery-caption' id='gallery-1-6057'>\n\t\t\t\tLes \u00e9co-ambassadeurs \n\t\t\t\t<\/dd><\/dl><dl class='gallery-item'>\n\t\t\t<dt class='gallery-icon landscape'>\n\t\t\t\t<a href='https:\/\/etab.ac-reunion.fr\/lyc-lepervanche\/le-wolrd-cleanup-day\/mdl\/'><img loading=\"lazy\" decoding=\"async\" width=\"150\" height=\"150\" src=\"https:\/\/etab.ac-reunion.fr\/lyc-lepervanche\/wp-content\/uploads\/sites\/17\/2019\/09\/MDL-150x150.jpg\" class=\"attachment-thumbnail size-thumbnail\" alt=\"\" aria-describedby=\"gallery-1-6060\" \/><\/a>\n\t\t\t<\/dt>\n\t\t\t\t<dd class='wp-caption-text gallery-caption' id='gallery-1-6060'>\n\t\t\t\tEl\u00e8ves \n\t\t\t\t<\/dd><\/dl><dl class='gallery-item'>\n\t\t\t<dt class='gallery-icon portrait'>\n\t\t\t\t<a href='https:\/\/etab.ac-reunion.fr\/lyc-lepervanche\/le-wolrd-cleanup-day\/mdl2-3\/'><img loading=\"lazy\" decoding=\"async\" width=\"150\" height=\"150\" src=\"https:\/\/etab.ac-reunion.fr\/lyc-lepervanche\/wp-content\/uploads\/sites\/17\/2019\/09\/Mdl2-150x150.jpg\" class=\"attachment-thumbnail size-thumbnail\" alt=\"\" aria-describedby=\"gallery-1-6063\" \/><\/a>\n\t\t\t<\/dt>\n\t\t\t\t<dd class='wp-caption-text gallery-caption' id='gallery-1-6063'>\n\t\t\t\tSensibilisation aux tris\n\t\t\t\t<\/dd><\/dl><br style=\"clear: both\" \/><dl class='gallery-item'>\n\t\t\t<dt class='gallery-icon landscape'>\n\t\t\t\t<a href='https:\/\/etab.ac-reunion.fr\/lyc-lepervanche\/le-wolrd-cleanup-day\/intervenants\/'><img loading=\"lazy\" decoding=\"async\" width=\"150\" height=\"150\" src=\"https:\/\/etab.ac-reunion.fr\/lyc-lepervanche\/wp-content\/uploads\/sites\/17\/2019\/09\/Intervenants-150x150.jpg\" class=\"attachment-thumbnail size-thumbnail\" alt=\"\" aria-describedby=\"gallery-1-6064\" \/><\/a>\n\t\t\t<\/dt>\n\t\t\t\t<dd class='wp-caption-text gallery-caption' id='gallery-1-6064'>\n\t\t\t\tintervenants\n\t\t\t\t<\/dd><\/dl><dl class='gallery-item'>\n\t\t\t<dt class='gallery-icon portrait'>\n\t\t\t\t<a href='https:\/\/etab.ac-reunion.fr\/lyc-lepervanche\/le-wolrd-cleanup-day\/professeurs-et-eleves-se-mobilisent\/'><img loading=\"lazy\" decoding=\"async\" width=\"150\" height=\"150\" src=\"https:\/\/etab.ac-reunion.fr\/lyc-lepervanche\/wp-content\/uploads\/sites\/17\/2019\/09\/Professeurs-et-\u00e9l\u00e8ves-se-mobilisent-150x150.jpg\" class=\"attachment-thumbnail size-thumbnail\" alt=\"\" aria-describedby=\"gallery-1-6061\" \/><\/a>\n\t\t\t<\/dt>\n\t\t\t\t<dd class='wp-caption-text gallery-caption' id='gallery-1-6061'>\n\t\t\t\tProfesseurs et \u00e9l\u00e8ves en action\n\t\t\t\t<\/dd><\/dl><dl class='gallery-item'>\n\t\t\t<dt class='gallery-icon portrait'>\n\t\t\t\t<a href='https:\/\/etab.ac-reunion.fr\/lyc-lepervanche\/le-wolrd-cleanup-day\/2mei1\/'><img loading=\"lazy\" decoding=\"async\" width=\"150\" height=\"150\" src=\"https:\/\/etab.ac-reunion.fr\/lyc-lepervanche\/wp-content\/uploads\/sites\/17\/2019\/09\/2MEI1-150x150.jpg\" class=\"attachment-thumbnail size-thumbnail\" alt=\"\" aria-describedby=\"gallery-1-6059\" \/><\/a>\n\t\t\t<\/dt>\n\t\t\t\t<dd class='wp-caption-text gallery-caption' id='gallery-1-6059'>\n\t\t\t\t2MEI1\n\t\t\t\t<\/dd><\/dl><br style=\"clear: both\" \/><dl class='gallery-item'>\n\t\t\t<dt class='gallery-icon landscape'>\n\t\t\t\t<a href='https:\/\/etab.ac-reunion.fr\/lyc-lepervanche\/le-wolrd-cleanup-day\/20190917_101330\/'><img loading=\"lazy\" decoding=\"async\" width=\"150\" height=\"150\" src=\"https:\/\/etab.ac-reunion.fr\/lyc-lepervanche\/wp-content\/uploads\/sites\/17\/2019\/09\/20190917_101330-150x150.jpg\" class=\"attachment-thumbnail size-thumbnail\" alt=\"\" aria-describedby=\"gallery-1-6065\" \/><\/a>\n\t\t\t<\/dt>\n\t\t\t\t<dd class='wp-caption-text gallery-caption' id='gallery-1-6065'>\n\t\t\t\tProfesseur,agents et \u00e9l\u00e8ves (2RCI)\n\t\t\t\t<\/dd><\/dl><dl class='gallery-item'>\n\t\t\t<dt class='gallery-icon portrait'>\n\t\t\t\t<a href='https:\/\/etab.ac-reunion.fr\/lyc-lepervanche\/le-wolrd-cleanup-day\/received_2589508271277647\/'><img loading=\"lazy\" decoding=\"async\" width=\"150\" height=\"150\" src=\"https:\/\/etab.ac-reunion.fr\/lyc-lepervanche\/wp-content\/uploads\/sites\/17\/2019\/09\/received_2589508271277647-150x150.jpeg\" class=\"attachment-thumbnail size-thumbnail\" alt=\"Sac\" aria-describedby=\"gallery-1-6066\" \/><\/a>\n\t\t\t<\/dt>\n\t\t\t\t<dd class='wp-caption-text gallery-caption' id='gallery-1-6066'>\n\t\t\t\tSac \u00e0 mesurer les d\u00e9chets\n\t\t\t\t<\/dd><\/dl>\n\t\t\t<br style='clear: both' \/>\n\t\t<\/div>\n\n<p>Le samedi 21 septembre 2019 aura lieu la journ\u00e9e mondiale du ramassage des d\u00e9chets\u00a0:<\/p>\n<p>\u00ab\u00a0Le World Cleanup Day<sub>\u00a0\u00bb<\/sub><\/p>\n<p>Cet \u00e9v\u00e9nement mondial a pour objectif de sensibiliser toutes les g\u00e9n\u00e9rations \u00e0 notre mode de consommation et \u00e0 ses cons\u00e9quences afin de changer le regard de chacun sur notre environnement\u00a0\u00a0 et d\u2019arriver \u00e0 une prise de conscience collective.<\/p>\n<p>Pendant cette semaine, les \u00e9l\u00e8ves seront sensibilis\u00e9s aux enjeux du recyclage\u00a0 avec\u00a0 notre partenaire CYCLEA avant de se rendre sur les 11ha du lyc\u00e9e pour un ramassage des d\u00e9chets. Ils seront tri\u00e9s, recycl\u00e9s et pes\u00e9s puis, ils seront r\u00e9utilis\u00e9s vendredi dans le cadre d\u2019une performance.<\/p>\n<p>Vendredi 20 septembre, 2 classes se rendront \u00e0 l\u2019ext\u00e9rieur du lyc\u00e9e afin de collecter des d\u00e9chets sauvages puis feront une visite du centre de tri.<\/p>\n<!-- AddThis Advanced Settings generic via filter on the_content --><!-- AddThis Share Buttons generic via filter on the_content -->","protected":false},"excerpt":{"rendered":"<p>Les \u00e9l\u00e8ves du lyc\u00e9e professionnel L\u00e9on de L\u00e9pervanche se mobilisent. Le samedi 21 septembre 2019 aura lieu la journ\u00e9e mondiale du ramassage des d\u00e9chets\u00a0: \u00ab\u00a0Le World Cleanup Day\u00a0\u00bb Cet \u00e9v\u00e9nement mondial a pour objectif de sensibiliser toutes les g\u00e9n\u00e9rations \u00e0 notre mode de consommation et \u00e0 ses cons\u00e9quences afin de changer le regard de chacun [&hellip;]<!-- AddThis Advanced Settings generic via filter on get_the_excerpt --><!-- AddThis Share Buttons generic via filter on get_the_excerpt --><\/p>\n","protected":false},"author":18514,"featured_media":6057,"comment_status":"closed","ping_status":"open","sticky":false,"template":"","format":"standard","meta":{"_et_pb_use_builder":"","_et_pb_old_content":"","_et_gb_content_width":"","footnotes":""},"categories":[111,93,110],"tags":[],"class_list":["post-6056","post","type-post","status-publish","format-standard","has-post-thumbnail","hentry","category-actions-projets","category-actualites","category-developpement-durable"],"_links":{"self":[{"href":"https:\/\/etab.ac-reunion.fr\/lyc-lepervanche\/wp-json\/wp\/v2\/posts\/6056","targetHints":{"allow":["GET"]}}],"collection":[{"href":"https:\/\/etab.ac-reunion.fr\/lyc-lepervanche\/wp-json\/wp\/v2\/posts"}],"about":[{"href":"https:\/\/etab.ac-reunion.fr\/lyc-lepervanche\/wp-json\/wp\/v2\/types\/post"}],"author":[{"embeddable":true,"href":"https:\/\/etab.ac-reunion.fr\/lyc-lepervanche\/wp-json\/wp\/v2\/users\/18514"}],"replies":[{"embeddable":true,"href":"https:\/\/etab.ac-reunion.fr\/lyc-lepervanche\/wp-json\/wp\/v2\/comments?post=6056"}],"version-history":[{"count":2,"href":"https:\/\/etab.ac-reunion.fr\/lyc-lepervanche\/wp-json\/wp\/v2\/posts\/6056\/revisions"}],"predecessor-version":[{"id":6067,"href":"https:\/\/etab.ac-reunion.fr\/lyc-lepervanche\/wp-json\/wp\/v2\/posts\/6056\/revisions\/6067"}],"wp:featuredmedia":[{"embeddable":true,"href":"https:\/\/etab.ac-reunion.fr\/lyc-lepervanche\/wp-json\/wp\/v2\/media\/6057"}],"wp:attachment":[{"href":"https:\/\/etab.ac-reunion.fr\/lyc-lepervanche\/wp-json\/wp\/v2\/media?parent=6056"}],"wp:term":[{"taxonomy":"category","embeddable":true,"href":"https:\/\/etab.ac-reunion.fr\/lyc-lepervanche\/wp-json\/wp\/v2\/categories?post=6056"},{"taxonomy":"post_tag","embeddable":true,"href":"https:\/\/etab.ac-reunion.fr\/lyc-lepervanche\/wp-json\/wp\/v2\/tags?post=6056"}],"curies":[{"name":"wp","href":"https:\/\/api.w.org\/{rel}","templated":true}]}}