{"id":6210,"date":"2019-11-15T09:08:16","date_gmt":"2019-11-15T05:08:16","guid":{"rendered":"http:\/\/lycee-lepervanche.ac-reunion.fr\/?p=6210"},"modified":"2019-11-15T09:12:04","modified_gmt":"2019-11-15T05:12:04","slug":"fete-de-la-science-2019","status":"publish","type":"post","link":"https:\/\/etab.ac-reunion.fr\/lyc-lepervanche\/fete-de-la-science-2019\/","title":{"rendered":"F\u00eate de la science 2019"},"content":{"rendered":"<p>Notre lyc\u00e9e L\u00e9on Lepervanche, figurait au Programme de la F\u00eate de la Science 2019 et nos \u00e9l\u00e8ves de CAP 2 BIJ sont fiers d&rsquo;avoir pu repr\u00e9senter notre lyc\u00e9e \u00e0 l\u2019universit\u00e9 du Moufia.<\/p>\n<div>Nous sommes visible \u00a0dans l\u2019openagenda :<\/div>\n<div><a href=\"https:\/\/openagenda.com\/fetedelascience2019_lareunion\/events\/evolution-des-techniques-dillusions-doptique-a-partir-du-19ieme-siecle-a-nos-jour?lang=\" target=\"_blank\" rel=\"noopener noreferrer\" data-saferedirecturl=\"https:\/\/www.google.com\/url?q=https:\/\/openagenda.com\/fetedelascience2019_lareunion\/events\/marketing-sensoriel-quand-les-sens-deviennent-des-outils-de-vente?lang%3D&amp;source=gmail&amp;ust=1573879558316000&amp;usg=AFQjCNHJxvHgLgfJvg2Iul0Pej6dfE8egA\">https:\/\/openagenda.com\/fetedelascience2019_lareunion\/events\/marketing-sensoriel-quand-les-sens-deviennent-des-outils-de-vente?lang=<\/a><\/div>\n<div><\/div>\n<div>Notre stand a eu beaucoup de succ\u00e8s par la pr\u00e9sence de nombreux visiteurs et cela a permis de valoriser les efforts fais par nos \u00e9l\u00e8ves Thomas Laurie, Ulrich Tauran, Plantard Thomas, Valliamee Anne, Angama Cedric qui ont pris plaisir \u00e0 pr\u00e9senter leur travaux comme en t\u00e9moignent ces photos&#8230;<\/div>\n<div><\/div>\n<div><a href=\"https:\/\/etab.ac-reunion.fr\/lyc-lepervanche\/wp-content\/uploads\/sites\/17\/2019\/11\/10CD43DC-1C0F-48BE-9A65-2A639A8E8234.jpeg\"><img loading=\"lazy\" decoding=\"async\" class=\"aligncenter size-medium wp-image-6211\" src=\"https:\/\/etab.ac-reunion.fr\/lyc-lepervanche\/wp-content\/uploads\/sites\/17\/2019\/11\/10CD43DC-1C0F-48BE-9A65-2A639A8E8234-300x200.jpeg\" alt=\"\" width=\"300\" height=\"200\" \/><\/a><\/div>\n<div><a href=\"https:\/\/etab.ac-reunion.fr\/lyc-lepervanche\/wp-content\/uploads\/sites\/17\/2019\/11\/BD51F028-08CF-485D-87F8-72E31648BD0C.jpeg\"><img loading=\"lazy\" decoding=\"async\" class=\"aligncenter size-medium wp-image-6212\" src=\"https:\/\/etab.ac-reunion.fr\/lyc-lepervanche\/wp-content\/uploads\/sites\/17\/2019\/11\/BD51F028-08CF-485D-87F8-72E31648BD0C-300x200.jpeg\" alt=\"\" width=\"300\" height=\"200\" \/><\/a><\/div>\n<div><a href=\"https:\/\/etab.ac-reunion.fr\/lyc-lepervanche\/wp-content\/uploads\/sites\/17\/2019\/11\/E2A42274-9C4B-484E-AF84-8F0CCA1202A6.jpeg\"><img loading=\"lazy\" decoding=\"async\" class=\"aligncenter size-medium wp-image-6213\" src=\"https:\/\/etab.ac-reunion.fr\/lyc-lepervanche\/wp-content\/uploads\/sites\/17\/2019\/11\/E2A42274-9C4B-484E-AF84-8F0CCA1202A6-300x225.jpeg\" alt=\"\" width=\"300\" height=\"225\" \/><\/a><\/div>\n<div><\/div>\n<div>\n<div class=\"wp-playlist wp-video-playlist wp-playlist-light\">\n\t\t<video controls=\"controls\" preload=\"none\" width=\"1058\"\n\t\t height=\"595\"\t><\/video>\n\t<div class=\"wp-playlist-next\"><\/div>\n\t<div class=\"wp-playlist-prev\"><\/div>\n\t<noscript>\n\t<ol>\n\t\t<li><a href='https:\/\/etab.ac-reunion.fr\/lyc-lepervanche\/wp-content\/uploads\/sites\/17\/2019\/11\/trim.9F5998CD-B1D3-4EFA-BF15-5321917D68B5.mov'>F\u00eate de la Science 2020 Pr\u00e9sentation 1<\/a><\/li><li><a href='https:\/\/etab.ac-reunion.fr\/lyc-lepervanche\/wp-content\/uploads\/sites\/17\/2019\/11\/trim.EC6C5339-0696-4305-B0D4-C7F373A5208A.mov'>F\u00eate de la Science 2020 Pr\u00e9sentation 2<\/a><\/li>\t<\/ol>\n\t<\/noscript>\n\t<script type=\"application\/json\" class=\"wp-playlist-script\">{\"type\":\"video\",\"tracklist\":true,\"tracknumbers\":true,\"images\":true,\"artists\":true,\"tracks\":[{\"src\":\"https:\/\/etab.ac-reunion.fr\/lyc-lepervanche\/wp-content\/uploads\/sites\/17\/2019\/11\/trim.9F5998CD-B1D3-4EFA-BF15-5321917D68B5.mov\",\"type\":\"video\/quicktime\",\"title\":\"F\\u00eate de la Science 2020 Pr\\u00e9sentation 1\",\"caption\":\"\",\"description\":\"\",\"meta\":{\"length_formatted\":\"0:11\"},\"dimensions\":{\"original\":{\"width\":1280,\"height\":720},\"resized\":{\"width\":1058,\"height\":595}},\"image\":{\"src\":\"https:\/\/etab.ac-reunion.fr\/lyc-lepervanche\/wp-includes\/images\/media\/video.svg\",\"width\":48,\"height\":64},\"thumb\":{\"src\":\"https:\/\/etab.ac-reunion.fr\/lyc-lepervanche\/wp-includes\/images\/media\/video.svg\",\"width\":48,\"height\":64}},{\"src\":\"https:\/\/etab.ac-reunion.fr\/lyc-lepervanche\/wp-content\/uploads\/sites\/17\/2019\/11\/trim.EC6C5339-0696-4305-B0D4-C7F373A5208A.mov\",\"type\":\"video\/quicktime\",\"title\":\"F\\u00eate de la Science 2020 Pr\\u00e9sentation 2\",\"caption\":\"\",\"description\":\"\",\"meta\":{\"length_formatted\":\"0:23\"},\"dimensions\":{\"original\":{\"width\":1280,\"height\":720},\"resized\":{\"width\":1058,\"height\":595}},\"image\":{\"src\":\"https:\/\/etab.ac-reunion.fr\/lyc-lepervanche\/wp-includes\/images\/media\/video.svg\",\"width\":48,\"height\":64},\"thumb\":{\"src\":\"https:\/\/etab.ac-reunion.fr\/lyc-lepervanche\/wp-includes\/images\/media\/video.svg\",\"width\":48,\"height\":64}}]}<\/script>\n<\/div>\n\t\n<p>Tous les stands :<\/p>\n<p><a href=\"https:\/\/openagenda.com\/fetedelascience2019_lareunion?lang=fr\">https:\/\/openagenda.com\/fetedelascience2019_lareunion?lang=fr<\/a><\/p>\n<p>&nbsp;<\/p>\n<\/div>\n<!-- AddThis Advanced Settings generic via filter on the_content --><!-- AddThis Share Buttons generic via filter on the_content -->","protected":false},"excerpt":{"rendered":"<p>Notre lyc\u00e9e L\u00e9on Lepervanche, figurait au Programme de la F\u00eate de la Science 2019 et nos \u00e9l\u00e8ves de CAP 2 BIJ sont fiers d&rsquo;avoir pu repr\u00e9senter notre lyc\u00e9e \u00e0 l\u2019universit\u00e9 du Moufia. Nous sommes visible \u00a0dans l\u2019openagenda : https:\/\/openagenda.com\/fetedelascience2019_lareunion\/events\/marketing-sensoriel-quand-les-sens-deviennent-des-outils-de-vente?lang= Notre stand a eu beaucoup de succ\u00e8s par la pr\u00e9sence de nombreux visiteurs et cela a [&hellip;]<!-- AddThis Advanced Settings generic via filter on get_the_excerpt --><!-- AddThis Share Buttons generic via filter on get_the_excerpt --><\/p>\n","protected":false},"author":15058,"featured_media":6212,"comment_status":"closed","ping_status":"open","sticky":false,"template":"","format":"standard","meta":{"_et_pb_use_builder":"","_et_pb_old_content":"","_et_gb_content_width":"","footnotes":""},"categories":[111,93,115],"tags":[],"class_list":["post-6210","post","type-post","status-publish","format-standard","has-post-thumbnail","hentry","category-actions-projets","category-actualites","category-salons"],"_links":{"self":[{"href":"https:\/\/etab.ac-reunion.fr\/lyc-lepervanche\/wp-json\/wp\/v2\/posts\/6210","targetHints":{"allow":["GET"]}}],"collection":[{"href":"https:\/\/etab.ac-reunion.fr\/lyc-lepervanche\/wp-json\/wp\/v2\/posts"}],"about":[{"href":"https:\/\/etab.ac-reunion.fr\/lyc-lepervanche\/wp-json\/wp\/v2\/types\/post"}],"author":[{"embeddable":true,"href":"https:\/\/etab.ac-reunion.fr\/lyc-lepervanche\/wp-json\/wp\/v2\/users\/15058"}],"replies":[{"embeddable":true,"href":"https:\/\/etab.ac-reunion.fr\/lyc-lepervanche\/wp-json\/wp\/v2\/comments?post=6210"}],"version-history":[{"count":3,"href":"https:\/\/etab.ac-reunion.fr\/lyc-lepervanche\/wp-json\/wp\/v2\/posts\/6210\/revisions"}],"predecessor-version":[{"id":6219,"href":"https:\/\/etab.ac-reunion.fr\/lyc-lepervanche\/wp-json\/wp\/v2\/posts\/6210\/revisions\/6219"}],"wp:featuredmedia":[{"embeddable":true,"href":"https:\/\/etab.ac-reunion.fr\/lyc-lepervanche\/wp-json\/wp\/v2\/media\/6212"}],"wp:attachment":[{"href":"https:\/\/etab.ac-reunion.fr\/lyc-lepervanche\/wp-json\/wp\/v2\/media?parent=6210"}],"wp:term":[{"taxonomy":"category","embeddable":true,"href":"https:\/\/etab.ac-reunion.fr\/lyc-lepervanche\/wp-json\/wp\/v2\/categories?post=6210"},{"taxonomy":"post_tag","embeddable":true,"href":"https:\/\/etab.ac-reunion.fr\/lyc-lepervanche\/wp-json\/wp\/v2\/tags?post=6210"}],"curies":[{"name":"wp","href":"https:\/\/api.w.org\/{rel}","templated":true}]}}