{"id":29196,"date":"2026-04-09T12:13:23","date_gmt":"2026-04-09T08:13:23","guid":{"rendered":"https:\/\/etab.ac-reunion.fr\/lyc-louis-payen\/?p=29196"},"modified":"2026-04-14T11:02:03","modified_gmt":"2026-04-14T07:02:03","slug":"un-origami-pour-la-paix-objectif-atteint","status":"publish","type":"post","link":"https:\/\/etab.ac-reunion.fr\/lyc-louis-payen\/un-origami-pour-la-paix-objectif-atteint\/","title":{"rendered":"Un origami pour la paix : objectif atteint !"},"content":{"rendered":"\n<p class=\"has-vivid-red-color has-text-color has-link-color has-medium-font-size wp-elements-0a52c119960c58456ddf8e2c818b863a\">Merci aux \u00e9l\u00e8ves et personnel du lyc\u00e9e gr\u00e2ce \u00e0 qui nous avons atteint et m\u00eame d\u00e9pass\u00e9 l&rsquo;objectif initial : confectionner 1000 grues permettant de r\u00e9aliser 20 guirlandes de 50 grues chacune.<\/p>\n\n\n\n<p class=\"has-vivid-cyan-blue-color has-text-color has-link-color has-medium-font-size wp-elements-1a92c0cb8bc1f24a896b600b78784649\">Les classes de 2de ont toutes particip\u00e9 au projet, certains \u00e9l\u00e8ves de 1e et Tle \u00e9galement, fortement motiv\u00e9s par Mme Benmalek. Un grand merci \u00e0 elle et aux autres coll\u00e8gues qui ont accompagn\u00e9 leurs \u00e9l\u00e8ves au CDI : Mmes Velleyen, Plasse, Jauze-Obergfell, Gokalsing et Audebeau !<\/p>\n\n\n<div class=\"wp-block-image\">\n<figure class=\"aligncenter size-full\"><img loading=\"lazy\" decoding=\"async\" width=\"951\" height=\"461\" src=\"https:\/\/etab.ac-reunion.fr\/lyc-louis-payen\/wp-content\/uploads\/sites\/137\/2026\/04\/Manon-et-Patricia.png\" alt=\"\" class=\"wp-image-29202\" srcset=\"https:\/\/etab.ac-reunion.fr\/lyc-louis-payen\/wp-content\/uploads\/sites\/137\/2026\/04\/Manon-et-Patricia.png 951w, https:\/\/etab.ac-reunion.fr\/lyc-louis-payen\/wp-content\/uploads\/sites\/137\/2026\/04\/Manon-et-Patricia-300x145.png 300w, https:\/\/etab.ac-reunion.fr\/lyc-louis-payen\/wp-content\/uploads\/sites\/137\/2026\/04\/Manon-et-Patricia-578x280.png 578w\" sizes=\"auto, (max-width: 951px) 100vw, 951px\" \/><figcaption class=\"wp-element-caption\">Ci-dessus Manon Clain et Patricia Hoareau<\/figcaption><\/figure>\n<\/div>\n\n\n<p class=\"has-text-align-left has-vivid-red-color has-text-color has-link-color has-medium-font-size wp-elements-ff4d6447fd6ebccc34b7f49471c9e333\">Sans Mmes Clain, Hoareau et Mouriapr\u00e9gassin l&rsquo;objectif n&rsquo;aurait pu \u00eatre atteint ! Une fois les 1000 grues obtenues, il a fallu les assembler en 20 guirlandes de 50 grues chacune, travail long et assez fastidieux&#8230;<\/p>\n\n\n\n<p class=\"has-text-align-center has-vivid-red-color has-text-color has-link-color wp-elements-6799ea42b1170c7d6b3ef17fe6f0d27c\">MERCI \u00e0 toutes les 3 !<\/p>\n\n\n<div class=\"wp-block-image\">\n<figure class=\"aligncenter size-full\"><img loading=\"lazy\" decoding=\"async\" width=\"453\" height=\"400\" src=\"https:\/\/etab.ac-reunion.fr\/lyc-louis-payen\/wp-content\/uploads\/sites\/137\/2026\/04\/Leanne.png\" alt=\"\" class=\"wp-image-29206\" srcset=\"https:\/\/etab.ac-reunion.fr\/lyc-louis-payen\/wp-content\/uploads\/sites\/137\/2026\/04\/Leanne.png 453w, https:\/\/etab.ac-reunion.fr\/lyc-louis-payen\/wp-content\/uploads\/sites\/137\/2026\/04\/Leanne-300x265.png 300w\" sizes=\"auto, (max-width: 453px) 100vw, 453px\" \/><figcaption class=\"wp-element-caption\">Ci-dessus L\u00e9anne Mouriapr\u00e9gassin<\/figcaption><\/figure>\n<\/div>\n\n\n<p class=\"has-vivid-cyan-blue-color has-text-color has-link-color has-medium-font-size wp-elements-f91b40f240a15de87f6c761a47d7a9f3\">Des \u00e9l\u00e8ves se sont fortement impliqu\u00e9s dans le projet, prenant r\u00e9guli\u00e8rement sur leur temps libre pour pour r\u00e9aliser des grues, apprendre \u00e0 d&rsquo;autres \u00e9l\u00e8ves l&rsquo;art de l&rsquo;origami, ou tout simplement massicoter du papier couleur quand nous \u00e9tions en rupture de stock de papier origami : Lilou-Ann M.H., Mathis A., Lo\u00efc E.,  H\u00e9lo\u00efse R., Malo O., Sabra C-L., Johana R., Jade P., Aimy V., les \u00e9l\u00e8ves de CJN1, et d&rsquo;autres encore !<\/p>\n\n\n<div class=\"wp-block-image\">\n<figure class=\"aligncenter size-full\"><img loading=\"lazy\" decoding=\"async\" width=\"936\" height=\"608\" src=\"https:\/\/etab.ac-reunion.fr\/lyc-louis-payen\/wp-content\/uploads\/sites\/137\/2026\/04\/E6A848FB-1F2F-4451-B743-0516EF565B7E.png\" alt=\"\" class=\"wp-image-29199\" srcset=\"https:\/\/etab.ac-reunion.fr\/lyc-louis-payen\/wp-content\/uploads\/sites\/137\/2026\/04\/E6A848FB-1F2F-4451-B743-0516EF565B7E.png 936w, https:\/\/etab.ac-reunion.fr\/lyc-louis-payen\/wp-content\/uploads\/sites\/137\/2026\/04\/E6A848FB-1F2F-4451-B743-0516EF565B7E-300x195.png 300w, https:\/\/etab.ac-reunion.fr\/lyc-louis-payen\/wp-content\/uploads\/sites\/137\/2026\/04\/E6A848FB-1F2F-4451-B743-0516EF565B7E-260x170.png 260w\" sizes=\"auto, (max-width: 936px) 100vw, 936px\" \/><\/figure>\n<\/div>\n\n\n<p class=\"has-text-align-center has-vivid-cyan-blue-color has-text-color has-link-color has-medium-font-size wp-elements-bb240cb8bf0f2c0fb58d2d92b459d88f\">De nombreux \u00e9l\u00e8ves ont \u00e9crit de jolis messages pour la paix :<\/p>\n\n\n\n<figure class=\"wp-block-image size-full\"><img loading=\"lazy\" decoding=\"async\" width=\"847\" height=\"729\" src=\"https:\/\/etab.ac-reunion.fr\/lyc-louis-payen\/wp-content\/uploads\/sites\/137\/2026\/04\/Image-messages.png\" alt=\"\" class=\"wp-image-29246\" srcset=\"https:\/\/etab.ac-reunion.fr\/lyc-louis-payen\/wp-content\/uploads\/sites\/137\/2026\/04\/Image-messages.png 847w, https:\/\/etab.ac-reunion.fr\/lyc-louis-payen\/wp-content\/uploads\/sites\/137\/2026\/04\/Image-messages-300x258.png 300w\" sizes=\"auto, (max-width: 847px) 100vw, 847px\" \/><figcaption class=\"wp-element-caption\"><mark class=\"has-inline-color has-pale-pink-color\">Ci-dessus quelques uns des messages entour\u00e9s de la banderole de solidarit\u00e9 : les noms des \u00e9l\u00e8ves et personnel qui ont appris \u00e0 d&rsquo;autres \u00e0 faire une grue.<\/mark><\/figcaption><\/figure>\n\n\n\n<p class=\"has-pale-pink-color has-text-color has-link-color wp-elements-5ad5cca20d07c46df082c4496c802e42\">Ci-dessous d&rsquo;autres messages encore :<\/p>\n\n\n\n<p class=\"has-vivid-cyan-blue-color has-text-color has-link-color has-medium-font-size wp-elements-533fc187681c2d32c2e513cea16c0b3b\">PAIX DANS LE MONDE<\/p>\n\n\n\n<p class=\"has-vivid-cyan-blue-color has-text-color has-link-color has-medium-font-size wp-elements-8551249aedce5790e3eacd23e02d1793\">La paix commence l\u00e0 o\u00f9 le respect et l&rsquo;amour prennent le dessus sur la violence<\/p>\n\n\n\n<p class=\"has-vivid-cyan-blue-color has-text-color has-link-color has-medium-font-size wp-elements-a9224fa421451c32b6503a7deb7e8639\">La paix est notre avenir<\/p>\n\n\n\n<p class=\"has-vivid-cyan-blue-color has-text-color has-link-color has-medium-font-size wp-elements-a5389be83c09890e17b119bd46f6a804\">Remplacez les fusils par des fleurs<\/p>\n\n\n\n<p class=\"has-vivid-cyan-blue-color has-text-color has-link-color has-medium-font-size wp-elements-aefa50b08a55475505aa27541865a251\">Amour :&nbsp; L\u00e0 o\u00f9 il y a le dialogue, la paix peut grandir<\/p>\n\n\n\n<p class=\"has-vivid-cyan-blue-color has-text-color has-link-color has-medium-font-size wp-elements-2ca104e98d6acbd733ced9ae4458c380\">Il n&rsquo;y a pas de chemins vers la paix, car la paix c&rsquo;est le chemin<\/p>\n\n\n\n<p class=\"has-vivid-cyan-blue-color has-text-color has-link-color has-medium-font-size wp-elements-5cf80a0b59d9bcfe0f65b63aa984bc60\">La paix \u00e0 n&rsquo;importe quel prix, ce n&rsquo;est plus la paix<\/p>\n\n\n\n<p class=\"has-vivid-cyan-blue-color has-text-color has-link-color has-medium-font-size wp-elements-188c27a5ef8050e9fc03f7de9a9b2a13\">Celui qui est en paix avec lui-m\u00eame est en paix avec l&rsquo;univers<\/p>\n\n\n\n<p class=\"has-vivid-cyan-blue-color has-text-color has-link-color has-medium-font-size wp-elements-11d30e93d37577aac69c6a5f1504890e\">Un monde en paix est un monde o\u00f9 la haine laisse place au dialogue : PEACE<\/p>\n\n\n\n<p class=\"has-vivid-cyan-blue-color has-text-color has-link-color has-medium-font-size wp-elements-7276b56b8c37ad8c408ce3a35aaa38c9\">Peace In The World<\/p>\n\n\n\n<p class=\"has-vivid-cyan-blue-color has-text-color has-link-color has-medium-font-size wp-elements-efdd40eaa7f6963e8ecd8d250555317a\">Make love not war<\/p>\n\n\n\n<p class=\"has-vivid-cyan-blue-color has-text-color has-link-color has-medium-font-size wp-elements-81fadad1af7908d7636d1239f5a1806a\">Peace is possible : Together we care, we hope and we stand for a kinder world<\/p>\n\n\n\n<p class=\"has-vivid-cyan-blue-color has-text-color has-link-color has-medium-font-size wp-elements-31695911a8ebf0789e225639a2dd5b15\">La paz comienza cuando cada ser humano elig el&nbsp;di\u00e1logo&nbsp;en lugar de la violencia y el amor en lugar del odio :&nbsp;La paix commence lorsque chaque \u00eatre humain choisit le dialogue plut\u00f4t que la violence et l&rsquo;amour plut\u00f4t que la haine<\/p>\n\n\n\n<p class=\"has-vivid-cyan-blue-color has-text-color has-link-color has-medium-font-size wp-elements-81ec3501ce348ea6c1e1b20940cd42ee\">Frienden beginnt mit respekt und verst\u00e4ndnis :&nbsp;L&rsquo;amiti\u00e9 commence par le respect et la compr\u00e9hension<\/p>\n\n\n\n<p class=\"has-link-color has-medium-font-size wp-elements-942eb4355afd31f065cdb18f0032b19d\"><\/p>\n\n\n\n<p><\/p>\n\n\n\n<p class=\"has-text-align-center has-large-font-size\"><strong><mark class=\"has-inline-color has-vivid-red-color\"><em>UN ORIGAMI POUR LA PAIX <\/em>: projet port\u00e9 par <\/mark><\/strong><\/p>\n\n\n\n<p class=\"has-text-align-center has-large-font-size\"><strong><mark class=\"has-inline-color has-vivid-red-color\">Mme Fabienne JONCA et Mme Aurore DUBARD <\/mark><\/strong><\/p>\n\n\n\n<p class=\"has-text-align-center has-large-font-size\"><strong><mark class=\"has-inline-color has-vivid-red-color\">avec la participation de Mme Shelbi LAW-PANG<\/mark><\/strong><\/p>\n\n\n\n<p class=\"has-text-align-center has-large-font-size\"><\/p>\n\n\n\n<p><\/p>\n\n\n<div class=\"wp-block-image\">\n<figure class=\"aligncenter size-full\"><img loading=\"lazy\" decoding=\"async\" width=\"605\" height=\"703\" src=\"https:\/\/etab.ac-reunion.fr\/lyc-louis-payen\/wp-content\/uploads\/sites\/137\/2026\/04\/Un-origami-pour-la-paix.png\" alt=\"\" class=\"wp-image-29204\" srcset=\"https:\/\/etab.ac-reunion.fr\/lyc-louis-payen\/wp-content\/uploads\/sites\/137\/2026\/04\/Un-origami-pour-la-paix.png 605w, https:\/\/etab.ac-reunion.fr\/lyc-louis-payen\/wp-content\/uploads\/sites\/137\/2026\/04\/Un-origami-pour-la-paix-258x300.png 258w\" sizes=\"auto, (max-width: 605px) 100vw, 605px\" \/><\/figure>\n<\/div>\n\n\n<p><\/p>\n\n\n\n<p class=\"has-text-align-center has-medium-font-size\"><a href=\"https:\/\/www.canva.com\/design\/DAGyiQz95kU\/xtHTQtgbYal1crgZy1fkyg\/view?utm_content=DAGyiQz95kU&amp;utm_campaign=designshare&amp;utm_medium=link2&amp;utm_source=uniquelinks&amp;utlId=hda45bc133e\" target=\"_blank\" rel=\"noreferrer noopener\"><mark><strong><mark style=\"background-color:#ffffff\" class=\"has-inline-color has-vivid-cyan-blue-color\">Retrouvez ici l\u2019int\u00e9gralit\u00e9 du document \u00e9labor\u00e9 par Mme Aurore Dubard, professeure documentaliste au lyc\u00e9e Georges Brassens<\/mark><\/strong><\/mark><\/a>.<\/p>\n\n\n\n<p><\/p>\n\n\n\n<figure class=\"wp-block-image size-large\"><img loading=\"lazy\" decoding=\"async\" width=\"1024\" height=\"726\" src=\"https:\/\/etab.ac-reunion.fr\/lyc-louis-payen\/wp-content\/uploads\/sites\/137\/2026\/04\/image-1024x726.png\" alt=\"\" class=\"wp-image-29226\" srcset=\"https:\/\/etab.ac-reunion.fr\/lyc-louis-payen\/wp-content\/uploads\/sites\/137\/2026\/04\/image-1024x726.png 1024w, https:\/\/etab.ac-reunion.fr\/lyc-louis-payen\/wp-content\/uploads\/sites\/137\/2026\/04\/image-300x213.png 300w, https:\/\/etab.ac-reunion.fr\/lyc-louis-payen\/wp-content\/uploads\/sites\/137\/2026\/04\/image-1536x1089.png 1536w, https:\/\/etab.ac-reunion.fr\/lyc-louis-payen\/wp-content\/uploads\/sites\/137\/2026\/04\/image.png 1538w\" sizes=\"auto, (max-width: 1024px) 100vw, 1024px\" \/><\/figure>\n\n\n\n<figure class=\"wp-block-image size-large\"><img loading=\"lazy\" decoding=\"async\" width=\"1024\" height=\"725\" src=\"https:\/\/etab.ac-reunion.fr\/lyc-louis-payen\/wp-content\/uploads\/sites\/137\/2026\/04\/3F0DB404-CBA4-4EC7-969A-73C31E8F1F63-1024x725.png\" alt=\"\" class=\"wp-image-29225\" srcset=\"https:\/\/etab.ac-reunion.fr\/lyc-louis-payen\/wp-content\/uploads\/sites\/137\/2026\/04\/3F0DB404-CBA4-4EC7-969A-73C31E8F1F63-1024x725.png 1024w, https:\/\/etab.ac-reunion.fr\/lyc-louis-payen\/wp-content\/uploads\/sites\/137\/2026\/04\/3F0DB404-CBA4-4EC7-969A-73C31E8F1F63-300x212.png 300w, https:\/\/etab.ac-reunion.fr\/lyc-louis-payen\/wp-content\/uploads\/sites\/137\/2026\/04\/3F0DB404-CBA4-4EC7-969A-73C31E8F1F63.png 1327w\" sizes=\"auto, (max-width: 1024px) 100vw, 1024px\" \/><\/figure>\n\n\n\n<p class=\"has-vivid-cyan-blue-color has-text-color has-link-color has-medium-font-size wp-elements-1313566407a8b41e64ac2a2add2b23b6\"><\/p>\n\n\n<div class=\"wp-block-image\">\n<figure class=\"aligncenter size-large\"><img loading=\"lazy\" decoding=\"async\" width=\"1024\" height=\"714\" src=\"https:\/\/etab.ac-reunion.fr\/lyc-louis-payen\/wp-content\/uploads\/sites\/137\/2026\/04\/image-2-1024x714.png\" alt=\"\" class=\"wp-image-29231\" srcset=\"https:\/\/etab.ac-reunion.fr\/lyc-louis-payen\/wp-content\/uploads\/sites\/137\/2026\/04\/image-2-1024x714.png 1024w, https:\/\/etab.ac-reunion.fr\/lyc-louis-payen\/wp-content\/uploads\/sites\/137\/2026\/04\/image-2-300x209.png 300w, https:\/\/etab.ac-reunion.fr\/lyc-louis-payen\/wp-content\/uploads\/sites\/137\/2026\/04\/image-2-1536x1070.png 1536w, https:\/\/etab.ac-reunion.fr\/lyc-louis-payen\/wp-content\/uploads\/sites\/137\/2026\/04\/image-2.png 1564w\" sizes=\"auto, (max-width: 1024px) 100vw, 1024px\" \/><figcaption class=\"wp-element-caption\"><strong><mark class=\"has-inline-color has-vivid-red-color\">Ce livre est disponible au CDI du lyc\u00e9e Louis PAYEN<\/mark><\/strong><\/figcaption><\/figure>\n<\/div>\n\n\n<p class=\"has-vivid-cyan-blue-color has-text-color has-link-color has-medium-font-size wp-elements-1313566407a8b41e64ac2a2add2b23b6\"><\/p>\n\n\n\n<p><\/p>\n","protected":false},"excerpt":{"rendered":"<p>Merci aux \u00e9l\u00e8ves et personnel du lyc\u00e9e gr\u00e2ce \u00e0 qui nous avons atteint et m\u00eame d\u00e9pass\u00e9 l&rsquo;objectif initial : confectionner 1000 grues permettant de r\u00e9aliser 20 guirlandes de 50 grues chacune. Les classes de 2de ont toutes particip\u00e9 au projet, certains \u00e9l\u00e8ves de 1e et Tle \u00e9galement, fortement motiv\u00e9s par Mme Benmalek. Un grand merci [&hellip;]<\/p>\n","protected":false},"author":10640,"featured_media":29204,"comment_status":"closed","ping_status":"closed","sticky":false,"template":"","format":"standard","meta":{"footnotes":"","_links_to":"","_links_to_target":""},"categories":[2,4,11,15,29],"tags":[],"class_list":["post-29196","post","type-post","status-publish","format-standard","has-post-thumbnail","hentry","category-alaune","category-actualites","category-cdi","category-culture","category-evenementsculturels"],"_links":{"self":[{"href":"https:\/\/etab.ac-reunion.fr\/lyc-louis-payen\/wp-json\/wp\/v2\/posts\/29196","targetHints":{"allow":["GET"]}}],"collection":[{"href":"https:\/\/etab.ac-reunion.fr\/lyc-louis-payen\/wp-json\/wp\/v2\/posts"}],"about":[{"href":"https:\/\/etab.ac-reunion.fr\/lyc-louis-payen\/wp-json\/wp\/v2\/types\/post"}],"author":[{"embeddable":true,"href":"https:\/\/etab.ac-reunion.fr\/lyc-louis-payen\/wp-json\/wp\/v2\/users\/10640"}],"replies":[{"embeddable":true,"href":"https:\/\/etab.ac-reunion.fr\/lyc-louis-payen\/wp-json\/wp\/v2\/comments?post=29196"}],"version-history":[{"count":29,"href":"https:\/\/etab.ac-reunion.fr\/lyc-louis-payen\/wp-json\/wp\/v2\/posts\/29196\/revisions"}],"predecessor-version":[{"id":29248,"href":"https:\/\/etab.ac-reunion.fr\/lyc-louis-payen\/wp-json\/wp\/v2\/posts\/29196\/revisions\/29248"}],"wp:featuredmedia":[{"embeddable":true,"href":"https:\/\/etab.ac-reunion.fr\/lyc-louis-payen\/wp-json\/wp\/v2\/media\/29204"}],"wp:attachment":[{"href":"https:\/\/etab.ac-reunion.fr\/lyc-louis-payen\/wp-json\/wp\/v2\/media?parent=29196"}],"wp:term":[{"taxonomy":"category","embeddable":true,"href":"https:\/\/etab.ac-reunion.fr\/lyc-louis-payen\/wp-json\/wp\/v2\/categories?post=29196"},{"taxonomy":"post_tag","embeddable":true,"href":"https:\/\/etab.ac-reunion.fr\/lyc-louis-payen\/wp-json\/wp\/v2\/tags?post=29196"}],"curies":[{"name":"wp","href":"https:\/\/api.w.org\/{rel}","templated":true}]}}