{"id":29272,"date":"2026-04-26T19:27:22","date_gmt":"2026-04-26T15:27:22","guid":{"rendered":"https:\/\/etab.ac-reunion.fr\/lyc-louis-payen\/?p=29272"},"modified":"2026-04-26T19:27:22","modified_gmt":"2026-04-26T15:27:22","slug":"mobilite-a-malaga","status":"publish","type":"post","link":"https:\/\/etab.ac-reunion.fr\/lyc-louis-payen\/mobilite-a-malaga\/","title":{"rendered":"Mobilit\u00e9 \u00e0 Malaga"},"content":{"rendered":"\n<p>Du 9 au 13 mars 2026, nous nous sommes rendues \u00e0 Malaga en Espagne pour une formation sur l\u2019\u00e9co-d\u00e9veloppement. La formation nous a permis d\u2019\u00e9changer en anglais durant 5 jours sur un th\u00e8me qui mobilise notre lyc\u00e9e.<\/p>\n\n\n\n<p>Nous avons eu l\u2019occasion de pratiquer plusieurs activit\u00e9s. Par exemple, imaginer un projet pour embellir le fleuve Guadalmedina qui traverse la ville de M\u00e1laga. Cette activit\u00e9 nous a permis de r\u00e9fl\u00e9chir comme de v\u00e9ritables acteurs du changement climatique en proposant des solutions durables, en partageant nos id\u00e9es avec des pairs, \u00e9cocitoyennes europ\u00e9ennes.<\/p>\n\n\n\n<p>Nous avons pu \u00e9galement proposer un projet p\u00e9dagogique&nbsp;: il s\u2019agissait d\u2019inventer en groupe des activit\u00e9s \u00e0 des \u00e9l\u00e8ves afin de les sensibiliser au d\u00e9veloppement durable de mani\u00e8re concr\u00e8te et interactive. Nous avons pu nous projeter dans une activit\u00e9 telles que celles qui sont propos\u00e9es au lyc\u00e9e par les enseignants, et prendre pleinement part \u00e0 la conception d\u2019un projet p\u00e9dagogique.<\/p>\n\n\n\n<p>Nous avons \u00e9galement travaill\u00e9 sur la publicit\u00e9, en analysant les \u00e9tiquettes de diff\u00e9rents produits, notamment des v\u00eatements et des produits pour b\u00e9b\u00e9s. L\u2019objectif \u00e9tait de rep\u00e9rer les publicit\u00e9s mensong\u00e8res, en particulier celles qui mettent en avant des arguments \u00e9cologiques.<\/p>\n\n\n\n<p>Par exemple, certains v\u00eatements \u00e9taient pr\u00e9sent\u00e9s comme \u00ab\u00a0100\u00a0% coton\u00a0\u00bb ou \u00ab\u00a0\u00e9cologiques\u00a0\u00bb mais en lisant les \u00e9tiquettes, elles ont pu constater qu\u2019ils contenaient aussi des mati\u00e8res synth\u00e9tiques. De la m\u00eame mani\u00e8re, en scannant les QR code de certains produits pour b\u00e9b\u00e9s, elles ont d\u00e9couvert qu\u2019ils contenaient en r\u00e9alit\u00e9 d\u2019autres composants naturels. <\/p>\n\n\n\n<p>Cette activit\u00e9 nous a appris \u00e0 d\u00e9velopper notre sens critique au moment des achats. Cette activit\u00e9 pourrait elle aussi \u00eatre r\u00e9alis\u00e9e avec des \u00e9l\u00e8ves, qui deviendront bient\u00f4t des consommateurs autonomes.<\/p>\n\n\n\n<p>Nathalie Lemieux Ramany (Adjointe technique territoriale &#8211; Accueil)<\/p>\n\n\n\n<p>Marie Samantha Taristas ( Adjointe technique territorial &#8211; Caf\u00e9t\u00e9ria)<\/p>\n\n\n\n<figure class=\"wp-block-image size-large\"><img loading=\"lazy\" decoding=\"async\" width=\"1024\" height=\"386\" src=\"https:\/\/etab.ac-reunion.fr\/lyc-louis-payen\/wp-content\/uploads\/sites\/137\/2026\/04\/image-5-1024x386.png\" alt=\"\" class=\"wp-image-29273\" srcset=\"https:\/\/etab.ac-reunion.fr\/lyc-louis-payen\/wp-content\/uploads\/sites\/137\/2026\/04\/image-5-1024x386.png 1024w, https:\/\/etab.ac-reunion.fr\/lyc-louis-payen\/wp-content\/uploads\/sites\/137\/2026\/04\/image-5-300x113.png 300w, https:\/\/etab.ac-reunion.fr\/lyc-louis-payen\/wp-content\/uploads\/sites\/137\/2026\/04\/image-5-1536x579.png 1536w, https:\/\/etab.ac-reunion.fr\/lyc-louis-payen\/wp-content\/uploads\/sites\/137\/2026\/04\/image-5-2048x772.png 2048w\" sizes=\"auto, (max-width: 1024px) 100vw, 1024px\" \/><\/figure>\n\n\n\n<figure class=\"wp-block-image size-large\"><img loading=\"lazy\" decoding=\"async\" width=\"1024\" height=\"596\" src=\"https:\/\/etab.ac-reunion.fr\/lyc-louis-payen\/wp-content\/uploads\/sites\/137\/2026\/04\/image-6-1024x596.png\" alt=\"\" class=\"wp-image-29274\" srcset=\"https:\/\/etab.ac-reunion.fr\/lyc-louis-payen\/wp-content\/uploads\/sites\/137\/2026\/04\/image-6-1024x596.png 1024w, https:\/\/etab.ac-reunion.fr\/lyc-louis-payen\/wp-content\/uploads\/sites\/137\/2026\/04\/image-6-300x174.png 300w, https:\/\/etab.ac-reunion.fr\/lyc-louis-payen\/wp-content\/uploads\/sites\/137\/2026\/04\/image-6.png 1195w\" sizes=\"auto, (max-width: 1024px) 100vw, 1024px\" \/><\/figure>\n\n\n\n<figure class=\"wp-block-image size-full\"><img loading=\"lazy\" decoding=\"async\" width=\"760\" height=\"701\" src=\"https:\/\/etab.ac-reunion.fr\/lyc-louis-payen\/wp-content\/uploads\/sites\/137\/2026\/04\/image-7.png\" alt=\"\" class=\"wp-image-29275\" srcset=\"https:\/\/etab.ac-reunion.fr\/lyc-louis-payen\/wp-content\/uploads\/sites\/137\/2026\/04\/image-7.png 760w, https:\/\/etab.ac-reunion.fr\/lyc-louis-payen\/wp-content\/uploads\/sites\/137\/2026\/04\/image-7-300x277.png 300w\" sizes=\"auto, (max-width: 760px) 100vw, 760px\" \/><\/figure>\n\n\n\n<figure class=\"wp-block-image size-full\"><img loading=\"lazy\" decoding=\"async\" width=\"707\" height=\"752\" src=\"https:\/\/etab.ac-reunion.fr\/lyc-louis-payen\/wp-content\/uploads\/sites\/137\/2026\/04\/image-8.png\" alt=\"\" class=\"wp-image-29276\" srcset=\"https:\/\/etab.ac-reunion.fr\/lyc-louis-payen\/wp-content\/uploads\/sites\/137\/2026\/04\/image-8.png 707w, https:\/\/etab.ac-reunion.fr\/lyc-louis-payen\/wp-content\/uploads\/sites\/137\/2026\/04\/image-8-282x300.png 282w\" sizes=\"auto, (max-width: 707px) 100vw, 707px\" \/><\/figure>\n","protected":false},"excerpt":{"rendered":"<p>Du 9 au 13 mars 2026, nous nous sommes rendues \u00e0 Malaga en Espagne pour une formation sur l\u2019\u00e9co-d\u00e9veloppement. La formation nous a permis d\u2019\u00e9changer en anglais durant 5 jours sur un th\u00e8me qui mobilise notre lyc\u00e9e. Nous avons eu l\u2019occasion de pratiquer plusieurs activit\u00e9s. Par exemple, imaginer un projet pour embellir le fleuve Guadalmedina [&hellip;]<\/p>\n","protected":false},"author":32576,"featured_media":29276,"comment_status":"closed","ping_status":"closed","sticky":false,"template":"","format":"standard","meta":{"footnotes":"","_links_to":"","_links_to_target":""},"categories":[2,4,162],"tags":[],"class_list":["post-29272","post","type-post","status-publish","format-standard","has-post-thumbnail","hentry","category-alaune","category-actualites","category-erasmus"],"_links":{"self":[{"href":"https:\/\/etab.ac-reunion.fr\/lyc-louis-payen\/wp-json\/wp\/v2\/posts\/29272","targetHints":{"allow":["GET"]}}],"collection":[{"href":"https:\/\/etab.ac-reunion.fr\/lyc-louis-payen\/wp-json\/wp\/v2\/posts"}],"about":[{"href":"https:\/\/etab.ac-reunion.fr\/lyc-louis-payen\/wp-json\/wp\/v2\/types\/post"}],"author":[{"embeddable":true,"href":"https:\/\/etab.ac-reunion.fr\/lyc-louis-payen\/wp-json\/wp\/v2\/users\/32576"}],"replies":[{"embeddable":true,"href":"https:\/\/etab.ac-reunion.fr\/lyc-louis-payen\/wp-json\/wp\/v2\/comments?post=29272"}],"version-history":[{"count":1,"href":"https:\/\/etab.ac-reunion.fr\/lyc-louis-payen\/wp-json\/wp\/v2\/posts\/29272\/revisions"}],"predecessor-version":[{"id":29278,"href":"https:\/\/etab.ac-reunion.fr\/lyc-louis-payen\/wp-json\/wp\/v2\/posts\/29272\/revisions\/29278"}],"wp:featuredmedia":[{"embeddable":true,"href":"https:\/\/etab.ac-reunion.fr\/lyc-louis-payen\/wp-json\/wp\/v2\/media\/29276"}],"wp:attachment":[{"href":"https:\/\/etab.ac-reunion.fr\/lyc-louis-payen\/wp-json\/wp\/v2\/media?parent=29272"}],"wp:term":[{"taxonomy":"category","embeddable":true,"href":"https:\/\/etab.ac-reunion.fr\/lyc-louis-payen\/wp-json\/wp\/v2\/categories?post=29272"},{"taxonomy":"post_tag","embeddable":true,"href":"https:\/\/etab.ac-reunion.fr\/lyc-louis-payen\/wp-json\/wp\/v2\/tags?post=29272"}],"curies":[{"name":"wp","href":"https:\/\/api.w.org\/{rel}","templated":true}]}}