{"id":15312,"date":"2025-02-09T19:39:13","date_gmt":"2025-02-09T15:39:13","guid":{"rendered":"https:\/\/etab.ac-reunion.fr\/lyc-marie-curie\/?p=15312"},"modified":"2025-02-09T19:39:13","modified_gmt":"2025-02-09T15:39:13","slug":"visite-de-lexposition-sur-le-diabete-situe-aux-camelias-par-la-classe-deas","status":"publish","type":"post","link":"https:\/\/etab.ac-reunion.fr\/lyc-marie-curie\/visite-de-lexposition-sur-le-diabete-situe-aux-camelias-par-la-classe-deas\/","title":{"rendered":"Visite de l&rsquo;exposition sur le diab\u00e8te situ\u00e9 aux Cam\u00e9lias par la classe DEAS"},"content":{"rendered":"[et_pb_section fb_built=\u00a0\u00bb1&Prime; _builder_version=\u00a0\u00bb4.16&Prime; _module_preset=\u00a0\u00bbdefault\u00a0\u00bb global_colors_info=\u00a0\u00bb{}\u00a0\u00bb][et_pb_row _builder_version=\u00a0\u00bb4.16&Prime; _module_preset=\u00a0\u00bbdefault\u00a0\u00bb global_colors_info=\u00a0\u00bb{}\u00a0\u00bb][et_pb_column type=\u00a0\u00bb4_4&Prime; _builder_version=\u00a0\u00bb4.16&Prime; _module_preset=\u00a0\u00bbdefault\u00a0\u00bb global_colors_info=\u00a0\u00bb{}\u00a0\u00bb][et_pb_text _builder_version=\u00a0\u00bb4.27.4&Prime; _module_preset=\u00a0\u00bbdefault\u00a0\u00bb custom_padding=\u00a0\u00bb25px|50px|25px|50px|true|true\u00a0\u00bb hover_enabled=\u00a0\u00bb0&Prime; border_radii=\u00a0\u00bbon|10px|10px|10px|10px\u00a0\u00bb border_width_all=\u00a0\u00bb2px\u00a0\u00bb box_shadow_style=\u00a0\u00bbpreset6&Prime; global_colors_info=\u00a0\u00bb{}\u00a0\u00bb sticky_enabled=\u00a0\u00bb0&Prime;]\n<p style=\"text-indent: 0px;margin: 0px\"><span style=\"color: #000000\">Dans la cadre du Bloc 2 module 3: <\/span><span style=\"color: #000000\">Evaluation<\/span><span style=\"color: #000000\"> de <\/span><span style=\"color: #000000\">l\u2019\u00e9tat<\/span><span style=\"color: #000000\"> clinique et mise en \u0153uvre de soins adapt\u00e9s en collaboration, nous sommes all\u00e9s d\u00e9couvrir l&rsquo;exposition sur le diab\u00e8te.<\/span><\/p>\n<p style=\"text-indent: 0px;margin: 0px\"><span style=\"color: #000000\">Nous avons pu faire b\u00e9n\u00e9ficier d&rsquo;une visite guid\u00e9e par deux b\u00e9n\u00e9voles retrait\u00e9es qui nous ont fait prendre conscience des cons\u00e9quences du diab\u00e8te et des mauvaises habitudes alimentaires.<\/span><\/p>\n<p style=\"text-indent: 0px;margin: 0px\"><span style=\"color: #000000\">Nous devons tous faire en sorte de toujours r\u00e9aliser des repas \u00e9quilibr\u00e9s ( plus de l\u00e9gumes que de riz)et de faire de l&rsquo;activit\u00e9 physique r\u00e9guli\u00e8rement pour rester en bonne sant\u00e9 longtemps. Les cons\u00e9quences sur diff\u00e9rents organes tels que le rein, le <\/span><span style=\"color: #000000\">c\u0153ur<\/span><span style=\"color: #000000\">, les yeux, le cerveau peuvent \u00eatre irr\u00e9versibles.<\/span><\/p>\n<p style=\"text-indent: 0px;margin: 0px\"><span style=\"color: #000000\"><\/span><\/p>\n<p style=\"text-indent: 0px;margin: 0px;text-align: center\"><span style=\"color: #000000\"><a href=\"https:\/\/etab.ac-reunion.fr\/lyc-marie-curie\/wp-content\/uploads\/sites\/30\/2025\/02\/IMG_7274-scaled.jpg\"><img loading=\"lazy\" decoding=\"async\" src=\"https:\/\/etab.ac-reunion.fr\/lyc-marie-curie\/wp-content\/uploads\/sites\/30\/2025\/02\/IMG_7274-scaled.jpg\" width=\"1920\" height=\"2560\" alt=\"\" class=\"wp-image-15317 aligncenter size-full\" srcset=\"https:\/\/etab.ac-reunion.fr\/lyc-marie-curie\/wp-content\/uploads\/sites\/30\/2025\/02\/IMG_7274-scaled.jpg 1920w, https:\/\/etab.ac-reunion.fr\/lyc-marie-curie\/wp-content\/uploads\/sites\/30\/2025\/02\/IMG_7274-1280x1707.jpg 1280w, https:\/\/etab.ac-reunion.fr\/lyc-marie-curie\/wp-content\/uploads\/sites\/30\/2025\/02\/IMG_7274-980x1307.jpg 980w, https:\/\/etab.ac-reunion.fr\/lyc-marie-curie\/wp-content\/uploads\/sites\/30\/2025\/02\/IMG_7274-480x640.jpg 480w\" sizes=\"(min-width: 0px) and (max-width: 480px) 480px, (min-width: 481px) and (max-width: 980px) 980px, (min-width: 981px) and (max-width: 1280px) 1280px, (min-width: 1281px) 1920px, 100vw\" \/><\/a><\/span><\/p>\n<p style=\"text-indent: 0px;margin: 0px;text-align: center\"><a href=\"https:\/\/etab.ac-reunion.fr\/lyc-marie-curie\/wp-content\/uploads\/sites\/30\/2025\/02\/IMG_7300-scaled.jpg\"><img loading=\"lazy\" decoding=\"async\" src=\"https:\/\/etab.ac-reunion.fr\/lyc-marie-curie\/wp-content\/uploads\/sites\/30\/2025\/02\/IMG_7300-scaled.jpg\" width=\"2560\" height=\"1920\" alt=\"\" class=\"wp-image-15318 aligncenter size-full\" srcset=\"https:\/\/etab.ac-reunion.fr\/lyc-marie-curie\/wp-content\/uploads\/sites\/30\/2025\/02\/IMG_7300-scaled.jpg 2560w, https:\/\/etab.ac-reunion.fr\/lyc-marie-curie\/wp-content\/uploads\/sites\/30\/2025\/02\/IMG_7300-1280x960.jpg 1280w, https:\/\/etab.ac-reunion.fr\/lyc-marie-curie\/wp-content\/uploads\/sites\/30\/2025\/02\/IMG_7300-980x735.jpg 980w, https:\/\/etab.ac-reunion.fr\/lyc-marie-curie\/wp-content\/uploads\/sites\/30\/2025\/02\/IMG_7300-480x360.jpg 480w\" sizes=\"(min-width: 0px) and (max-width: 480px) 480px, (min-width: 481px) and (max-width: 980px) 980px, (min-width: 981px) and (max-width: 1280px) 1280px, (min-width: 1281px) 2560px, 100vw\" \/><\/a><\/p>\n[\/et_pb_text][\/et_pb_column][\/et_pb_row][\/et_pb_section]\n<!-- AddThis Advanced Settings generic via filter on the_content --><!-- AddThis Share Buttons generic via filter on the_content -->","protected":false},"excerpt":{"rendered":"<p>Dans la cadre du Bloc 2 module 3: Evaluation de l\u2019\u00e9tat clinique et mise en \u0153uvre de soins adapt\u00e9s en collaboration, nous sommes all\u00e9s d\u00e9couvrir l&rsquo;exposition sur le diab\u00e8te. Nous [&hellip;]<\/p>\n<p><!-- AddThis Advanced Settings generic via filter on get_the_excerpt --><!-- AddThis Share Buttons generic via filter on get_the_excerpt --><\/p>\n","protected":false},"author":27912,"featured_media":0,"comment_status":"closed","ping_status":"closed","sticky":false,"template":"","format":"standard","meta":{"_et_pb_use_builder":"on","_et_pb_old_content":"","_et_gb_content_width":"","footnotes":"","_links_to":"","_links_to_target":""},"categories":[16,126,263,25,292,132,4],"tags":[],"class_list":["post-15312","post","type-post","status-publish","format-standard","hentry","category-actualites","category-eleves","category-gestion","category-parents","category-pedagogie","category-personnel","category-sep-professionnel"],"_links":{"self":[{"href":"https:\/\/etab.ac-reunion.fr\/lyc-marie-curie\/wp-json\/wp\/v2\/posts\/15312","targetHints":{"allow":["GET"]}}],"collection":[{"href":"https:\/\/etab.ac-reunion.fr\/lyc-marie-curie\/wp-json\/wp\/v2\/posts"}],"about":[{"href":"https:\/\/etab.ac-reunion.fr\/lyc-marie-curie\/wp-json\/wp\/v2\/types\/post"}],"author":[{"embeddable":true,"href":"https:\/\/etab.ac-reunion.fr\/lyc-marie-curie\/wp-json\/wp\/v2\/users\/27912"}],"replies":[{"embeddable":true,"href":"https:\/\/etab.ac-reunion.fr\/lyc-marie-curie\/wp-json\/wp\/v2\/comments?post=15312"}],"version-history":[{"count":2,"href":"https:\/\/etab.ac-reunion.fr\/lyc-marie-curie\/wp-json\/wp\/v2\/posts\/15312\/revisions"}],"predecessor-version":[{"id":15319,"href":"https:\/\/etab.ac-reunion.fr\/lyc-marie-curie\/wp-json\/wp\/v2\/posts\/15312\/revisions\/15319"}],"wp:attachment":[{"href":"https:\/\/etab.ac-reunion.fr\/lyc-marie-curie\/wp-json\/wp\/v2\/media?parent=15312"}],"wp:term":[{"taxonomy":"category","embeddable":true,"href":"https:\/\/etab.ac-reunion.fr\/lyc-marie-curie\/wp-json\/wp\/v2\/categories?post=15312"},{"taxonomy":"post_tag","embeddable":true,"href":"https:\/\/etab.ac-reunion.fr\/lyc-marie-curie\/wp-json\/wp\/v2\/tags?post=15312"}],"curies":[{"name":"wp","href":"https:\/\/api.w.org\/{rel}","templated":true}]}}