{"id":16205,"date":"2025-12-14T18:20:05","date_gmt":"2025-12-14T14:20:05","guid":{"rendered":"https:\/\/etab.ac-reunion.fr\/lyc-marie-curie\/?p=16205"},"modified":"2025-12-14T18:20:05","modified_gmt":"2025-12-14T14:20:05","slug":"listes-deas-deap-relevant-de-la-voie-de-lapprentissage","status":"publish","type":"post","link":"https:\/\/etab.ac-reunion.fr\/lyc-marie-curie\/listes-deas-deap-relevant-de-la-voie-de-lapprentissage\/","title":{"rendered":"Listes DEAS-DEAP relevant de la voie de l\u2019apprentissage"},"content":{"rendered":"[et_pb_section fb_built=\u00a0\u00bb1&Prime; _builder_version=\u00a0\u00bb4.16&Prime; _module_preset=\u00a0\u00bbdefault\u00a0\u00bb global_colors_info=\u00a0\u00bb{}\u00a0\u00bb][et_pb_row _builder_version=\u00a0\u00bb4.16&Prime; _module_preset=\u00a0\u00bbdefault\u00a0\u00bb global_colors_info=\u00a0\u00bb{}\u00a0\u00bb][et_pb_column type=\u00a0\u00bb4_4&Prime; _builder_version=\u00a0\u00bb4.16&Prime; _module_preset=\u00a0\u00bbdefault\u00a0\u00bb global_colors_info=\u00a0\u00bb{}\u00a0\u00bb][et_pb_text _builder_version=\u00a0\u00bb4.27.4&Prime; _module_preset=\u00a0\u00bbdefault\u00a0\u00bb background_color=\u00a0\u00bb#FFFFFF\u00a0\u00bb custom_padding=\u00a0\u00bb25px|50px|25px|50px|true|true\u00a0\u00bb hover_enabled=\u00a0\u00bb0&Prime; border_radii=\u00a0\u00bbon|10px|10px|10px|10px\u00a0\u00bb border_width_all=\u00a0\u00bb2px\u00a0\u00bb box_shadow_style=\u00a0\u00bbpreset6&Prime; global_colors_info=\u00a0\u00bb{}\u00a0\u00bb theme_builder_area=\u00a0\u00bbpost_content\u00a0\u00bb sticky_enabled=\u00a0\u00bb0&Prime;]\n<h3>Listes principales DEAS-DEAP, par voie de l&rsquo;apprentissage. Promotion 2026\/2027 Lyc\u00e9e Marie Curie.\u00a0<\/h3>\n<ul>\n<li>Informations compl\u00e9mentaires :\n<ul>\n<li>Les listes DEAS-DEAP par voie de l\u2019apprentissage diffus\u00e9es concernent exclusivement l\u2019entr\u00e9e en formation des promotions DEAS-DEAP 2026-2027 au lyc\u00e9e Marie Curie.<\/li>\n<li>Les candidats, n&rsquo;ayant pas eu un engagement avec une entreprise, recevront, par courrier \u00e9lectronique, la note obtenue \u00e0 l\u2019issue de l\u2019entretien. Vous aurez la possibilit\u00e9 de postuler \u00e0 nouveau pour la formation par voie de l&rsquo;apprentissage pour les prochaines de sessions de formation.\u00a0<\/li>\n<\/ul>\n<\/li>\n<\/ul>\n<h3>Formation DEAS, par voie de l&rsquo;apprentissage 2026\/2027 &#8211; Lyc\u00e9e Victor Schoelcher.<\/h3>\n<ul>\n<li>\n<p>Concernant l\u2019entr\u00e9e en formation DEAS au lyc\u00e9e Victor Schoelcher, initialement pr\u00e9vue en janvier 2026, celle-ci est report\u00e9e \u00e0 la rentr\u00e9e d\u2019ao\u00fbt 2026. Une nouvelle campagne de s\u00e9lection sera organis\u00e9e au cours du premier semestre 2026. Les dates ainsi que les conditions d\u2019inscription seront communiqu\u00e9es sur les r\u00e9seaux sociaux, le site internet des lyc\u00e9es Victor Schoelcher et Marie Curie, ainsi que sur le site FTLV R\u00e9union<\/p>\n<\/li>\n<\/ul>\n[\/et_pb_text][et_pb_text _builder_version=\u00a0\u00bb4.27.4&Prime; _module_preset=\u00a0\u00bbdefault\u00a0\u00bb background_color=\u00a0\u00bb#FFFFFF\u00a0\u00bb custom_padding=\u00a0\u00bb25px|50px|25px|50px|true|true\u00a0\u00bb hover_enabled=\u00a0\u00bb0&Prime; border_radii=\u00a0\u00bbon|10px|10px|10px|10px\u00a0\u00bb border_width_all=\u00a0\u00bb2px\u00a0\u00bb box_shadow_style=\u00a0\u00bbpreset6&Prime; global_colors_info=\u00a0\u00bb{}\u00a0\u00bb sticky_enabled=\u00a0\u00bb0&Prime;]\n<p><span style=\"color: #000000\"><a href=\"https:\/\/etab.ac-reunion.fr\/lyc-marie-curie\/wp-content\/uploads\/sites\/30\/2025\/12\/liste-principale-DEAS-DEAP-APPRENTISSAGE.pdf\" class=\"pdfemb-viewer\" style=\"\" data-width=\"max\" data-height=\"max\" data-toolbar=\"bottom\" data-toolbar-fixed=\"off\">liste-principale-DEAS-DEAP-APPRENTISSAGE<\/a><\/span><\/p>\n[\/et_pb_text][\/et_pb_column][\/et_pb_row][\/et_pb_section]\n<!-- AddThis Advanced Settings generic via filter on the_content --><!-- AddThis Share Buttons generic via filter on the_content -->","protected":false},"excerpt":{"rendered":"<p>Listes principales DEAS-DEAP, par voie de l&rsquo;apprentissage. Promotion 2026\/2027 Lyc\u00e9e Marie Curie.\u00a0 Informations compl\u00e9mentaires : Les listes DEAS-DEAP par voie de l\u2019apprentissage diffus\u00e9es concernent exclusivement l\u2019entr\u00e9e en formation des promotions [&hellip;]<\/p>\n<p><!-- AddThis Advanced Settings generic via filter on get_the_excerpt --><!-- AddThis Share Buttons generic via filter on get_the_excerpt --><\/p>\n","protected":false},"author":27912,"featured_media":0,"comment_status":"closed","ping_status":"closed","sticky":false,"template":"","format":"standard","meta":{"_et_pb_use_builder":"on","_et_pb_old_content":"","_et_gb_content_width":"","footnotes":"","_links_to":"","_links_to_target":""},"categories":[16,126,263,25,132,290],"tags":[],"class_list":["post-16205","post","type-post","status-publish","format-standard","hentry","category-actualites","category-eleves","category-gestion","category-parents","category-personnel","category-restauration"],"_links":{"self":[{"href":"https:\/\/etab.ac-reunion.fr\/lyc-marie-curie\/wp-json\/wp\/v2\/posts\/16205","targetHints":{"allow":["GET"]}}],"collection":[{"href":"https:\/\/etab.ac-reunion.fr\/lyc-marie-curie\/wp-json\/wp\/v2\/posts"}],"about":[{"href":"https:\/\/etab.ac-reunion.fr\/lyc-marie-curie\/wp-json\/wp\/v2\/types\/post"}],"author":[{"embeddable":true,"href":"https:\/\/etab.ac-reunion.fr\/lyc-marie-curie\/wp-json\/wp\/v2\/users\/27912"}],"replies":[{"embeddable":true,"href":"https:\/\/etab.ac-reunion.fr\/lyc-marie-curie\/wp-json\/wp\/v2\/comments?post=16205"}],"version-history":[{"count":2,"href":"https:\/\/etab.ac-reunion.fr\/lyc-marie-curie\/wp-json\/wp\/v2\/posts\/16205\/revisions"}],"predecessor-version":[{"id":16209,"href":"https:\/\/etab.ac-reunion.fr\/lyc-marie-curie\/wp-json\/wp\/v2\/posts\/16205\/revisions\/16209"}],"wp:attachment":[{"href":"https:\/\/etab.ac-reunion.fr\/lyc-marie-curie\/wp-json\/wp\/v2\/media?parent=16205"}],"wp:term":[{"taxonomy":"category","embeddable":true,"href":"https:\/\/etab.ac-reunion.fr\/lyc-marie-curie\/wp-json\/wp\/v2\/categories?post=16205"},{"taxonomy":"post_tag","embeddable":true,"href":"https:\/\/etab.ac-reunion.fr\/lyc-marie-curie\/wp-json\/wp\/v2\/tags?post=16205"}],"curies":[{"name":"wp","href":"https:\/\/api.w.org\/{rel}","templated":true}]}}