{"id":16585,"date":"2026-03-26T10:12:30","date_gmt":"2026-03-26T06:12:30","guid":{"rendered":"https:\/\/etab.ac-reunion.fr\/lyc-marie-curie\/?p=16585"},"modified":"2026-03-26T10:35:36","modified_gmt":"2026-03-26T06:35:36","slug":"semaine-des-langues-2026-suite","status":"publish","type":"post","link":"https:\/\/etab.ac-reunion.fr\/lyc-marie-curie\/semaine-des-langues-2026-suite\/","title":{"rendered":"Dreamtime"},"content":{"rendered":"[et_pb_section fb_built=\u00a0\u00bb1&Prime; _builder_version=\u00a0\u00bb4.16&Prime; _module_preset=\u00a0\u00bbdefault\u00a0\u00bb global_colors_info=\u00a0\u00bb{}\u00a0\u00bb][et_pb_row _builder_version=\u00a0\u00bb4.16&Prime; _module_preset=\u00a0\u00bbdefault\u00a0\u00bb global_colors_info=\u00a0\u00bb{}\u00a0\u00bb][et_pb_column type=\u00a0\u00bb4_4&Prime; _builder_version=\u00a0\u00bb4.16&Prime; _module_preset=\u00a0\u00bbdefault\u00a0\u00bb global_colors_info=\u00a0\u00bb{}\u00a0\u00bb][et_pb_text _builder_version=\u00a0\u00bb4.27.6&Prime; _module_preset=\u00a0\u00bbdefault\u00a0\u00bb background_color=\u00a0\u00bb#FFFFFF\u00a0\u00bb custom_padding=\u00a0\u00bb25px|50px|25px|50px|true|true\u00a0\u00bb border_radii=\u00a0\u00bbon|10px|10px|10px|10px\u00a0\u00bb border_width_all=\u00a0\u00bb2px\u00a0\u00bb box_shadow_style=\u00a0\u00bbpreset6&Prime; global_colors_info=\u00a0\u00bb{}\u00a0\u00bb]\n<p>Dans le cadre de la Semaine des Langues, des \u00e9l\u00e8ves de la 201 ont explor\u00e9 le <em data-end=\"134\" data-start=\"123\">Dreamtime<\/em>, \u00e9l\u00e9ment central de la culture aborig\u00e8ne australienne. \u00c0 travers ce projet, ils ont racont\u00e9 cinq histoires, chacune d\u00e9clin\u00e9e dans des langues diff\u00e9rentes: en anglais, en fran\u00e7ais et en cr\u00e9ole. Chaque r\u00e9cit a \u00e9galement \u00e9t\u00e9 illustr\u00e9 \u00e0 la mani\u00e8re du <em data-end=\"442\" data-start=\"428\">dot painting<\/em>, technique artistique traditionnelle.<\/p>\n<p style=\"text-align: right\">LEBON Stacie<\/p>\n[\/et_pb_text][et_pb_audio audio=\u00a0\u00bbhttps:\/\/etab.ac-reunion.fr\/lyc-marie-curie\/wp-content\/uploads\/sites\/30\/2026\/03\/How-kangaroos-got-their-tails.m4a\u00a0\u00bb title=\u00a0\u00bbHow the kangaroos got their tails ( version fran\u00e7aise)\u00a0\u00bb artist_name=\u00a0\u00bbEtan MANICON\u00a0\u00bb image_url=\u00a0\u00bbhttps:\/\/etab.ac-reunion.fr\/lyc-marie-curie\/wp-content\/uploads\/sites\/30\/2026\/03\/How-kangaroos-got-their-tails.png\u00a0\u00bb _builder_version=\u00a0\u00bb4.27.6&Prime; _module_preset=\u00a0\u00bbdefault\u00a0\u00bb title_text_color=\u00a0\u00bb#000000&Prime; caption_text_color=\u00a0\u00bb#000000&Prime; background_color=\u00a0\u00bbrgba(169,216,114,0.47)\u00a0\u00bb border_radii=\u00a0\u00bbon|10px|10px|10px|10px\u00a0\u00bb box_shadow_style=\u00a0\u00bbpreset6&Prime; global_colors_info=\u00a0\u00bb{}\u00a0\u00bb][\/et_pb_audio][et_pb_audio audio=\u00a0\u00bbhttps:\/\/etab.ac-reunion.fr\/lyc-marie-curie\/wp-content\/uploads\/sites\/30\/2026\/03\/The-emu-and-the-jabiru.m4a\u00a0\u00bb title=\u00a0\u00bbThe Emu and the jabiru (version fran\u00e7aise)\u00a0\u00bb artist_name=\u00a0\u00bbS\u00e9l\u00e9na ROBERT\u00a0\u00bb image_url=\u00a0\u00bbhttps:\/\/etab.ac-reunion.fr\/lyc-marie-curie\/wp-content\/uploads\/sites\/30\/2026\/03\/The-emu-and-the-jabiru.png\u00a0\u00bb _builder_version=\u00a0\u00bb4.27.6&Prime; _module_preset=\u00a0\u00bbdefault\u00a0\u00bb title_text_color=\u00a0\u00bb#000000&Prime; caption_text_color=\u00a0\u00bb#000000&Prime; background_color=\u00a0\u00bbrgba(224,157,154,0.57)\u00a0\u00bb border_radii=\u00a0\u00bbon|10px|10px|10px|10px\u00a0\u00bb box_shadow_style=\u00a0\u00bbpreset6&Prime; global_colors_info=\u00a0\u00bb{}\u00a0\u00bb][\/et_pb_audio][et_pb_audio audio=\u00a0\u00bbhttps:\/\/etab.ac-reunion.fr\/lyc-marie-curie\/wp-content\/uploads\/sites\/30\/2026\/03\/The-first-fire.m4a\u00a0\u00bb title=\u00a0\u00bbThe first fire (version cr\u00e9ole)\u00a0\u00bb artist_name=\u00a0\u00bbLuckas RAVELET\u00a0\u00bb image_url=\u00a0\u00bbhttps:\/\/etab.ac-reunion.fr\/lyc-marie-curie\/wp-content\/uploads\/sites\/30\/2026\/03\/The-first-fire.png\u00a0\u00bb _builder_version=\u00a0\u00bb4.27.6&Prime; _module_preset=\u00a0\u00bbdefault\u00a0\u00bb title_text_color=\u00a0\u00bb#000000&Prime; caption_text_color=\u00a0\u00bb#000000&Prime; background_color=\u00a0\u00bb#9fd1f2&Prime; hover_enabled=\u00a0\u00bb0&Prime; border_radii=\u00a0\u00bbon|10px|10px|10px|10px\u00a0\u00bb box_shadow_style=\u00a0\u00bbpreset6&Prime; global_colors_info=\u00a0\u00bb{}\u00a0\u00bb sticky_enabled=\u00a0\u00bb0&Prime;][\/et_pb_audio][et_pb_audio audio=\u00a0\u00bbhttps:\/\/etab.ac-reunion.fr\/lyc-marie-curie\/wp-content\/uploads\/sites\/30\/2026\/03\/The-rainbow-serpent-english.m4a\u00a0\u00bb title=\u00a0\u00bbThe rainbow serpent (version anglaise)\u00a0\u00bb artist_name=\u00a0\u00bbSohane RICHARD\u00a0\u00bb image_url=\u00a0\u00bbhttps:\/\/etab.ac-reunion.fr\/lyc-marie-curie\/wp-content\/uploads\/sites\/30\/2026\/03\/The-rainbow-serpent.png\u00a0\u00bb _builder_version=\u00a0\u00bb4.27.6&Prime; _module_preset=\u00a0\u00bbdefault\u00a0\u00bb title_text_color=\u00a0\u00bb#000000&Prime; caption_text_color=\u00a0\u00bb#000000&Prime; background_color=\u00a0\u00bb#e0cda3&Prime; border_radii=\u00a0\u00bbon|10px|10px|10px|10px\u00a0\u00bb box_shadow_style=\u00a0\u00bbpreset6&Prime; global_colors_info=\u00a0\u00bb{}\u00a0\u00bb][\/et_pb_audio][et_pb_audio audio=\u00a0\u00bbhttps:\/\/etab.ac-reunion.fr\/lyc-marie-curie\/wp-content\/uploads\/sites\/30\/2026\/03\/The-rainbow-serpent-creole.m4a\u00a0\u00bb title=\u00a0\u00bbThe rainbow serpent (version cr\u00e9ole)\u00a0\u00bb artist_name=\u00a0\u00bbSorenza VALLIAME\u00a0\u00bb image_url=\u00a0\u00bbhttps:\/\/etab.ac-reunion.fr\/lyc-marie-curie\/wp-content\/uploads\/sites\/30\/2026\/03\/The-rainbow-serpent.png\u00a0\u00bb _builder_version=\u00a0\u00bb4.27.6&Prime; _module_preset=\u00a0\u00bbdefault\u00a0\u00bb title_text_color=\u00a0\u00bb#000000&Prime; caption_text_color=\u00a0\u00bb#000000&Prime; background_color=\u00a0\u00bb#d5c5e8&Prime; border_radii=\u00a0\u00bbon|10px|10px|10px|10px\u00a0\u00bb box_shadow_style=\u00a0\u00bbpreset6&Prime; global_colors_info=\u00a0\u00bb{}\u00a0\u00bb][\/et_pb_audio][et_pb_audio audio=\u00a0\u00bbhttps:\/\/etab.ac-reunion.fr\/lyc-marie-curie\/wp-content\/uploads\/sites\/30\/2026\/03\/Tiddalick-the-frog-english.m4a\u00a0\u00bb title=\u00a0\u00bbTiddalick the frog (version anglaise)\u00a0\u00bb artist_name=\u00a0\u00bbMaureen MONTPRE\u00a0\u00bb image_url=\u00a0\u00bbhttps:\/\/etab.ac-reunion.fr\/lyc-marie-curie\/wp-content\/uploads\/sites\/30\/2026\/03\/Tiddalick-the-frog.png\u00a0\u00bb _builder_version=\u00a0\u00bb4.27.6&Prime; _module_preset=\u00a0\u00bbdefault\u00a0\u00bb title_text_color=\u00a0\u00bb#000000&Prime; caption_text_color=\u00a0\u00bb#000000&Prime; background_color=\u00a0\u00bbrgba(0,0,0,0.14)\u00a0\u00bb hover_enabled=\u00a0\u00bb0&Prime; border_radii=\u00a0\u00bbon|10px|10px|10px|10px\u00a0\u00bb box_shadow_style=\u00a0\u00bbpreset6&Prime; global_colors_info=\u00a0\u00bb{}\u00a0\u00bb sticky_enabled=\u00a0\u00bb0&Prime;][\/et_pb_audio][et_pb_audio audio=\u00a0\u00bbhttps:\/\/etab.ac-reunion.fr\/lyc-marie-curie\/wp-content\/uploads\/sites\/30\/2026\/03\/Tiddalick-the-frog-anglais.m4a\u00a0\u00bb title=\u00a0\u00bbTiddalick the frog (version fran\u00e7aise)\u00a0\u00bb artist_name=\u00a0\u00bbS\u00e9l\u00e9na ROBERT\u00a0\u00bb image_url=\u00a0\u00bbhttps:\/\/etab.ac-reunion.fr\/lyc-marie-curie\/wp-content\/uploads\/sites\/30\/2026\/03\/Tiddalick-the-frog.png\u00a0\u00bb _builder_version=\u00a0\u00bb4.27.6&Prime; _module_preset=\u00a0\u00bbdefault\u00a0\u00bb title_text_color=\u00a0\u00bb#000000&Prime; caption_text_color=\u00a0\u00bb#000000&Prime; background_color=\u00a0\u00bb#ffc6c6&Prime; border_radii=\u00a0\u00bbon|10px|10px|10px|10px\u00a0\u00bb box_shadow_style=\u00a0\u00bbpreset6&Prime; global_colors_info=\u00a0\u00bb{}\u00a0\u00bb][\/et_pb_audio][\/et_pb_column][\/et_pb_row][\/et_pb_section]\n<!-- AddThis Advanced Settings generic via filter on the_content --><!-- AddThis Share Buttons generic via filter on the_content -->","protected":false},"excerpt":{"rendered":"<p>Dans le cadre de la Semaine des Langues, des \u00e9l\u00e8ves de la 201 ont explor\u00e9 le Dreamtime, \u00e9l\u00e9ment central de la culture aborig\u00e8ne australienne. \u00c0 travers ce projet, ils ont [&hellip;]<\/p>\n<p><!-- AddThis Advanced Settings generic via filter on get_the_excerpt --><!-- AddThis Share Buttons generic via filter on get_the_excerpt --><\/p>\n","protected":false},"author":27912,"featured_media":0,"comment_status":"closed","ping_status":"closed","sticky":false,"template":"","format":"standard","meta":{"_et_pb_use_builder":"on","_et_pb_old_content":"","_et_gb_content_width":"","footnotes":"","_links_to":"","_links_to_target":""},"categories":[16,126,25,292,132,8],"tags":[],"class_list":["post-16585","post","type-post","status-publish","format-standard","hentry","category-actualites","category-eleves","category-parents","category-pedagogie","category-personnel","category-projet-d-etablissement"],"_links":{"self":[{"href":"https:\/\/etab.ac-reunion.fr\/lyc-marie-curie\/wp-json\/wp\/v2\/posts\/16585","targetHints":{"allow":["GET"]}}],"collection":[{"href":"https:\/\/etab.ac-reunion.fr\/lyc-marie-curie\/wp-json\/wp\/v2\/posts"}],"about":[{"href":"https:\/\/etab.ac-reunion.fr\/lyc-marie-curie\/wp-json\/wp\/v2\/types\/post"}],"author":[{"embeddable":true,"href":"https:\/\/etab.ac-reunion.fr\/lyc-marie-curie\/wp-json\/wp\/v2\/users\/27912"}],"replies":[{"embeddable":true,"href":"https:\/\/etab.ac-reunion.fr\/lyc-marie-curie\/wp-json\/wp\/v2\/comments?post=16585"}],"version-history":[{"count":5,"href":"https:\/\/etab.ac-reunion.fr\/lyc-marie-curie\/wp-json\/wp\/v2\/posts\/16585\/revisions"}],"predecessor-version":[{"id":16607,"href":"https:\/\/etab.ac-reunion.fr\/lyc-marie-curie\/wp-json\/wp\/v2\/posts\/16585\/revisions\/16607"}],"wp:attachment":[{"href":"https:\/\/etab.ac-reunion.fr\/lyc-marie-curie\/wp-json\/wp\/v2\/media?parent=16585"}],"wp:term":[{"taxonomy":"category","embeddable":true,"href":"https:\/\/etab.ac-reunion.fr\/lyc-marie-curie\/wp-json\/wp\/v2\/categories?post=16585"},{"taxonomy":"post_tag","embeddable":true,"href":"https:\/\/etab.ac-reunion.fr\/lyc-marie-curie\/wp-json\/wp\/v2\/tags?post=16585"}],"curies":[{"name":"wp","href":"https:\/\/api.w.org\/{rel}","templated":true}]}}