{"id":16608,"date":"2026-03-26T21:27:05","date_gmt":"2026-03-26T17:27:05","guid":{"rendered":"https:\/\/etab.ac-reunion.fr\/lyc-marie-curie\/?p=16608"},"modified":"2026-03-26T21:27:05","modified_gmt":"2026-03-26T17:27:05","slug":"annonce-des-gagnants-concours-daffiche-semaine-des-langues","status":"publish","type":"post","link":"https:\/\/etab.ac-reunion.fr\/lyc-marie-curie\/annonce-des-gagnants-concours-daffiche-semaine-des-langues\/","title":{"rendered":"Annonce des gagnants \u2013 Concours d\u2019affiche Semaine des langues : \u00ab Las lenguas para comprender el mundo \u00bb"},"content":{"rendered":"[et_pb_section fb_built=\u00a0\u00bb1&Prime; _builder_version=\u00a0\u00bb4.16&Prime; _module_preset=\u00a0\u00bbdefault\u00a0\u00bb global_colors_info=\u00a0\u00bb{}\u00a0\u00bb][et_pb_row _builder_version=\u00a0\u00bb4.16&Prime; _module_preset=\u00a0\u00bbdefault\u00a0\u00bb global_colors_info=\u00a0\u00bb{}\u00a0\u00bb][et_pb_column type=\u00a0\u00bb4_4&Prime; _builder_version=\u00a0\u00bb4.16&Prime; _module_preset=\u00a0\u00bbdefault\u00a0\u00bb global_colors_info=\u00a0\u00bb{}\u00a0\u00bb][et_pb_text _builder_version=\u00a0\u00bb4.27.6&Prime; _module_preset=\u00a0\u00bbdefault\u00a0\u00bb background_color=\u00a0\u00bb#FFFFFF\u00a0\u00bb custom_padding=\u00a0\u00bb25px|50px|25px|50px|true|true\u00a0\u00bb hover_enabled=\u00a0\u00bb0&Prime; border_radii=\u00a0\u00bbon|10px|10px|10px|10px\u00a0\u00bb border_width_all=\u00a0\u00bb2px\u00a0\u00bb box_shadow_style=\u00a0\u00bbpreset6&Prime; global_colors_info=\u00a0\u00bb{}\u00a0\u00bb sticky_enabled=\u00a0\u00bb0&Prime;]\n<p>Nous avons le plaisir de f\u00e9liciter les \u00e9l\u00e8ves de section euro et de sp\u00e9cialit\u00e9 LLCER en espagnol pour leur participation au concours d\u2019affiche organis\u00e9 dans le cadre de la Semaine des langues.<\/p>\n<p>Cette ann\u00e9e, \u00e0 travers des th\u00e8mes vari\u00e9s \u2014 personnages c\u00e9l\u00e8bres, f\u00eates et traditions, paysages du monde hispanique ou documents \u00e9tudi\u00e9s en classe \u2014 ils ont su faire preuve de cr\u00e9ativit\u00e9, de sens artistique et d\u2019ouverture culturelle.<\/p>\n<p>Et les gagnants sont :<\/p>\n<ul>\n<li>Seconde :\n<ul>\n<li>1er prix : TECHER Carine (204)<\/li>\n<li>2e prix : LEBIHAN Lisa (204), ROBERT Kamylle et ROBERT S\u00e9l\u00e9na (201)<\/li>\n<li>3e prix : MAINFROI Rebecca (203)<\/li>\n<\/ul>\n<\/li>\n<li>Premi\u00e8re\n<ul>\n<li>1er prix : GRONDIN Camille et DELAMOTHE Ma\u00eblle (101)<\/li>\n<li>2e prix : GERVILLE H\u00e9l\u00e9na et GODRON Maxime (102)<\/li>\n<li>3e prix : DALLEAU D\u00e9lia, ROBERT Ma\u00ebl et VU VAN QUIET Yann (101)<\/li>\n<\/ul>\n<\/li>\n<\/ul>\n<p>Leurs affiches se sont distingu\u00e9es par leur originalit\u00e9, leur sens artistique et leur capacit\u00e9 \u00e0 illustrer le r\u00f4le des langues pour mieux comprendre le monde.<br \/>F\u00e9licitations \u00e0 tous les participants pour la qualit\u00e9 de leurs r\u00e9alisations et pour avoir contribu\u00e9 \u00e0 faire de ce concours un v\u00e9ritable succ\u00e8s !<br \/>Les affiches seront expos\u00e9es dans l\u2019\u00e9tablissement : CDI-salle de permanence-r\u00e9fectoire. N\u2019h\u00e9sitez pas \u00e0 venir les d\u00e9couvrir (du 26\/03 au 02\/04 inclus) !<\/p>\n[\/et_pb_text][et_pb_image src=\u00a0\u00bbhttps:\/\/etab.ac-reunion.fr\/lyc-marie-curie\/wp-content\/uploads\/sites\/30\/2026\/03\/gagnants-1-scaled.jpg\u00a0\u00bb _builder_version=\u00a0\u00bb4.27.6&Prime; _module_preset=\u00a0\u00bbdefault\u00a0\u00bb title_text=\u00a0\u00bbgagnants 1&Prime; hover_enabled=\u00a0\u00bb0&Prime; sticky_enabled=\u00a0\u00bb0&Prime; border_radii=\u00a0\u00bbon|10px|10px|10px|10px\u00a0\u00bb][\/et_pb_image][et_pb_image src=\u00a0\u00bbhttps:\/\/etab.ac-reunion.fr\/lyc-marie-curie\/wp-content\/uploads\/sites\/30\/2026\/03\/gagnants-2-scaled.jpg\u00a0\u00bb _builder_version=\u00a0\u00bb4.27.6&Prime; _module_preset=\u00a0\u00bbdefault\u00a0\u00bb title_text=\u00a0\u00bbgagnants 2&Prime; border_radii=\u00a0\u00bbon|10px|10px|10px|10px\u00a0\u00bb hover_enabled=\u00a0\u00bb0&Prime; sticky_enabled=\u00a0\u00bb0&Prime;][\/et_pb_image][\/et_pb_column][\/et_pb_row][\/et_pb_section]\n<!-- AddThis Advanced Settings generic via filter on the_content --><!-- AddThis Share Buttons generic via filter on the_content -->","protected":false},"excerpt":{"rendered":"<p>Nous avons le plaisir de f\u00e9liciter les \u00e9l\u00e8ves de section euro et de sp\u00e9cialit\u00e9 LLCER en espagnol pour leur participation au concours d\u2019affiche organis\u00e9 dans le cadre de la Semaine [&hellip;]<\/p>\n<p><!-- AddThis Advanced Settings generic via filter on get_the_excerpt --><!-- AddThis Share Buttons generic via filter on get_the_excerpt --><\/p>\n","protected":false},"author":27912,"featured_media":0,"comment_status":"closed","ping_status":"closed","sticky":false,"template":"","format":"standard","meta":{"_et_pb_use_builder":"on","_et_pb_old_content":"","_et_gb_content_width":"","footnotes":"","_links_to":"","_links_to_target":""},"categories":[16,126,25,292,132,8],"tags":[],"class_list":["post-16608","post","type-post","status-publish","format-standard","hentry","category-actualites","category-eleves","category-parents","category-pedagogie","category-personnel","category-projet-d-etablissement"],"_links":{"self":[{"href":"https:\/\/etab.ac-reunion.fr\/lyc-marie-curie\/wp-json\/wp\/v2\/posts\/16608","targetHints":{"allow":["GET"]}}],"collection":[{"href":"https:\/\/etab.ac-reunion.fr\/lyc-marie-curie\/wp-json\/wp\/v2\/posts"}],"about":[{"href":"https:\/\/etab.ac-reunion.fr\/lyc-marie-curie\/wp-json\/wp\/v2\/types\/post"}],"author":[{"embeddable":true,"href":"https:\/\/etab.ac-reunion.fr\/lyc-marie-curie\/wp-json\/wp\/v2\/users\/27912"}],"replies":[{"embeddable":true,"href":"https:\/\/etab.ac-reunion.fr\/lyc-marie-curie\/wp-json\/wp\/v2\/comments?post=16608"}],"version-history":[{"count":3,"href":"https:\/\/etab.ac-reunion.fr\/lyc-marie-curie\/wp-json\/wp\/v2\/posts\/16608\/revisions"}],"predecessor-version":[{"id":16615,"href":"https:\/\/etab.ac-reunion.fr\/lyc-marie-curie\/wp-json\/wp\/v2\/posts\/16608\/revisions\/16615"}],"wp:attachment":[{"href":"https:\/\/etab.ac-reunion.fr\/lyc-marie-curie\/wp-json\/wp\/v2\/media?parent=16608"}],"wp:term":[{"taxonomy":"category","embeddable":true,"href":"https:\/\/etab.ac-reunion.fr\/lyc-marie-curie\/wp-json\/wp\/v2\/categories?post=16608"},{"taxonomy":"post_tag","embeddable":true,"href":"https:\/\/etab.ac-reunion.fr\/lyc-marie-curie\/wp-json\/wp\/v2\/tags?post=16608"}],"curies":[{"name":"wp","href":"https:\/\/api.w.org\/{rel}","templated":true}]}}