{"id":11323,"date":"2026-04-27T09:29:50","date_gmt":"2026-04-27T07:29:50","guid":{"rendered":"https:\/\/etab.ac-reunion.fr\/lyc-memona-hintermann-affejee\/?p=11323"},"modified":"2026-04-30T09:29:21","modified_gmt":"2026-04-30T07:29:21","slug":"partenariat-erasmus-avec-merida","status":"publish","type":"post","link":"https:\/\/etab.ac-reunion.fr\/lyc-memona-hintermann-affejee\/2026\/04\/27\/partenariat-erasmus-avec-merida\/","title":{"rendered":"Partenariat Erasmus avec M\u00e9rida"},"content":{"rendered":"<p>[et_pb_section fb_built=\u00a0\u00bb1&Prime; _builder_version=\u00a0\u00bb4.27.6&Prime; _module_preset=\u00a0\u00bbdefault\u00a0\u00bb global_colors_info=\u00a0\u00bb{}\u00a0\u00bb][et_pb_row _builder_version=\u00a0\u00bb4.27.6&Prime; _module_preset=\u00a0\u00bbdefault\u00a0\u00bb global_colors_info=\u00a0\u00bb{}\u00a0\u00bb][et_pb_column type=\u00a0\u00bb4_4&Prime; _builder_version=\u00a0\u00bb4.27.6&Prime; _module_preset=\u00a0\u00bbdefault\u00a0\u00bb global_colors_info=\u00a0\u00bb{}\u00a0\u00bb][et_pb_divider color=\u00a0\u00bb#E02B20&Prime; divider_weight=\u00a0\u00bb5px\u00a0\u00bb _builder_version=\u00a0\u00bb4.27.6&Prime; _module_preset=\u00a0\u00bbdefault\u00a0\u00bb global_colors_info=\u00a0\u00bb{}\u00a0\u00bb][\/et_pb_divider][et_pb_text _builder_version=\u00a0\u00bb4.27.6&Prime; _module_preset=\u00a0\u00bbdefault\u00a0\u00bb hover_enabled=\u00a0\u00bb0&Prime; global_colors_info=\u00a0\u00bb{}\u00a0\u00bb sticky_enabled=\u00a0\u00bb0&Prime;]<strong>Partenariat Erasmus <\/strong><\/p>\n<p><strong>Lyc\u00e9e Memona Hintermann Aff\u00e9jee \u2194 IES S\u00e1enz de Buruaga (M\u00e9rida-Espagne)<br \/>\n<\/strong><br \/>\nDepuis 2022, nos deux lyc\u00e9es m\u00e8nent un \u00e9change Erasmus qui permet aux \u00e9l\u00e8ves et aux professeurs de se rencontrer, de d\u00e9couvrir d\u2019autres m\u00e9thodes et de partager des exp\u00e9riences. En 2026, le th\u00e8me choisi \u00e9tait \u00ab Diversit\u00e9 et inclusion \u00bb. Nous avons accueilli une d\u00e9l\u00e9gation espagnole sur notre \u00eele en d\u00e9cembre 2025, et en f\u00e9vrier 2026 les \u00e9l\u00e8ves r\u00e9unionnais ont visit\u00e9 M\u00e9rida et sa r\u00e9gion pour apprendre, visiter et cr\u00e9er ensemble.<\/p>\n<p>Au programme : d\u00e9couvertes culturelles, suivi de cours ,rencontres officielles, ateliers pratiques, travaux de groupe , pr\u00e9sentations de diaporamas ,et projets artistiques r\u00e9alis\u00e9s par les \u00e9l\u00e8ves. Ces mobilit\u00e9s favorisent l\u2019ouverture d\u2019esprit, renforcent le niveau de langues et portent des actions concr\u00e8tes pour mieux inclure chaque \u00e9l\u00e8ve au quotidien.<\/p>\n<p>Retrouvez ici les photos, vid\u00e9os,\u00a0 et les travaux produits pendant le projet :<\/p>\n<blockquote class=\"wp-embedded-content\" data-secret=\"BsUNegrYO5\"><p><a href=\"https:\/\/etab.ac-reunion.fr\/lyc-memona-hintermann-affejee\/2026\/04\/27\/accueil-des-eleves-espagnols-decembre-2025\/\">Accueil des \u00e9l\u00e8ves espagnols &#8211; D\u00e9cembre 2025<\/a><\/p><\/blockquote>\n<p><iframe loading=\"lazy\" class=\"wp-embedded-content\" sandbox=\"allow-scripts\" security=\"restricted\" style=\"position: absolute; visibility: hidden;\" title=\"\u00ab\u00a0Accueil des \u00e9l\u00e8ves espagnols &#8211; D\u00e9cembre 2025\u00a0\u00bb &#8212; Site du Lyc\u00e9e M\u00e9mona Hintermann-Aff\u00e9jee\" src=\"https:\/\/etab.ac-reunion.fr\/lyc-memona-hintermann-affejee\/2026\/04\/27\/accueil-des-eleves-espagnols-decembre-2025\/embed\/#?secret=u5JX8axKD7#?secret=BsUNegrYO5\" data-secret=\"BsUNegrYO5\" width=\"600\" height=\"338\" frameborder=\"0\" marginwidth=\"0\" marginheight=\"0\" scrolling=\"no\"><\/iframe><\/p>\n<blockquote class=\"wp-embedded-content\" data-secret=\"sGCPKuI9zR\"><p><a href=\"https:\/\/etab.ac-reunion.fr\/lyc-memona-hintermann-affejee\/2026\/04\/27\/certificados-de-asistencia-erasmus\/\">Certificados de asistencia ERASMUS+<\/a><\/p><\/blockquote>\n<p><iframe loading=\"lazy\" class=\"wp-embedded-content\" sandbox=\"allow-scripts\" security=\"restricted\" style=\"position: absolute; visibility: hidden;\" title=\"\u00ab\u00a0Certificados de asistencia ERASMUS+\u00a0\u00bb &#8212; Site du Lyc\u00e9e M\u00e9mona Hintermann-Aff\u00e9jee\" src=\"https:\/\/etab.ac-reunion.fr\/lyc-memona-hintermann-affejee\/2026\/04\/27\/certificados-de-asistencia-erasmus\/embed\/#?secret=bLbINhdVje#?secret=sGCPKuI9zR\" data-secret=\"sGCPKuI9zR\" width=\"600\" height=\"338\" frameborder=\"0\" marginwidth=\"0\" marginheight=\"0\" scrolling=\"no\"><\/iframe><\/p>\n<blockquote class=\"wp-embedded-content\" data-secret=\"GlRZGQYQwt\"><p><a href=\"https:\/\/etab.ac-reunion.fr\/lyc-memona-hintermann-affejee\/2026\/04\/27\/erasmus-day-jeudi-26-mars-2026\/\">Erasmus Day  jeudi 26 mars 2026<\/a><\/p><\/blockquote>\n<p><iframe loading=\"lazy\" class=\"wp-embedded-content\" sandbox=\"allow-scripts\" security=\"restricted\" style=\"position: absolute; visibility: hidden;\" title=\"\u00ab\u00a0Erasmus Day  jeudi 26 mars 2026\u00a0\u00bb &#8212; Site du Lyc\u00e9e M\u00e9mona Hintermann-Aff\u00e9jee\" src=\"https:\/\/etab.ac-reunion.fr\/lyc-memona-hintermann-affejee\/2026\/04\/27\/erasmus-day-jeudi-26-mars-2026\/embed\/#?secret=qxkPtSyYx3#?secret=GlRZGQYQwt\" data-secret=\"GlRZGQYQwt\" width=\"600\" height=\"338\" frameborder=\"0\" marginwidth=\"0\" marginheight=\"0\" scrolling=\"no\"><\/iframe><\/p>\n<blockquote class=\"wp-embedded-content\" data-secret=\"TgkdzIXAC7\"><p><a href=\"https:\/\/etab.ac-reunion.fr\/lyc-memona-hintermann-affejee\/2026\/04\/28\/mobilite-merida-fevrier-2026\/\">Mobilit\u00e9 M\u00e9rida &#8211; f\u00e9vrier 2026<\/a><\/p><\/blockquote>\n<p><iframe loading=\"lazy\" class=\"wp-embedded-content\" sandbox=\"allow-scripts\" security=\"restricted\" style=\"position: absolute; visibility: hidden;\" title=\"\u00ab\u00a0Mobilit\u00e9 M\u00e9rida &#8211; f\u00e9vrier 2026\u00a0\u00bb &#8212; Site du Lyc\u00e9e M\u00e9mona Hintermann-Aff\u00e9jee\" src=\"https:\/\/etab.ac-reunion.fr\/lyc-memona-hintermann-affejee\/2026\/04\/28\/mobilite-merida-fevrier-2026\/embed\/#?secret=prsgwOJLye#?secret=TgkdzIXAC7\" data-secret=\"TgkdzIXAC7\" width=\"600\" height=\"338\" frameborder=\"0\" marginwidth=\"0\" marginheight=\"0\" scrolling=\"no\"><\/iframe><\/p>\n<blockquote class=\"wp-embedded-content\" data-secret=\"n8htEXCcwP\"><p><a href=\"https:\/\/etab.ac-reunion.fr\/lyc-memona-hintermann-affejee\/2026\/04\/30\/mobilite-merida-fevrier-2026-2\/\">Mobilit\u00e9 M\u00e9rida 2 &#8211; f\u00e9vrier 2026<\/a><\/p><\/blockquote>\n<p><iframe loading=\"lazy\" class=\"wp-embedded-content\" sandbox=\"allow-scripts\" security=\"restricted\" style=\"position: absolute; visibility: hidden;\" title=\"\u00ab\u00a0Mobilit\u00e9 M\u00e9rida 2 &#8211; f\u00e9vrier 2026\u00a0\u00bb &#8212; Site du Lyc\u00e9e M\u00e9mona Hintermann-Aff\u00e9jee\" src=\"https:\/\/etab.ac-reunion.fr\/lyc-memona-hintermann-affejee\/2026\/04\/30\/mobilite-merida-fevrier-2026-2\/embed\/#?secret=NDDp9zCtLk#?secret=n8htEXCcwP\" data-secret=\"n8htEXCcwP\" width=\"600\" height=\"338\" frameborder=\"0\" marginwidth=\"0\" marginheight=\"0\" scrolling=\"no\"><\/iframe><\/p>\n<blockquote class=\"wp-embedded-content\" data-secret=\"6PpVB4TDHa\"><p><a href=\"https:\/\/etab.ac-reunion.fr\/lyc-memona-hintermann-affejee\/2026\/04\/30\/mobilite-merida-fevrier-2026-3\/\">Mobilit\u00e9 M\u00e9rida 3 &#8211; f\u00e9vrier 2026<\/a><\/p><\/blockquote>\n<p><iframe loading=\"lazy\" class=\"wp-embedded-content\" sandbox=\"allow-scripts\" security=\"restricted\" style=\"position: absolute; visibility: hidden;\" title=\"\u00ab\u00a0Mobilit\u00e9 M\u00e9rida 3 &#8211; f\u00e9vrier 2026\u00a0\u00bb &#8212; Site du Lyc\u00e9e M\u00e9mona Hintermann-Aff\u00e9jee\" src=\"https:\/\/etab.ac-reunion.fr\/lyc-memona-hintermann-affejee\/2026\/04\/30\/mobilite-merida-fevrier-2026-3\/embed\/#?secret=eypwRw8R5C#?secret=6PpVB4TDHa\" data-secret=\"6PpVB4TDHa\" width=\"600\" height=\"338\" frameborder=\"0\" marginwidth=\"0\" marginheight=\"0\" scrolling=\"no\"><\/iframe><\/p>\n<blockquote class=\"wp-embedded-content\" data-secret=\"PCFhOGygdE\"><p><a href=\"https:\/\/etab.ac-reunion.fr\/lyc-memona-hintermann-affejee\/2026\/04\/30\/mobilite-merida-fevrier-2026-4\/\">Mobilit\u00e9 M\u00e9rida 4 &#8211; f\u00e9vrier 2026<\/a><\/p><\/blockquote>\n<p><iframe loading=\"lazy\" class=\"wp-embedded-content\" sandbox=\"allow-scripts\" security=\"restricted\" style=\"position: absolute; visibility: hidden;\" title=\"\u00ab\u00a0Mobilit\u00e9 M\u00e9rida 4 &#8211; f\u00e9vrier 2026\u00a0\u00bb &#8212; Site du Lyc\u00e9e M\u00e9mona Hintermann-Aff\u00e9jee\" src=\"https:\/\/etab.ac-reunion.fr\/lyc-memona-hintermann-affejee\/2026\/04\/30\/mobilite-merida-fevrier-2026-4\/embed\/#?secret=bZkrrcSDqE#?secret=PCFhOGygdE\" data-secret=\"PCFhOGygdE\" width=\"600\" height=\"338\" frameborder=\"0\" marginwidth=\"0\" marginheight=\"0\" scrolling=\"no\"><\/iframe><\/p>\n<blockquote class=\"wp-embedded-content\" data-secret=\"Gb2zGCpjoj\"><p><a href=\"https:\/\/etab.ac-reunion.fr\/lyc-memona-hintermann-affejee\/2026\/04\/30\/mobilite-merida-fevrier-2026-5\/\">Mobilit\u00e9 M\u00e9rida 5 &#8211; f\u00e9vrier 2026<\/a><\/p><\/blockquote>\n<p><iframe loading=\"lazy\" class=\"wp-embedded-content\" sandbox=\"allow-scripts\" security=\"restricted\" style=\"position: absolute; visibility: hidden;\" title=\"\u00ab\u00a0Mobilit\u00e9 M\u00e9rida 5 &#8211; f\u00e9vrier 2026\u00a0\u00bb &#8212; Site du Lyc\u00e9e M\u00e9mona Hintermann-Aff\u00e9jee\" src=\"https:\/\/etab.ac-reunion.fr\/lyc-memona-hintermann-affejee\/2026\/04\/30\/mobilite-merida-fevrier-2026-5\/embed\/#?secret=Qk7MXSHF88#?secret=Gb2zGCpjoj\" data-secret=\"Gb2zGCpjoj\" width=\"600\" height=\"338\" frameborder=\"0\" marginwidth=\"0\" marginheight=\"0\" scrolling=\"no\"><\/iframe><\/p>\n<blockquote class=\"wp-embedded-content\" data-secret=\"zE2qtuYRkP\"><p><a href=\"https:\/\/etab.ac-reunion.fr\/lyc-memona-hintermann-affejee\/2026\/04\/28\/web-radio-merida\/\">Web radio M\u00e9rida<\/a><\/p><\/blockquote>\n<p><iframe loading=\"lazy\" class=\"wp-embedded-content\" sandbox=\"allow-scripts\" security=\"restricted\" style=\"position: absolute; visibility: hidden;\" title=\"\u00ab\u00a0Web radio M\u00e9rida\u00a0\u00bb &#8212; Site du Lyc\u00e9e M\u00e9mona Hintermann-Aff\u00e9jee\" src=\"https:\/\/etab.ac-reunion.fr\/lyc-memona-hintermann-affejee\/2026\/04\/28\/web-radio-merida\/embed\/#?secret=ily5e3PW1c#?secret=zE2qtuYRkP\" data-secret=\"zE2qtuYRkP\" width=\"600\" height=\"338\" frameborder=\"0\" marginwidth=\"0\" marginheight=\"0\" scrolling=\"no\"><\/iframe><br \/>\n[\/et_pb_text][\/et_pb_column][\/et_pb_row][\/et_pb_section]<\/p>\n","protected":false},"excerpt":{"rendered":"<p>Partenariat Erasmus Lyc\u00e9e Memona Hintermann Aff\u00e9jee \u2194 IES S\u00e1enz de Buruaga (M\u00e9rida-Espagne) Depuis 2022, nos deux lyc\u00e9es m\u00e8nent un \u00e9change Erasmus qui permet aux \u00e9l\u00e8ves et aux professeurs de se [&hellip;]<\/p>\n","protected":false},"author":1337,"featured_media":8652,"comment_status":"closed","ping_status":"closed","sticky":false,"template":"","format":"standard","meta":{"_et_pb_use_builder":"on","_et_pb_old_content":"","_et_gb_content_width":"","footnotes":""},"categories":[29,20],"tags":[],"class_list":["post-11323","post","type-post","status-publish","format-standard","has-post-thumbnail","hentry","category-espagnol","category-international"],"_links":{"self":[{"href":"https:\/\/etab.ac-reunion.fr\/lyc-memona-hintermann-affejee\/wp-json\/wp\/v2\/posts\/11323","targetHints":{"allow":["GET"]}}],"collection":[{"href":"https:\/\/etab.ac-reunion.fr\/lyc-memona-hintermann-affejee\/wp-json\/wp\/v2\/posts"}],"about":[{"href":"https:\/\/etab.ac-reunion.fr\/lyc-memona-hintermann-affejee\/wp-json\/wp\/v2\/types\/post"}],"author":[{"embeddable":true,"href":"https:\/\/etab.ac-reunion.fr\/lyc-memona-hintermann-affejee\/wp-json\/wp\/v2\/users\/1337"}],"replies":[{"embeddable":true,"href":"https:\/\/etab.ac-reunion.fr\/lyc-memona-hintermann-affejee\/wp-json\/wp\/v2\/comments?post=11323"}],"version-history":[{"count":20,"href":"https:\/\/etab.ac-reunion.fr\/lyc-memona-hintermann-affejee\/wp-json\/wp\/v2\/posts\/11323\/revisions"}],"predecessor-version":[{"id":11618,"href":"https:\/\/etab.ac-reunion.fr\/lyc-memona-hintermann-affejee\/wp-json\/wp\/v2\/posts\/11323\/revisions\/11618"}],"wp:featuredmedia":[{"embeddable":true,"href":"https:\/\/etab.ac-reunion.fr\/lyc-memona-hintermann-affejee\/wp-json\/wp\/v2\/media\/8652"}],"wp:attachment":[{"href":"https:\/\/etab.ac-reunion.fr\/lyc-memona-hintermann-affejee\/wp-json\/wp\/v2\/media?parent=11323"}],"wp:term":[{"taxonomy":"category","embeddable":true,"href":"https:\/\/etab.ac-reunion.fr\/lyc-memona-hintermann-affejee\/wp-json\/wp\/v2\/categories?post=11323"},{"taxonomy":"post_tag","embeddable":true,"href":"https:\/\/etab.ac-reunion.fr\/lyc-memona-hintermann-affejee\/wp-json\/wp\/v2\/tags?post=11323"}],"curies":[{"name":"wp","href":"https:\/\/api.w.org\/{rel}","templated":true}]}}