{"id":11328,"date":"2026-04-27T09:30:06","date_gmt":"2026-04-27T07:30:06","guid":{"rendered":"https:\/\/etab.ac-reunion.fr\/lyc-memona-hintermann-affejee\/?p=11328"},"modified":"2026-04-27T09:30:09","modified_gmt":"2026-04-27T07:30:09","slug":"accueil-des-eleves-espagnols-decembre-2025","status":"publish","type":"post","link":"https:\/\/etab.ac-reunion.fr\/lyc-memona-hintermann-affejee\/2026\/04\/27\/accueil-des-eleves-espagnols-decembre-2025\/","title":{"rendered":"Accueil des \u00e9l\u00e8ves espagnols &#8211; D\u00e9cembre 2025"},"content":{"rendered":"<p>[et_pb_section fb_built=\u00a0\u00bb1&Prime; _builder_version=\u00a0\u00bb4.27.6&Prime; _module_preset=\u00a0\u00bbdefault\u00a0\u00bb global_colors_info=\u00a0\u00bb{}\u00a0\u00bb][et_pb_row _builder_version=\u00a0\u00bb4.27.6&Prime; _module_preset=\u00a0\u00bbdefault\u00a0\u00bb global_colors_info=\u00a0\u00bb{}\u00a0\u00bb][et_pb_column type=\u00a0\u00bb4_4&Prime; _builder_version=\u00a0\u00bb4.27.6&Prime; _module_preset=\u00a0\u00bbdefault\u00a0\u00bb global_colors_info=\u00a0\u00bb{}\u00a0\u00bb][et_pb_divider color=\u00a0\u00bb#E02B20&Prime; divider_weight=\u00a0\u00bb5px\u00a0\u00bb _builder_version=\u00a0\u00bb4.27.6&Prime; _module_preset=\u00a0\u00bbdefault\u00a0\u00bb global_colors_info=\u00a0\u00bb{}\u00a0\u00bb][\/et_pb_divider][et_pb_text _builder_version=\u00a0\u00bb4.27.6&Prime; _module_preset=\u00a0\u00bbdefault\u00a0\u00bb global_colors_info=\u00a0\u00bb{}\u00a0\u00bb]\u00c9l\u00e8ves espagnols et r\u00e9unionnais unis, un geste symbolique de diversit\u00e9 et d\u2019inclusion :<\/p>\n<p><img loading=\"lazy\" decoding=\"async\" class=\"wp-image-11332 alignnone size-full\" src=\"https:\/\/etab.ac-reunion.fr\/lyc-memona-hintermann-affejee\/wp-content\/uploads\/sites\/154\/2026\/04\/2a.jpg\" alt=\"\" width=\"800\" height=\"600\" srcset=\"https:\/\/etab.ac-reunion.fr\/lyc-memona-hintermann-affejee\/wp-content\/uploads\/sites\/154\/2026\/04\/2a.jpg 800w, https:\/\/etab.ac-reunion.fr\/lyc-memona-hintermann-affejee\/wp-content\/uploads\/sites\/154\/2026\/04\/2a-480x360.jpg 480w\" sizes=\"(min-width: 0px) and (max-width: 480px) 480px, (min-width: 481px) 800px, 100vw\" \/><\/p>\n<p><img loading=\"lazy\" decoding=\"async\" class=\"wp-image-11333 alignnone size-full\" src=\"https:\/\/etab.ac-reunion.fr\/lyc-memona-hintermann-affejee\/wp-content\/uploads\/sites\/154\/2026\/04\/3a.jpg\" alt=\"\" width=\"800\" height=\"600\" srcset=\"https:\/\/etab.ac-reunion.fr\/lyc-memona-hintermann-affejee\/wp-content\/uploads\/sites\/154\/2026\/04\/3a.jpg 800w, https:\/\/etab.ac-reunion.fr\/lyc-memona-hintermann-affejee\/wp-content\/uploads\/sites\/154\/2026\/04\/3a-480x360.jpg 480w\" sizes=\"(min-width: 0px) and (max-width: 480px) 480px, (min-width: 481px) 800px, 100vw\" \/><\/p>\n<p>La diversit\u00e9 et l&rsquo;inclusion vues par Nicolas, \u00e9l\u00e8ve avec un spectre autistique :<\/p>\n\n<!-- iframe plugin v.5.2 wordpress.org\/plugins\/iframe\/ -->\n<iframe loading=\"lazy\" title=\"V1.mp4\" width=\"800\" height=\"470\" src=\"https:\/\/tube-arts-lettres-sciences-humaines.apps.education.fr\/videos\/embed\/cyXzWsKj7jHGY991F8bdug\" style=\"border: 0px;\" allow=\"fullscreen\" sandbox=\"allow-same-origin allow-scripts allow-popups allow-forms\" scrolling=\"yes\" class=\"iframe-class\" frameborder=\"0\"><\/iframe>\n\n<p>Remise des certificats de participation et remerciements :<\/p>\n<p><img loading=\"lazy\" decoding=\"async\" class=\"wp-image-11342 alignnone size-large\" src=\"https:\/\/etab.ac-reunion.fr\/lyc-memona-hintermann-affejee\/wp-content\/uploads\/sites\/154\/2026\/04\/1-800x600.jpg\" alt=\"\" width=\"800\" height=\"600\" \/><\/p>\n<p>&nbsp;<\/p>\n\n<!-- iframe plugin v.5.2 wordpress.org\/plugins\/iframe\/ -->\n<iframe loading=\"lazy\" title=\"2.mp4\" width=\"800\" height=\"470\" src=\"https:\/\/tube-arts-lettres-sciences-humaines.apps.education.fr\/videos\/embed\/qu4u2QyZ6BKYpJc7md3jTQ\" style=\"border: 0px;\" allow=\"fullscreen\" sandbox=\"allow-same-origin allow-scripts allow-popups allow-forms\" scrolling=\"yes\" class=\"iframe-class\" frameborder=\"0\"><\/iframe>\n\n\n<!-- iframe plugin v.5.2 wordpress.org\/plugins\/iframe\/ -->\n<iframe loading=\"lazy\" title=\"3.mp4\" width=\"800\" height=\"470\" src=\"https:\/\/tube-arts-lettres-sciences-humaines.apps.education.fr\/videos\/embed\/iTEwuPxjqJDy7QUcdt79D4\" style=\"border: 0px;\" allow=\"fullscreen\" sandbox=\"allow-same-origin allow-scripts allow-popups allow-forms\" scrolling=\"yes\" class=\"iframe-class\" frameborder=\"0\"><\/iframe>\n\n<p>Retour d&rsquo;exp\u00e9riences des \u00e9l\u00e8ves espagnols- R\u00e9alisation d&rsquo;affiches :<\/p>\n\n<!-- iframe plugin v.5.2 wordpress.org\/plugins\/iframe\/ -->\n<iframe loading=\"lazy\" title=\"V1.mp4\" width=\"800\" height=\"470\" src=\"https:\/\/tube-arts-lettres-sciences-humaines.apps.education.fr\/videos\/embed\/fACkxWQgWgZD5QdFCHjhg3\" style=\"border: 0px;\" allow=\"fullscreen\" sandbox=\"allow-same-origin allow-scripts allow-popups allow-forms\" scrolling=\"yes\" class=\"iframe-class\" frameborder=\"0\"><\/iframe>\n\n\n<!-- iframe plugin v.5.2 wordpress.org\/plugins\/iframe\/ -->\n<iframe loading=\"lazy\" title=\"V2.mp4\" width=\"800\" height=\"470\" src=\"https:\/\/tube-arts-lettres-sciences-humaines.apps.education.fr\/videos\/embed\/ce6ALsK6NsMQa2foiJKzTK\" style=\"border: 0px;\" allow=\"fullscreen\" sandbox=\"allow-same-origin allow-scripts allow-popups allow-forms\" scrolling=\"yes\" class=\"iframe-class\" frameborder=\"0\"><\/iframe>\n\n\n<!-- iframe plugin v.5.2 wordpress.org\/plugins\/iframe\/ -->\n<iframe loading=\"lazy\" title=\"V3.mp4\" width=\"800\" height=\"470\" src=\"https:\/\/tube-arts-lettres-sciences-humaines.apps.education.fr\/videos\/embed\/o9JKhp3P2wTmbr5pq42n7R\" style=\"border: 0px;\" allow=\"fullscreen\" sandbox=\"allow-same-origin allow-scripts allow-popups allow-forms\" scrolling=\"yes\" class=\"iframe-class\" frameborder=\"0\"><\/iframe>\n\n\n<!-- iframe plugin v.5.2 wordpress.org\/plugins\/iframe\/ -->\n<iframe loading=\"lazy\" title=\"V4.mp4\" width=\"800\" height=\"470\" src=\"https:\/\/tube-arts-lettres-sciences-humaines.apps.education.fr\/videos\/embed\/w32dbfZ3gY2kTt47JgtP1d\" style=\"border: 0px;\" allow=\"fullscreen\" sandbox=\"allow-same-origin allow-scripts allow-popups allow-forms\" scrolling=\"yes\" class=\"iframe-class\" frameborder=\"0\"><\/iframe>\n\n<p>Visite du Lazaret de la Grande Chaloupe et d\u00e9couverte de l&rsquo;histoire de l\u2019engagisme :<\/p>\n<p>\n<!-- iframe plugin v.5.2 wordpress.org\/plugins\/iframe\/ -->\n<iframe loading=\"lazy\" title=\"V1.mp4\" width=\"800\" height=\"470\" src=\"https:\/\/tube-arts-lettres-sciences-humaines.apps.education.fr\/videos\/embed\/kmACXPPPLiEmFP17DDoYPX\" style=\"border: 0px;\" allow=\"fullscreen\" sandbox=\"allow-same-origin allow-scripts allow-popups allow-forms\" scrolling=\"yes\" class=\"iframe-class\" frameborder=\"0\"><\/iframe>\n[\/et_pb_text][\/et_pb_column][\/et_pb_row][\/et_pb_section]<\/p>\n","protected":false},"excerpt":{"rendered":"<p>\u00c9l\u00e8ves espagnols et r\u00e9unionnais unis, un geste symbolique de diversit\u00e9 et d\u2019inclusion : La diversit\u00e9 et l&rsquo;inclusion vues par Nicolas, \u00e9l\u00e8ve avec un spectre autistique : \n<!-- iframe plugin v.5.2 wordpress.org\/plugins\/iframe\/ -->\n<iframe title=\"\u00bbV1.mp4&Prime;\" width=\"\u00bb800&Prime;\" height=\"\u00bb470&Prime;\" 0=\"[&hellip;\" scrolling=\"yes\" class=\"iframe-class\" frameborder=\"0\"><\/iframe>\n<\/p>\n","protected":false},"author":1337,"featured_media":11331,"comment_status":"closed","ping_status":"closed","sticky":false,"template":"","format":"standard","meta":{"_et_pb_use_builder":"on","_et_pb_old_content":"","_et_gb_content_width":"","footnotes":""},"categories":[29,20],"tags":[],"class_list":["post-11328","post","type-post","status-publish","format-standard","has-post-thumbnail","hentry","category-espagnol","category-international"],"_links":{"self":[{"href":"https:\/\/etab.ac-reunion.fr\/lyc-memona-hintermann-affejee\/wp-json\/wp\/v2\/posts\/11328","targetHints":{"allow":["GET"]}}],"collection":[{"href":"https:\/\/etab.ac-reunion.fr\/lyc-memona-hintermann-affejee\/wp-json\/wp\/v2\/posts"}],"about":[{"href":"https:\/\/etab.ac-reunion.fr\/lyc-memona-hintermann-affejee\/wp-json\/wp\/v2\/types\/post"}],"author":[{"embeddable":true,"href":"https:\/\/etab.ac-reunion.fr\/lyc-memona-hintermann-affejee\/wp-json\/wp\/v2\/users\/1337"}],"replies":[{"embeddable":true,"href":"https:\/\/etab.ac-reunion.fr\/lyc-memona-hintermann-affejee\/wp-json\/wp\/v2\/comments?post=11328"}],"version-history":[{"count":15,"href":"https:\/\/etab.ac-reunion.fr\/lyc-memona-hintermann-affejee\/wp-json\/wp\/v2\/posts\/11328\/revisions"}],"predecessor-version":[{"id":11356,"href":"https:\/\/etab.ac-reunion.fr\/lyc-memona-hintermann-affejee\/wp-json\/wp\/v2\/posts\/11328\/revisions\/11356"}],"wp:featuredmedia":[{"embeddable":true,"href":"https:\/\/etab.ac-reunion.fr\/lyc-memona-hintermann-affejee\/wp-json\/wp\/v2\/media\/11331"}],"wp:attachment":[{"href":"https:\/\/etab.ac-reunion.fr\/lyc-memona-hintermann-affejee\/wp-json\/wp\/v2\/media?parent=11328"}],"wp:term":[{"taxonomy":"category","embeddable":true,"href":"https:\/\/etab.ac-reunion.fr\/lyc-memona-hintermann-affejee\/wp-json\/wp\/v2\/categories?post=11328"},{"taxonomy":"post_tag","embeddable":true,"href":"https:\/\/etab.ac-reunion.fr\/lyc-memona-hintermann-affejee\/wp-json\/wp\/v2\/tags?post=11328"}],"curies":[{"name":"wp","href":"https:\/\/api.w.org\/{rel}","templated":true}]}}