{"id":11391,"date":"2026-04-28T08:19:20","date_gmt":"2026-04-28T06:19:20","guid":{"rendered":"https:\/\/etab.ac-reunion.fr\/lyc-memona-hintermann-affejee\/?p=11391"},"modified":"2026-04-30T09:32:41","modified_gmt":"2026-04-30T07:32:41","slug":"mobilite-merida-fevrier-2026","status":"publish","type":"post","link":"https:\/\/etab.ac-reunion.fr\/lyc-memona-hintermann-affejee\/2026\/04\/28\/mobilite-merida-fevrier-2026\/","title":{"rendered":"Mobilit\u00e9 M\u00e9rida &#8211; f\u00e9vrier 2026"},"content":{"rendered":"<p>[et_pb_section fb_built=\u00a0\u00bb1&Prime; _builder_version=\u00a0\u00bb4.27.6&Prime; _module_preset=\u00a0\u00bbdefault\u00a0\u00bb global_colors_info=\u00a0\u00bb{}\u00a0\u00bb][et_pb_row _builder_version=\u00a0\u00bb4.27.6&Prime; _module_preset=\u00a0\u00bbdefault\u00a0\u00bb global_colors_info=\u00a0\u00bb{}\u00a0\u00bb][et_pb_column type=\u00a0\u00bb4_4&Prime; _builder_version=\u00a0\u00bb4.27.6&Prime; _module_preset=\u00a0\u00bbdefault\u00a0\u00bb global_colors_info=\u00a0\u00bb{}\u00a0\u00bb][et_pb_divider color=\u00a0\u00bb#E02B20&Prime; divider_weight=\u00a0\u00bb5px\u00a0\u00bb _builder_version=\u00a0\u00bb4.27.6&Prime; _module_preset=\u00a0\u00bbdefault\u00a0\u00bb global_colors_info=\u00a0\u00bb{}\u00a0\u00bb][\/et_pb_divider][et_pb_text admin_label=\u00a0\u00bbTexte\u00a0\u00bb _builder_version=\u00a0\u00bb4.27.6&Prime; _module_preset=\u00a0\u00bbdefault\u00a0\u00bb hover_enabled=\u00a0\u00bb0&Prime; global_colors_info=\u00a0\u00bb{}\u00a0\u00bb sticky_enabled=\u00a0\u00bb0&Prime;]<\/p>\n<p><strong>En cas de probl\u00e8me d&rsquo;affichage des vid\u00e9os, merci de recharger la page.<\/strong><\/p>\n<p>1. Discours de bienvenue de la Directrice de lyc\u00e9e IES Sa\u00e9nz de Buruaga et du r\u00e9f\u00e9rent Erasmus :<\/p>\n\n<!-- iframe plugin v.5.2 wordpress.org\/plugins\/iframe\/ -->\n<iframe loading=\"lazy\" title=\"Discurso_Ana_directora_centro\" width=\"800\" height=\"470\" src=\"https:\/\/tube-arts-lettres-sciences-humaines.apps.education.fr\/videos\/embed\/ufTECwx6wUReFmPjzW7oUu\" style=\"border: 0px;\" allow=\"fullscreen\" sandbox=\"allow-same-origin allow-scripts allow-popups allow-forms\" scrolling=\"yes\" class=\"iframe-class\" frameborder=\"0\"><\/iframe>\n\n\n<!-- iframe plugin v.5.2 wordpress.org\/plugins\/iframe\/ -->\n<iframe loading=\"lazy\" title=\"Discurso_Inaki\" width=\"800\" height=\"470\" src=\"https:\/\/tube-arts-lettres-sciences-humaines.apps.education.fr\/videos\/embed\/g8z2bzoVRkzBR4NHB2c4Um\" style=\"border: 0px;\" allow=\"fullscreen\" sandbox=\"allow-same-origin allow-scripts allow-popups allow-forms\" scrolling=\"yes\" class=\"iframe-class\" frameborder=\"0\"><\/iframe>\n\n<p>2. Remise des badges pour acc\u00e9der au lyc\u00e9e par les correspondants espagnols :<\/p>\n\n<!-- iframe plugin v.5.2 wordpress.org\/plugins\/iframe\/ -->\n<iframe loading=\"lazy\" title=\"Remise_badge_Eva_Lina_Law_Thu\" width=\"800\" height=\"470\" src=\"https:\/\/tube-arts-lettres-sciences-humaines.apps.education.fr\/videos\/embed\/wxbLykwXPBzqcxA3Go9P1n\" style=\"border: 0px;\" allow=\"fullscreen\" sandbox=\"allow-same-origin allow-scripts allow-popups allow-forms\" scrolling=\"yes\" class=\"iframe-class\" frameborder=\"0\"><\/iframe>\n\n\n<!-- iframe plugin v.5.2 wordpress.org\/plugins\/iframe\/ -->\n<iframe loading=\"lazy\" title=\"Remise_badge_Jodoin_Matheo\" width=\"800\" height=\"470\" src=\"https:\/\/tube-arts-lettres-sciences-humaines.apps.education.fr\/videos\/embed\/m8KEN5b7df73jgg8odTeje\" style=\"border: 0px;\" allow=\"fullscreen\" sandbox=\"allow-same-origin allow-scripts allow-popups allow-forms\" scrolling=\"yes\" class=\"iframe-class\" frameborder=\"0\"><\/iframe>\n\n\n<!-- iframe plugin v.5.2 wordpress.org\/plugins\/iframe\/ -->\n<iframe loading=\"lazy\" title=\"Remise_badge_Tortosa_Saylan\" width=\"800\" height=\"470\" src=\"https:\/\/tube-arts-lettres-sciences-humaines.apps.education.fr\/videos\/embed\/uV4ioodGKLgCU7Pqh5gboo\" style=\"border: 0px;\" allow=\"fullscreen\" sandbox=\"allow-same-origin allow-scripts allow-popups allow-forms\" scrolling=\"yes\" class=\"iframe-class\" frameborder=\"0\"><\/iframe>\n\n<p>3. R\u00e9alisation de colombes de la paix en origami, l\u00e2cher des colombes et lecture des messages de la paix :<\/p>\n\n<!-- iframe plugin v.5.2 wordpress.org\/plugins\/iframe\/ -->\n<iframe loading=\"lazy\" title=\"Realisation_colombes_paix\" width=\"800\" height=\"470\" src=\"https:\/\/tube-arts-lettres-sciences-humaines.apps.education.fr\/videos\/embed\/3W29jZGFtFxxrnoo6PuDUk\" style=\"border: 0px;\" allow=\"fullscreen\" sandbox=\"allow-same-origin allow-scripts allow-popups allow-forms\" scrolling=\"yes\" class=\"iframe-class\" frameborder=\"0\"><\/iframe>\n\n\n<!-- iframe plugin v.5.2 wordpress.org\/plugins\/iframe\/ -->\n<iframe loading=\"lazy\" title=\"Lacher_colombes_papier\" width=\"800\" height=\"470\" src=\"https:\/\/tube-arts-lettres-sciences-humaines.apps.education.fr\/videos\/embed\/p8huUH4MZvzNrsRjbZ8aCi\" style=\"border: 0px;\" allow=\"fullscreen\" sandbox=\"allow-same-origin allow-scripts allow-popups allow-forms\" scrolling=\"yes\" class=\"iframe-class\" frameborder=\"0\"><\/iframe>\n\n<p>La suite :<\/p>\n<blockquote class=\"wp-embedded-content\" data-secret=\"wLy2C5pNZq\"><p><a href=\"https:\/\/etab.ac-reunion.fr\/lyc-memona-hintermann-affejee\/2026\/04\/30\/mobilite-merida-fevrier-2026-2\/\">Mobilit\u00e9 M\u00e9rida 2 &#8211; f\u00e9vrier 2026<\/a><\/p><\/blockquote>\n<p><iframe loading=\"lazy\" class=\"wp-embedded-content\" sandbox=\"allow-scripts\" security=\"restricted\" style=\"position: absolute; visibility: hidden;\" title=\"\u00ab\u00a0Mobilit\u00e9 M\u00e9rida 2 &#8211; f\u00e9vrier 2026\u00a0\u00bb &#8212; Site du Lyc\u00e9e M\u00e9mona Hintermann-Aff\u00e9jee\" src=\"https:\/\/etab.ac-reunion.fr\/lyc-memona-hintermann-affejee\/2026\/04\/30\/mobilite-merida-fevrier-2026-2\/embed\/#?secret=AOpLS4OCBz#?secret=wLy2C5pNZq\" data-secret=\"wLy2C5pNZq\" width=\"600\" height=\"338\" frameborder=\"0\" marginwidth=\"0\" marginheight=\"0\" scrolling=\"no\"><\/iframe><\/p>\n<p>[\/et_pb_text][\/et_pb_column][\/et_pb_row][\/et_pb_section]<\/p>\n","protected":false},"excerpt":{"rendered":"<p>En cas de probl\u00e8me d&rsquo;affichage des vid\u00e9os, merci de recharger la page. 1. Discours de bienvenue de la Directrice de lyc\u00e9e IES Sa\u00e9nz de Buruaga et du r\u00e9f\u00e9rent Erasmus : [&hellip;]<\/p>\n","protected":false},"author":1337,"featured_media":10275,"comment_status":"closed","ping_status":"closed","sticky":false,"template":"","format":"standard","meta":{"_et_pb_use_builder":"on","_et_pb_old_content":"","_et_gb_content_width":"","footnotes":""},"categories":[29,20],"tags":[],"class_list":["post-11391","post","type-post","status-publish","format-standard","has-post-thumbnail","hentry","category-espagnol","category-international"],"_links":{"self":[{"href":"https:\/\/etab.ac-reunion.fr\/lyc-memona-hintermann-affejee\/wp-json\/wp\/v2\/posts\/11391","targetHints":{"allow":["GET"]}}],"collection":[{"href":"https:\/\/etab.ac-reunion.fr\/lyc-memona-hintermann-affejee\/wp-json\/wp\/v2\/posts"}],"about":[{"href":"https:\/\/etab.ac-reunion.fr\/lyc-memona-hintermann-affejee\/wp-json\/wp\/v2\/types\/post"}],"author":[{"embeddable":true,"href":"https:\/\/etab.ac-reunion.fr\/lyc-memona-hintermann-affejee\/wp-json\/wp\/v2\/users\/1337"}],"replies":[{"embeddable":true,"href":"https:\/\/etab.ac-reunion.fr\/lyc-memona-hintermann-affejee\/wp-json\/wp\/v2\/comments?post=11391"}],"version-history":[{"count":80,"href":"https:\/\/etab.ac-reunion.fr\/lyc-memona-hintermann-affejee\/wp-json\/wp\/v2\/posts\/11391\/revisions"}],"predecessor-version":[{"id":11620,"href":"https:\/\/etab.ac-reunion.fr\/lyc-memona-hintermann-affejee\/wp-json\/wp\/v2\/posts\/11391\/revisions\/11620"}],"wp:featuredmedia":[{"embeddable":true,"href":"https:\/\/etab.ac-reunion.fr\/lyc-memona-hintermann-affejee\/wp-json\/wp\/v2\/media\/10275"}],"wp:attachment":[{"href":"https:\/\/etab.ac-reunion.fr\/lyc-memona-hintermann-affejee\/wp-json\/wp\/v2\/media?parent=11391"}],"wp:term":[{"taxonomy":"category","embeddable":true,"href":"https:\/\/etab.ac-reunion.fr\/lyc-memona-hintermann-affejee\/wp-json\/wp\/v2\/categories?post=11391"},{"taxonomy":"post_tag","embeddable":true,"href":"https:\/\/etab.ac-reunion.fr\/lyc-memona-hintermann-affejee\/wp-json\/wp\/v2\/tags?post=11391"}],"curies":[{"name":"wp","href":"https:\/\/api.w.org\/{rel}","templated":true}]}}