{"id":11561,"date":"2026-04-30T08:20:56","date_gmt":"2026-04-30T06:20:56","guid":{"rendered":"https:\/\/etab.ac-reunion.fr\/lyc-memona-hintermann-affejee\/?p=11561"},"modified":"2026-04-30T09:33:19","modified_gmt":"2026-04-30T07:33:19","slug":"mobilite-merida-fevrier-2026-2","status":"publish","type":"post","link":"https:\/\/etab.ac-reunion.fr\/lyc-memona-hintermann-affejee\/2026\/04\/30\/mobilite-merida-fevrier-2026-2\/","title":{"rendered":"Mobilit\u00e9 M\u00e9rida 2 &#8211; f\u00e9vrier 2026"},"content":{"rendered":"<p>[et_pb_section fb_built=\u00a0\u00bb1&Prime; _builder_version=\u00a0\u00bb4.27.6&Prime; _module_preset=\u00a0\u00bbdefault\u00a0\u00bb global_colors_info=\u00a0\u00bb{}\u00a0\u00bb][et_pb_row _builder_version=\u00a0\u00bb4.27.6&Prime; _module_preset=\u00a0\u00bbdefault\u00a0\u00bb global_colors_info=\u00a0\u00bb{}\u00a0\u00bb][et_pb_column type=\u00a0\u00bb4_4&Prime; _builder_version=\u00a0\u00bb4.27.6&Prime; _module_preset=\u00a0\u00bbdefault\u00a0\u00bb global_colors_info=\u00a0\u00bb{}\u00a0\u00bb][et_pb_divider color=\u00a0\u00bb#E02B20&Prime; divider_weight=\u00a0\u00bb5px\u00a0\u00bb _builder_version=\u00a0\u00bb4.27.6&Prime; _module_preset=\u00a0\u00bbdefault\u00a0\u00bb global_colors_info=\u00a0\u00bb{}\u00a0\u00bb][\/et_pb_divider][et_pb_text admin_label=\u00a0\u00bbTexte\u00a0\u00bb _builder_version=\u00a0\u00bb4.27.6&Prime; _module_preset=\u00a0\u00bbdefault\u00a0\u00bb hover_enabled=\u00a0\u00bb0&Prime; global_colors_info=\u00a0\u00bb{}\u00a0\u00bb sticky_enabled=\u00a0\u00bb0&Prime;]<\/p>\n<p><strong>En cas de probl\u00e8me d&rsquo;affichage des vid\u00e9os, merci de recharger la page.<\/strong><\/p>\n<p>4. Visite de S\u00e9ville \u00e0 v\u00e9lo :<\/p>\n\n<!-- iframe plugin v.5.2 wordpress.org\/plugins\/iframe\/ -->\n<iframe loading=\"lazy\" title=\"Sevilla_Puente_Triana\" width=\"800\" height=\"470\" src=\"https:\/\/tube-arts-lettres-sciences-humaines.apps.education.fr\/videos\/embed\/hqioMJA7qaAZaLbg544msH\" style=\"border: 0px;\" allow=\"fullscreen\" sandbox=\"allow-same-origin allow-scripts allow-popups allow-forms\" scrolling=\"yes\" class=\"iframe-class\" frameborder=\"0\"><\/iframe>\n\n\n<!-- iframe plugin v.5.2 wordpress.org\/plugins\/iframe\/ -->\n<iframe loading=\"lazy\" title=\"Sevilla_R\u00edo_Guadalquivir\" width=\"800\" height=\"470\" src=\"https:\/\/tube-arts-lettres-sciences-humaines.apps.education.fr\/videos\/embed\/pjyGXJR3SYDWU61tL6PccP\" style=\"border: 0px;\" allow=\"fullscreen\" sandbox=\"allow-same-origin allow-scripts allow-popups allow-forms\" scrolling=\"yes\" class=\"iframe-class\" frameborder=\"0\"><\/iframe>\n\n\n<!-- iframe plugin v.5.2 wordpress.org\/plugins\/iframe\/ -->\n<iframe loading=\"lazy\" title=\"Sevilla_Torre_Oro\" width=\"800\" height=\"470\" src=\"https:\/\/tube-arts-lettres-sciences-humaines.apps.education.fr\/videos\/embed\/b9sVQZjB6vRncMQpoZyMAK\" style=\"border: 0px;\" allow=\"fullscreen\" sandbox=\"allow-same-origin allow-scripts allow-popups allow-forms\" scrolling=\"yes\" class=\"iframe-class\" frameborder=\"0\"><\/iframe>\n\n<p>5. Pr\u00e9sentations des travaux des \u00e9l\u00e8ves r\u00e9unionnais aux espagnols :<\/p>\n<p>&#8211; Pr\u00e9sentation des travaux des \u00e9l\u00e8ves sur la th\u00e9matique de la Diversit\u00e9 et de l&rsquo;inclusion par Mme ALONSO &#8211; H\u00e9ritage de l&rsquo;esclavage par C\u00e9lia, Karelle et Morgane.<\/p>\n\n<!-- iframe plugin v.5.2 wordpress.org\/plugins\/iframe\/ -->\n<iframe loading=\"lazy\" title=\"P1.mp4\" width=\"800\" height=\"470\" src=\"https:\/\/tube-arts-lettres-sciences-humaines.apps.education.fr\/videos\/embed\/o2a2uHsT1UG92k335ZTnmZ\" style=\"border: 0px;\" allow=\"fullscreen\" sandbox=\"allow-same-origin allow-scripts allow-popups allow-forms\" scrolling=\"yes\" class=\"iframe-class\" frameborder=\"0\"><\/iframe>\n\n<p>&#8211; La diversit\u00e9 culturelle et religieuse \u00e0 La R\u00e9union par Eva Lina, Calixte et Lou.<\/p>\n\n<!-- iframe plugin v.5.2 wordpress.org\/plugins\/iframe\/ -->\n<iframe loading=\"lazy\" title=\"P2.mp4\" width=\"800\" height=\"470\" src=\"https:\/\/tube-arts-lettres-sciences-humaines.apps.education.fr\/videos\/embed\/mKov31ed4WVKZitEWdDGbS\" style=\"border: 0px;\" allow=\"fullscreen\" sandbox=\"allow-same-origin allow-scripts allow-popups allow-forms\" scrolling=\"yes\" class=\"iframe-class\" frameborder=\"0\"><\/iframe>\n\n<p>6. Vid\u00e9oconf\u00e9rence avec la Conseill\u00e8re en charge de l&rsquo;inclusion, Susana Fajardo :<\/p>\n\n<!-- iframe plugin v.5.2 wordpress.org\/plugins\/iframe\/ -->\n<iframe loading=\"lazy\" title=\"Pregunta\" width=\"800\" height=\"470\" src=\"https:\/\/tube-arts-lettres-sciences-humaines.apps.education.fr\/videos\/embed\/mHLjXLi1cafB2eCrPxqnYA\" style=\"border: 0px;\" allow=\"fullscreen\" sandbox=\"allow-same-origin allow-scripts allow-popups allow-forms\" scrolling=\"yes\" class=\"iframe-class\" frameborder=\"0\"><\/iframe>\n\n<p>La suite :<\/p>\n<blockquote class=\"wp-embedded-content\" data-secret=\"0mjVJgjHyu\"><p><a href=\"https:\/\/etab.ac-reunion.fr\/lyc-memona-hintermann-affejee\/2026\/04\/30\/mobilite-merida-fevrier-2026-3\/\">Mobilit\u00e9 M\u00e9rida 3 &#8211; f\u00e9vrier 2026<\/a><\/p><\/blockquote>\n<p><iframe loading=\"lazy\" class=\"wp-embedded-content\" sandbox=\"allow-scripts\" security=\"restricted\" style=\"position: absolute; visibility: hidden;\" title=\"\u00ab\u00a0Mobilit\u00e9 M\u00e9rida 3 &#8211; f\u00e9vrier 2026\u00a0\u00bb &#8212; Site du Lyc\u00e9e M\u00e9mona Hintermann-Aff\u00e9jee\" src=\"https:\/\/etab.ac-reunion.fr\/lyc-memona-hintermann-affejee\/2026\/04\/30\/mobilite-merida-fevrier-2026-3\/embed\/#?secret=XWDswkD2u2#?secret=0mjVJgjHyu\" data-secret=\"0mjVJgjHyu\" width=\"600\" height=\"338\" frameborder=\"0\" marginwidth=\"0\" marginheight=\"0\" scrolling=\"no\"><\/iframe><\/p>\n<p>[\/et_pb_text][\/et_pb_column][\/et_pb_row][\/et_pb_section]<\/p>\n","protected":false},"excerpt":{"rendered":"<p>En cas de probl\u00e8me d&rsquo;affichage des vid\u00e9os, merci de recharger la page. 4. Visite de S\u00e9ville \u00e0 v\u00e9lo : \n<!-- iframe plugin v.5.2 wordpress.org\/plugins\/iframe\/ -->\n<iframe title=\"\u00bbSevilla_Puente_Triana\" 0=\"\u00bb\" width=\"\u00bb800&Prime;\" height=\"\u00bb470&Prime;\" src 1=\"\u00bb\" style=\"\u00bbborder:\" 2=\"0px;\" 3=\"\u00bb\" allow=\"\u00bbfullscreen\" 4=\"\u00bb\" sandbox=\"\u00bballow-same-origin\" 5=\"allow-scripts\" 6=\"allow-popups\" 7=\"[&hellip;\" scrolling=\"yes\" class=\"iframe-class\" frameborder=\"0\"><\/iframe>\n<\/p>\n","protected":false},"author":1337,"featured_media":10275,"comment_status":"closed","ping_status":"closed","sticky":false,"template":"","format":"standard","meta":{"_et_pb_use_builder":"on","_et_pb_old_content":"","_et_gb_content_width":"","footnotes":""},"categories":[29,20],"tags":[],"class_list":["post-11561","post","type-post","status-publish","format-standard","has-post-thumbnail","hentry","category-espagnol","category-international"],"_links":{"self":[{"href":"https:\/\/etab.ac-reunion.fr\/lyc-memona-hintermann-affejee\/wp-json\/wp\/v2\/posts\/11561","targetHints":{"allow":["GET"]}}],"collection":[{"href":"https:\/\/etab.ac-reunion.fr\/lyc-memona-hintermann-affejee\/wp-json\/wp\/v2\/posts"}],"about":[{"href":"https:\/\/etab.ac-reunion.fr\/lyc-memona-hintermann-affejee\/wp-json\/wp\/v2\/types\/post"}],"author":[{"embeddable":true,"href":"https:\/\/etab.ac-reunion.fr\/lyc-memona-hintermann-affejee\/wp-json\/wp\/v2\/users\/1337"}],"replies":[{"embeddable":true,"href":"https:\/\/etab.ac-reunion.fr\/lyc-memona-hintermann-affejee\/wp-json\/wp\/v2\/comments?post=11561"}],"version-history":[{"count":10,"href":"https:\/\/etab.ac-reunion.fr\/lyc-memona-hintermann-affejee\/wp-json\/wp\/v2\/posts\/11561\/revisions"}],"predecessor-version":[{"id":11621,"href":"https:\/\/etab.ac-reunion.fr\/lyc-memona-hintermann-affejee\/wp-json\/wp\/v2\/posts\/11561\/revisions\/11621"}],"wp:featuredmedia":[{"embeddable":true,"href":"https:\/\/etab.ac-reunion.fr\/lyc-memona-hintermann-affejee\/wp-json\/wp\/v2\/media\/10275"}],"wp:attachment":[{"href":"https:\/\/etab.ac-reunion.fr\/lyc-memona-hintermann-affejee\/wp-json\/wp\/v2\/media?parent=11561"}],"wp:term":[{"taxonomy":"category","embeddable":true,"href":"https:\/\/etab.ac-reunion.fr\/lyc-memona-hintermann-affejee\/wp-json\/wp\/v2\/categories?post=11561"},{"taxonomy":"post_tag","embeddable":true,"href":"https:\/\/etab.ac-reunion.fr\/lyc-memona-hintermann-affejee\/wp-json\/wp\/v2\/tags?post=11561"}],"curies":[{"name":"wp","href":"https:\/\/api.w.org\/{rel}","templated":true}]}}