{"id":11575,"date":"2026-04-30T08:46:24","date_gmt":"2026-04-30T06:46:24","guid":{"rendered":"https:\/\/etab.ac-reunion.fr\/lyc-memona-hintermann-affejee\/?p=11575"},"modified":"2026-04-30T09:34:33","modified_gmt":"2026-04-30T07:34:33","slug":"mobilite-merida-fevrier-2026-4","status":"publish","type":"post","link":"https:\/\/etab.ac-reunion.fr\/lyc-memona-hintermann-affejee\/2026\/04\/30\/mobilite-merida-fevrier-2026-4\/","title":{"rendered":"Mobilit\u00e9 M\u00e9rida 4 &#8211; f\u00e9vrier 2026"},"content":{"rendered":"<p>[et_pb_section fb_built=\u00a0\u00bb1&Prime; _builder_version=\u00a0\u00bb4.27.6&Prime; _module_preset=\u00a0\u00bbdefault\u00a0\u00bb global_colors_info=\u00a0\u00bb{}\u00a0\u00bb][et_pb_row _builder_version=\u00a0\u00bb4.27.6&Prime; _module_preset=\u00a0\u00bbdefault\u00a0\u00bb global_colors_info=\u00a0\u00bb{}\u00a0\u00bb][et_pb_column type=\u00a0\u00bb4_4&Prime; _builder_version=\u00a0\u00bb4.27.6&Prime; _module_preset=\u00a0\u00bbdefault\u00a0\u00bb global_colors_info=\u00a0\u00bb{}\u00a0\u00bb][et_pb_divider color=\u00a0\u00bb#E02B20&Prime; divider_weight=\u00a0\u00bb5px\u00a0\u00bb _builder_version=\u00a0\u00bb4.27.6&Prime; _module_preset=\u00a0\u00bbdefault\u00a0\u00bb global_colors_info=\u00a0\u00bb{}\u00a0\u00bb][\/et_pb_divider][et_pb_text admin_label=\u00a0\u00bbTexte\u00a0\u00bb _builder_version=\u00a0\u00bb4.27.6&Prime; _module_preset=\u00a0\u00bbdefault\u00a0\u00bb hover_enabled=\u00a0\u00bb0&Prime; global_colors_info=\u00a0\u00bb{}\u00a0\u00bb sticky_enabled=\u00a0\u00bb0&Prime;]<\/p>\n<p><strong>En cas de probl\u00e8me d&rsquo;affichage des vid\u00e9os, merci de recharger la page.<\/strong><\/p>\n<p>10. Intervention de la Fondation du Secr\u00e9tariat Gitan :<\/p>\n\n<!-- iframe plugin v.5.2 wordpress.org\/plugins\/iframe\/ -->\n<iframe loading=\"lazy\" title=\"Fundacion_Gitano\" width=\"800\" height=\"470\" src=\"https:\/\/tube-arts-lettres-sciences-humaines.apps.education.fr\/videos\/embed\/71XkxPqSHwMwSxAwoG5Jh1\" style=\"border: 0px;\" allow=\"fullscreen\" sandbox=\"allow-same-origin allow-scripts allow-popups allow-forms\" scrolling=\"yes\" class=\"iframe-class\" frameborder=\"0\"><\/iframe>\n\n<p>11. Enregistrement d&rsquo;un podcast (retour d&rsquo;exp\u00e9riences) avec Beatriz et Argimiro :<\/p>\n\n<!-- iframe plugin v.5.2 wordpress.org\/plugins\/iframe\/ -->\n<iframe loading=\"lazy\" title=\"Pod1\" width=\"800\" height=\"470\" src=\"https:\/\/tube-arts-lettres-sciences-humaines.apps.education.fr\/videos\/embed\/jbawrEyy5Bu8mp6i27ZFtD\" style=\"border: 0px;\" allow=\"fullscreen\" sandbox=\"allow-same-origin allow-scripts allow-popups allow-forms\" scrolling=\"yes\" class=\"iframe-class\" frameborder=\"0\"><\/iframe>\n\n\n<!-- iframe plugin v.5.2 wordpress.org\/plugins\/iframe\/ -->\n<iframe loading=\"lazy\" title=\"Pod_2\" width=\"800\" height=\"470\" src=\"https:\/\/tube-arts-lettres-sciences-humaines.apps.education.fr\/videos\/embed\/7HM3PMP9YXotEkVuxs1tse\" style=\"border: 0px;\" allow=\"fullscreen\" sandbox=\"allow-same-origin allow-scripts allow-popups allow-forms\" scrolling=\"yes\" class=\"iframe-class\" frameborder=\"0\"><\/iframe>\n\n<p>12. Remise du certificat de participation \u00e0 la mobilit\u00e9 \u00e0 M\u00e9rida :<\/p>\n<p><img loading=\"lazy\" decoding=\"async\" class=\"wp-image-11465 alignnone size-full\" src=\"https:\/\/etab.ac-reunion.fr\/lyc-memona-hintermann-affejee\/wp-content\/uploads\/sites\/154\/2026\/04\/1-1-rotated.jpg\" alt=\"\" width=\"180\" height=\"320\" srcset=\"https:\/\/etab.ac-reunion.fr\/lyc-memona-hintermann-affejee\/wp-content\/uploads\/sites\/154\/2026\/04\/1-1-rotated.jpg 180w, https:\/\/etab.ac-reunion.fr\/lyc-memona-hintermann-affejee\/wp-content\/uploads\/sites\/154\/2026\/04\/1-1-169x300.jpg 169w, https:\/\/etab.ac-reunion.fr\/lyc-memona-hintermann-affejee\/wp-content\/uploads\/sites\/154\/2026\/04\/1-1-28x50.jpg 28w\" sizes=\"(max-width: 180px) 100vw, 180px\" \/> <img loading=\"lazy\" decoding=\"async\" class=\"wp-image-11466 alignnone size-large\" src=\"https:\/\/etab.ac-reunion.fr\/lyc-memona-hintermann-affejee\/wp-content\/uploads\/sites\/154\/2026\/04\/2-rotated.jpg\" alt=\"\" width=\"180\" height=\"320\" srcset=\"https:\/\/etab.ac-reunion.fr\/lyc-memona-hintermann-affejee\/wp-content\/uploads\/sites\/154\/2026\/04\/2-rotated.jpg 180w, https:\/\/etab.ac-reunion.fr\/lyc-memona-hintermann-affejee\/wp-content\/uploads\/sites\/154\/2026\/04\/2-169x300.jpg 169w, https:\/\/etab.ac-reunion.fr\/lyc-memona-hintermann-affejee\/wp-content\/uploads\/sites\/154\/2026\/04\/2-28x50.jpg 28w\" sizes=\"(max-width: 180px) 100vw, 180px\" \/> <img loading=\"lazy\" decoding=\"async\" class=\"wp-image-11467 alignnone size-large\" src=\"https:\/\/etab.ac-reunion.fr\/lyc-memona-hintermann-affejee\/wp-content\/uploads\/sites\/154\/2026\/04\/3-rotated.jpg\" alt=\"\" width=\"180\" height=\"320\" srcset=\"https:\/\/etab.ac-reunion.fr\/lyc-memona-hintermann-affejee\/wp-content\/uploads\/sites\/154\/2026\/04\/3-rotated.jpg 180w, https:\/\/etab.ac-reunion.fr\/lyc-memona-hintermann-affejee\/wp-content\/uploads\/sites\/154\/2026\/04\/3-169x300.jpg 169w, https:\/\/etab.ac-reunion.fr\/lyc-memona-hintermann-affejee\/wp-content\/uploads\/sites\/154\/2026\/04\/3-28x50.jpg 28w\" sizes=\"(max-width: 180px) 100vw, 180px\" \/> <img loading=\"lazy\" decoding=\"async\" class=\"wp-image-11468 alignnone size-large\" src=\"https:\/\/etab.ac-reunion.fr\/lyc-memona-hintermann-affejee\/wp-content\/uploads\/sites\/154\/2026\/04\/4-rotated.jpg\" alt=\"\" width=\"180\" height=\"320\" srcset=\"https:\/\/etab.ac-reunion.fr\/lyc-memona-hintermann-affejee\/wp-content\/uploads\/sites\/154\/2026\/04\/4-rotated.jpg 180w, https:\/\/etab.ac-reunion.fr\/lyc-memona-hintermann-affejee\/wp-content\/uploads\/sites\/154\/2026\/04\/4-169x300.jpg 169w, https:\/\/etab.ac-reunion.fr\/lyc-memona-hintermann-affejee\/wp-content\/uploads\/sites\/154\/2026\/04\/4-28x50.jpg 28w\" sizes=\"(max-width: 180px) 100vw, 180px\" \/> <img loading=\"lazy\" decoding=\"async\" class=\"wp-image-11469 alignnone size-large\" src=\"https:\/\/etab.ac-reunion.fr\/lyc-memona-hintermann-affejee\/wp-content\/uploads\/sites\/154\/2026\/04\/5-rotated.jpg\" alt=\"\" width=\"180\" height=\"320\" srcset=\"https:\/\/etab.ac-reunion.fr\/lyc-memona-hintermann-affejee\/wp-content\/uploads\/sites\/154\/2026\/04\/5-rotated.jpg 180w, https:\/\/etab.ac-reunion.fr\/lyc-memona-hintermann-affejee\/wp-content\/uploads\/sites\/154\/2026\/04\/5-169x300.jpg 169w, https:\/\/etab.ac-reunion.fr\/lyc-memona-hintermann-affejee\/wp-content\/uploads\/sites\/154\/2026\/04\/5-28x50.jpg 28w\" sizes=\"(max-width: 180px) 100vw, 180px\" \/> <img loading=\"lazy\" decoding=\"async\" class=\"wp-image-11470 alignnone size-large\" src=\"https:\/\/etab.ac-reunion.fr\/lyc-memona-hintermann-affejee\/wp-content\/uploads\/sites\/154\/2026\/04\/6-rotated.jpg\" alt=\"\" width=\"180\" height=\"320\" srcset=\"https:\/\/etab.ac-reunion.fr\/lyc-memona-hintermann-affejee\/wp-content\/uploads\/sites\/154\/2026\/04\/6-rotated.jpg 180w, https:\/\/etab.ac-reunion.fr\/lyc-memona-hintermann-affejee\/wp-content\/uploads\/sites\/154\/2026\/04\/6-169x300.jpg 169w, https:\/\/etab.ac-reunion.fr\/lyc-memona-hintermann-affejee\/wp-content\/uploads\/sites\/154\/2026\/04\/6-28x50.jpg 28w\" sizes=\"(max-width: 180px) 100vw, 180px\" \/> <img loading=\"lazy\" decoding=\"async\" class=\"wp-image-11471 alignnone size-large\" src=\"https:\/\/etab.ac-reunion.fr\/lyc-memona-hintermann-affejee\/wp-content\/uploads\/sites\/154\/2026\/04\/7-rotated.jpg\" alt=\"\" width=\"180\" height=\"320\" srcset=\"https:\/\/etab.ac-reunion.fr\/lyc-memona-hintermann-affejee\/wp-content\/uploads\/sites\/154\/2026\/04\/7-rotated.jpg 180w, https:\/\/etab.ac-reunion.fr\/lyc-memona-hintermann-affejee\/wp-content\/uploads\/sites\/154\/2026\/04\/7-169x300.jpg 169w, https:\/\/etab.ac-reunion.fr\/lyc-memona-hintermann-affejee\/wp-content\/uploads\/sites\/154\/2026\/04\/7-28x50.jpg 28w\" sizes=\"(max-width: 180px) 100vw, 180px\" \/> <img loading=\"lazy\" decoding=\"async\" class=\"wp-image-11472 alignnone size-large\" src=\"https:\/\/etab.ac-reunion.fr\/lyc-memona-hintermann-affejee\/wp-content\/uploads\/sites\/154\/2026\/04\/8-rotated.jpg\" alt=\"\" width=\"180\" height=\"320\" srcset=\"https:\/\/etab.ac-reunion.fr\/lyc-memona-hintermann-affejee\/wp-content\/uploads\/sites\/154\/2026\/04\/8-rotated.jpg 180w, https:\/\/etab.ac-reunion.fr\/lyc-memona-hintermann-affejee\/wp-content\/uploads\/sites\/154\/2026\/04\/8-169x300.jpg 169w, https:\/\/etab.ac-reunion.fr\/lyc-memona-hintermann-affejee\/wp-content\/uploads\/sites\/154\/2026\/04\/8-28x50.jpg 28w\" sizes=\"(max-width: 180px) 100vw, 180px\" \/> <img loading=\"lazy\" decoding=\"async\" class=\"wp-image-11473 alignnone size-large\" src=\"https:\/\/etab.ac-reunion.fr\/lyc-memona-hintermann-affejee\/wp-content\/uploads\/sites\/154\/2026\/04\/9-rotated.jpg\" alt=\"\" width=\"180\" height=\"320\" srcset=\"https:\/\/etab.ac-reunion.fr\/lyc-memona-hintermann-affejee\/wp-content\/uploads\/sites\/154\/2026\/04\/9-rotated.jpg 180w, https:\/\/etab.ac-reunion.fr\/lyc-memona-hintermann-affejee\/wp-content\/uploads\/sites\/154\/2026\/04\/9-169x300.jpg 169w, https:\/\/etab.ac-reunion.fr\/lyc-memona-hintermann-affejee\/wp-content\/uploads\/sites\/154\/2026\/04\/9-28x50.jpg 28w\" sizes=\"(max-width: 180px) 100vw, 180px\" \/> <img loading=\"lazy\" decoding=\"async\" class=\"wp-image-11474 alignnone size-large\" src=\"https:\/\/etab.ac-reunion.fr\/lyc-memona-hintermann-affejee\/wp-content\/uploads\/sites\/154\/2026\/04\/10-rotated.jpg\" alt=\"\" width=\"180\" height=\"320\" srcset=\"https:\/\/etab.ac-reunion.fr\/lyc-memona-hintermann-affejee\/wp-content\/uploads\/sites\/154\/2026\/04\/10-rotated.jpg 180w, https:\/\/etab.ac-reunion.fr\/lyc-memona-hintermann-affejee\/wp-content\/uploads\/sites\/154\/2026\/04\/10-169x300.jpg 169w, https:\/\/etab.ac-reunion.fr\/lyc-memona-hintermann-affejee\/wp-content\/uploads\/sites\/154\/2026\/04\/10-28x50.jpg 28w\" sizes=\"(max-width: 180px) 100vw, 180px\" \/> <img loading=\"lazy\" decoding=\"async\" class=\"wp-image-11475 alignnone size-large\" src=\"https:\/\/etab.ac-reunion.fr\/lyc-memona-hintermann-affejee\/wp-content\/uploads\/sites\/154\/2026\/04\/11-rotated.jpg\" alt=\"\" width=\"180\" height=\"320\" srcset=\"https:\/\/etab.ac-reunion.fr\/lyc-memona-hintermann-affejee\/wp-content\/uploads\/sites\/154\/2026\/04\/11-rotated.jpg 180w, https:\/\/etab.ac-reunion.fr\/lyc-memona-hintermann-affejee\/wp-content\/uploads\/sites\/154\/2026\/04\/11-169x300.jpg 169w, https:\/\/etab.ac-reunion.fr\/lyc-memona-hintermann-affejee\/wp-content\/uploads\/sites\/154\/2026\/04\/11-28x50.jpg 28w\" sizes=\"(max-width: 180px) 100vw, 180px\" \/> <img loading=\"lazy\" decoding=\"async\" class=\"wp-image-11476 alignnone size-large\" src=\"https:\/\/etab.ac-reunion.fr\/lyc-memona-hintermann-affejee\/wp-content\/uploads\/sites\/154\/2026\/04\/12-rotated.jpg\" alt=\"\" width=\"180\" height=\"320\" srcset=\"https:\/\/etab.ac-reunion.fr\/lyc-memona-hintermann-affejee\/wp-content\/uploads\/sites\/154\/2026\/04\/12-rotated.jpg 180w, https:\/\/etab.ac-reunion.fr\/lyc-memona-hintermann-affejee\/wp-content\/uploads\/sites\/154\/2026\/04\/12-169x300.jpg 169w, https:\/\/etab.ac-reunion.fr\/lyc-memona-hintermann-affejee\/wp-content\/uploads\/sites\/154\/2026\/04\/12-28x50.jpg 28w\" sizes=\"(max-width: 180px) 100vw, 180px\" \/> <img loading=\"lazy\" decoding=\"async\" class=\"wp-image-11477 alignnone size-large\" src=\"https:\/\/etab.ac-reunion.fr\/lyc-memona-hintermann-affejee\/wp-content\/uploads\/sites\/154\/2026\/04\/13-rotated.jpg\" alt=\"\" width=\"180\" height=\"320\" srcset=\"https:\/\/etab.ac-reunion.fr\/lyc-memona-hintermann-affejee\/wp-content\/uploads\/sites\/154\/2026\/04\/13-rotated.jpg 180w, https:\/\/etab.ac-reunion.fr\/lyc-memona-hintermann-affejee\/wp-content\/uploads\/sites\/154\/2026\/04\/13-169x300.jpg 169w, https:\/\/etab.ac-reunion.fr\/lyc-memona-hintermann-affejee\/wp-content\/uploads\/sites\/154\/2026\/04\/13-28x50.jpg 28w\" sizes=\"(max-width: 180px) 100vw, 180px\" \/> <img loading=\"lazy\" decoding=\"async\" class=\"wp-image-11478 alignnone size-large\" src=\"https:\/\/etab.ac-reunion.fr\/lyc-memona-hintermann-affejee\/wp-content\/uploads\/sites\/154\/2026\/04\/14-rotated.jpg\" alt=\"\" width=\"180\" height=\"320\" srcset=\"https:\/\/etab.ac-reunion.fr\/lyc-memona-hintermann-affejee\/wp-content\/uploads\/sites\/154\/2026\/04\/14-rotated.jpg 180w, https:\/\/etab.ac-reunion.fr\/lyc-memona-hintermann-affejee\/wp-content\/uploads\/sites\/154\/2026\/04\/14-169x300.jpg 169w, https:\/\/etab.ac-reunion.fr\/lyc-memona-hintermann-affejee\/wp-content\/uploads\/sites\/154\/2026\/04\/14-28x50.jpg 28w\" sizes=\"(max-width: 180px) 100vw, 180px\" \/> <img loading=\"lazy\" decoding=\"async\" class=\"wp-image-11479 alignnone size-large\" src=\"https:\/\/etab.ac-reunion.fr\/lyc-memona-hintermann-affejee\/wp-content\/uploads\/sites\/154\/2026\/04\/15-rotated.jpg\" alt=\"\" width=\"180\" height=\"320\" srcset=\"https:\/\/etab.ac-reunion.fr\/lyc-memona-hintermann-affejee\/wp-content\/uploads\/sites\/154\/2026\/04\/15-rotated.jpg 180w, https:\/\/etab.ac-reunion.fr\/lyc-memona-hintermann-affejee\/wp-content\/uploads\/sites\/154\/2026\/04\/15-169x300.jpg 169w, https:\/\/etab.ac-reunion.fr\/lyc-memona-hintermann-affejee\/wp-content\/uploads\/sites\/154\/2026\/04\/15-28x50.jpg 28w\" sizes=\"(max-width: 180px) 100vw, 180px\" \/> <img loading=\"lazy\" decoding=\"async\" class=\"wp-image-11480 alignnone size-large\" src=\"https:\/\/etab.ac-reunion.fr\/lyc-memona-hintermann-affejee\/wp-content\/uploads\/sites\/154\/2026\/04\/16-rotated.jpg\" alt=\"\" width=\"180\" height=\"320\" srcset=\"https:\/\/etab.ac-reunion.fr\/lyc-memona-hintermann-affejee\/wp-content\/uploads\/sites\/154\/2026\/04\/16-rotated.jpg 180w, https:\/\/etab.ac-reunion.fr\/lyc-memona-hintermann-affejee\/wp-content\/uploads\/sites\/154\/2026\/04\/16-169x300.jpg 169w, https:\/\/etab.ac-reunion.fr\/lyc-memona-hintermann-affejee\/wp-content\/uploads\/sites\/154\/2026\/04\/16-28x50.jpg 28w\" sizes=\"(max-width: 180px) 100vw, 180px\" \/> <img loading=\"lazy\" decoding=\"async\" class=\"wp-image-11481 alignnone size-large\" src=\"https:\/\/etab.ac-reunion.fr\/lyc-memona-hintermann-affejee\/wp-content\/uploads\/sites\/154\/2026\/04\/17-rotated.jpg\" alt=\"\" width=\"180\" height=\"320\" srcset=\"https:\/\/etab.ac-reunion.fr\/lyc-memona-hintermann-affejee\/wp-content\/uploads\/sites\/154\/2026\/04\/17-rotated.jpg 180w, https:\/\/etab.ac-reunion.fr\/lyc-memona-hintermann-affejee\/wp-content\/uploads\/sites\/154\/2026\/04\/17-169x300.jpg 169w, https:\/\/etab.ac-reunion.fr\/lyc-memona-hintermann-affejee\/wp-content\/uploads\/sites\/154\/2026\/04\/17-28x50.jpg 28w\" sizes=\"(max-width: 180px) 100vw, 180px\" \/> <img loading=\"lazy\" decoding=\"async\" class=\"wp-image-11482 alignnone size-large\" src=\"https:\/\/etab.ac-reunion.fr\/lyc-memona-hintermann-affejee\/wp-content\/uploads\/sites\/154\/2026\/04\/18-rotated.jpg\" alt=\"\" width=\"180\" height=\"320\" srcset=\"https:\/\/etab.ac-reunion.fr\/lyc-memona-hintermann-affejee\/wp-content\/uploads\/sites\/154\/2026\/04\/18-rotated.jpg 180w, https:\/\/etab.ac-reunion.fr\/lyc-memona-hintermann-affejee\/wp-content\/uploads\/sites\/154\/2026\/04\/18-169x300.jpg 169w, https:\/\/etab.ac-reunion.fr\/lyc-memona-hintermann-affejee\/wp-content\/uploads\/sites\/154\/2026\/04\/18-28x50.jpg 28w\" sizes=\"(max-width: 180px) 100vw, 180px\" \/><\/p>\n<p>La suite :<\/p>\n<blockquote class=\"wp-embedded-content\" data-secret=\"GSfsn3JBye\"><p><a href=\"https:\/\/etab.ac-reunion.fr\/lyc-memona-hintermann-affejee\/2026\/04\/30\/mobilite-merida-fevrier-2026-5\/\">Mobilit\u00e9 M\u00e9rida 5 &#8211; f\u00e9vrier 2026<\/a><\/p><\/blockquote>\n<p><iframe loading=\"lazy\" class=\"wp-embedded-content\" sandbox=\"allow-scripts\" security=\"restricted\" style=\"position: absolute; visibility: hidden;\" title=\"\u00ab\u00a0Mobilit\u00e9 M\u00e9rida 5 &#8211; f\u00e9vrier 2026\u00a0\u00bb &#8212; Site du Lyc\u00e9e M\u00e9mona Hintermann-Aff\u00e9jee\" src=\"https:\/\/etab.ac-reunion.fr\/lyc-memona-hintermann-affejee\/2026\/04\/30\/mobilite-merida-fevrier-2026-5\/embed\/#?secret=hFITEANFPI#?secret=GSfsn3JBye\" data-secret=\"GSfsn3JBye\" width=\"600\" height=\"338\" frameborder=\"0\" marginwidth=\"0\" marginheight=\"0\" scrolling=\"no\"><\/iframe><\/p>\n<p>[\/et_pb_text][\/et_pb_column][\/et_pb_row][\/et_pb_section]<\/p>\n","protected":false},"excerpt":{"rendered":"<p>En cas de probl\u00e8me d&rsquo;affichage des vid\u00e9os, merci de recharger la page. 10. Intervention de la Fondation du Secr\u00e9tariat Gitan : \n<!-- iframe plugin v.5.2 wordpress.org\/plugins\/iframe\/ -->\n<iframe title=\"\u00bbFundacion_Gitano\" 0=\"\u00bb\" width=\"\u00bb800&Prime;\" height=\"\u00bb470&Prime;\" src style=\"\u00bbborder:\" 1=\"0px;\" 2=\"\u00bb\" allow=\"\u00bbfullscreen\" 3=\"\u00bb\" sandbox=\"\u00bballow-same-origin\" 4=\"[&hellip;\" scrolling=\"yes\" class=\"iframe-class\" frameborder=\"0\"><\/iframe>\n<\/p>\n","protected":false},"author":1337,"featured_media":10275,"comment_status":"closed","ping_status":"closed","sticky":false,"template":"","format":"standard","meta":{"_et_pb_use_builder":"on","_et_pb_old_content":"","_et_gb_content_width":"","footnotes":""},"categories":[29,20],"tags":[],"class_list":["post-11575","post","type-post","status-publish","format-standard","has-post-thumbnail","hentry","category-espagnol","category-international"],"_links":{"self":[{"href":"https:\/\/etab.ac-reunion.fr\/lyc-memona-hintermann-affejee\/wp-json\/wp\/v2\/posts\/11575","targetHints":{"allow":["GET"]}}],"collection":[{"href":"https:\/\/etab.ac-reunion.fr\/lyc-memona-hintermann-affejee\/wp-json\/wp\/v2\/posts"}],"about":[{"href":"https:\/\/etab.ac-reunion.fr\/lyc-memona-hintermann-affejee\/wp-json\/wp\/v2\/types\/post"}],"author":[{"embeddable":true,"href":"https:\/\/etab.ac-reunion.fr\/lyc-memona-hintermann-affejee\/wp-json\/wp\/v2\/users\/1337"}],"replies":[{"embeddable":true,"href":"https:\/\/etab.ac-reunion.fr\/lyc-memona-hintermann-affejee\/wp-json\/wp\/v2\/comments?post=11575"}],"version-history":[{"count":11,"href":"https:\/\/etab.ac-reunion.fr\/lyc-memona-hintermann-affejee\/wp-json\/wp\/v2\/posts\/11575\/revisions"}],"predecessor-version":[{"id":11624,"href":"https:\/\/etab.ac-reunion.fr\/lyc-memona-hintermann-affejee\/wp-json\/wp\/v2\/posts\/11575\/revisions\/11624"}],"wp:featuredmedia":[{"embeddable":true,"href":"https:\/\/etab.ac-reunion.fr\/lyc-memona-hintermann-affejee\/wp-json\/wp\/v2\/media\/10275"}],"wp:attachment":[{"href":"https:\/\/etab.ac-reunion.fr\/lyc-memona-hintermann-affejee\/wp-json\/wp\/v2\/media?parent=11575"}],"wp:term":[{"taxonomy":"category","embeddable":true,"href":"https:\/\/etab.ac-reunion.fr\/lyc-memona-hintermann-affejee\/wp-json\/wp\/v2\/categories?post=11575"},{"taxonomy":"post_tag","embeddable":true,"href":"https:\/\/etab.ac-reunion.fr\/lyc-memona-hintermann-affejee\/wp-json\/wp\/v2\/tags?post=11575"}],"curies":[{"name":"wp","href":"https:\/\/api.w.org\/{rel}","templated":true}]}}