{"id":1955,"date":"2018-10-12T08:30:53","date_gmt":"2018-10-12T06:30:53","guid":{"rendered":"http:\/\/lycee-nord.ac-reunion.fr\/?p=1955"},"modified":"2018-12-11T09:53:52","modified_gmt":"2018-12-11T08:53:52","slug":"lancement-du-projet-erasmus","status":"publish","type":"post","link":"https:\/\/etab.ac-reunion.fr\/lyc-memona-hintermann-affejee\/2018\/10\/12\/lancement-du-projet-erasmus\/","title":{"rendered":"Lancement du projet Erasmus"},"content":{"rendered":"<p>[et_pb_section bb_built=\u00a0\u00bb1&Prime;][et_pb_row][et_pb_column type=\u00a0\u00bb4_4&Prime;][et_pb_divider _builder_version=\u00a0\u00bb3.17&Prime; color=\u00a0\u00bb#e02b20&Prime; divider_weight=\u00a0\u00bb5&Prime; \/][et_pb_text _builder_version=\u00a0\u00bb3.17&Prime;]<\/p>\n<p>Lancement du projet Erasmus \u00ab\u00a0Etre europ\u00e9en en 2020\u00a0\u00bb. Les \u00e9l\u00e8ves travaillent sur la mise en place d&rsquo;un lexique de base pour communiquer avec les autres \u00e9l\u00e8ves europ\u00e9ens et sur la repr\u00e9sentation qu&rsquo;ils ont des autres pays engag\u00e9s dans le projet (l&rsquo;Espagne, l&rsquo;Italie, la Roumanie, la Pologne) ainsi que de la ville de Ch\u00e2teau-Thierry.<\/p>\n<p>[\/et_pb_text][et_pb_text _builder_version=\u00a0\u00bb3.17&Prime;]<\/p>\n<div style=\"width: 640px;\" class=\"wp-video\"><video class=\"wp-video-shortcode\" id=\"video-1955-1\" width=\"640\" height=\"360\" preload=\"metadata\" controls=\"controls\"><source type=\"video\/mp4\" src=\"http:\/\/www.lnord.ac-reunion.fr:2080\/videos\/Erasmus.mp4?_=1\" \/><a href=\"http:\/\/www.lnord.ac-reunion.fr:2080\/videos\/Erasmus.mp4\">http:\/\/www.lnord.ac-reunion.fr:2080\/videos\/Erasmus.mp4<\/a><\/video><\/div>\n<p>[\/et_pb_text][\/et_pb_column][\/et_pb_row][\/et_pb_section]<\/p>\n","protected":false},"excerpt":{"rendered":"<p><div class=\"et_pb_row et_pb_row_0 et_pb_row_empty\">\n\t\t\t\t\n\t\t\t\t\n\t\t\t\t\n\t\t\t\t\n\t\t\t\t\n\t\t\t<\/div> Lancement du projet Erasmus \u00ab\u00a0Etre europ\u00e9en en 2020\u00a0\u00bb. Les \u00e9l\u00e8ves travaillent sur la mise en place d&rsquo;un lexique de base pour communiquer avec les autres \u00e9l\u00e8ves europ\u00e9ens et sur [&hellip;]<\/p>\n","protected":false},"author":1337,"featured_media":673,"comment_status":"closed","ping_status":"closed","sticky":false,"template":"","format":"standard","meta":{"_et_pb_use_builder":"on","_et_pb_old_content":"","_et_gb_content_width":"","footnotes":""},"categories":[7,20,40],"tags":[],"class_list":["post-1955","post","type-post","status-publish","format-standard","has-post-thumbnail","hentry","category-actualites","category-international","category-webtv"],"_links":{"self":[{"href":"https:\/\/etab.ac-reunion.fr\/lyc-memona-hintermann-affejee\/wp-json\/wp\/v2\/posts\/1955","targetHints":{"allow":["GET"]}}],"collection":[{"href":"https:\/\/etab.ac-reunion.fr\/lyc-memona-hintermann-affejee\/wp-json\/wp\/v2\/posts"}],"about":[{"href":"https:\/\/etab.ac-reunion.fr\/lyc-memona-hintermann-affejee\/wp-json\/wp\/v2\/types\/post"}],"author":[{"embeddable":true,"href":"https:\/\/etab.ac-reunion.fr\/lyc-memona-hintermann-affejee\/wp-json\/wp\/v2\/users\/1337"}],"replies":[{"embeddable":true,"href":"https:\/\/etab.ac-reunion.fr\/lyc-memona-hintermann-affejee\/wp-json\/wp\/v2\/comments?post=1955"}],"version-history":[{"count":2,"href":"https:\/\/etab.ac-reunion.fr\/lyc-memona-hintermann-affejee\/wp-json\/wp\/v2\/posts\/1955\/revisions"}],"predecessor-version":[{"id":1957,"href":"https:\/\/etab.ac-reunion.fr\/lyc-memona-hintermann-affejee\/wp-json\/wp\/v2\/posts\/1955\/revisions\/1957"}],"wp:featuredmedia":[{"embeddable":true,"href":"https:\/\/etab.ac-reunion.fr\/lyc-memona-hintermann-affejee\/wp-json\/wp\/v2\/media\/673"}],"wp:attachment":[{"href":"https:\/\/etab.ac-reunion.fr\/lyc-memona-hintermann-affejee\/wp-json\/wp\/v2\/media?parent=1955"}],"wp:term":[{"taxonomy":"category","embeddable":true,"href":"https:\/\/etab.ac-reunion.fr\/lyc-memona-hintermann-affejee\/wp-json\/wp\/v2\/categories?post=1955"},{"taxonomy":"post_tag","embeddable":true,"href":"https:\/\/etab.ac-reunion.fr\/lyc-memona-hintermann-affejee\/wp-json\/wp\/v2\/tags?post=1955"}],"curies":[{"name":"wp","href":"https:\/\/api.w.org\/{rel}","templated":true}]}}