{"id":8556,"date":"2023-12-19T06:11:38","date_gmt":"2023-12-19T05:11:38","guid":{"rendered":"https:\/\/etab.ac-reunion.fr\/lyc-menona-hintermann-affejee\/?p=8556"},"modified":"2024-09-03T08:26:34","modified_gmt":"2024-09-03T06:26:34","slug":"les-portraits-1ere-ciav1-23-24","status":"publish","type":"post","link":"https:\/\/etab.ac-reunion.fr\/lyc-memona-hintermann-affejee\/2023\/12\/19\/les-portraits-1ere-ciav1-23-24\/","title":{"rendered":"Les portraits 1\u00e8re CIAV1 23-24"},"content":{"rendered":"<p>[et_pb_section fb_built=\u00a0\u00bb1&Prime; admin_label=\u00a0\u00bbsection\u00a0\u00bb _builder_version=\u00a0\u00bb4.16&Prime; global_colors_info=\u00a0\u00bb{}\u00a0\u00bb][et_pb_row admin_label=\u00a0\u00bbrow\u00a0\u00bb _builder_version=\u00a0\u00bb4.16&Prime; background_size=\u00a0\u00bbinitial\u00a0\u00bb background_position=\u00a0\u00bbtop_left\u00a0\u00bb background_repeat=\u00a0\u00bbrepeat\u00a0\u00bb global_colors_info=\u00a0\u00bb{}\u00a0\u00bb][et_pb_column type=\u00a0\u00bb4_4&Prime; _builder_version=\u00a0\u00bb4.16&Prime; custom_padding=\u00a0\u00bb|||\u00a0\u00bb global_colors_info=\u00a0\u00bb{}\u00a0\u00bb custom_padding__hover=\u00a0\u00bb|||\u00a0\u00bb][et_pb_divider _builder_version=\u00a0\u00bb4.23.1&Prime; _module_preset=\u00a0\u00bbdefault\u00a0\u00bb global_colors_info=\u00a0\u00bb{}\u00a0\u00bb][\/et_pb_divider][et_pb_text _builder_version=\u00a0\u00bb4.27.0&Prime; _module_preset=\u00a0\u00bbdefault\u00a0\u00bb hover_enabled=\u00a0\u00bb0&Prime; global_colors_info=\u00a0\u00bb{}\u00a0\u00bb sticky_enabled=\u00a0\u00bb0&Prime;]L\u2019exercice consistait en la r\u00e9alisation d\u2019un portrait ou d\u2019un autoportrait, au choix de l\u2019\u00e9l\u00e8ve pour se pr\u00e9senter. Les \u00e9l\u00e8ves, lors d\u2019une discussion en classe par groupe de deux, ont choisi un point qui leur semblait caract\u00e9ristique de leur camarade ou d\u2019eux-m\u00eames. La contrainte pos\u00e9e a \u00e9t\u00e9 de ne pas utiliser la voix, toutes les autres pistes sonores ont pu \u00eatre utilis\u00e9es. Cette contrainte permet de r\u00e9fl\u00e9chir \u00e0 l\u2019image et au son dans leurs possibilit\u00e9s intrins\u00e8ques d\u2019exprimer des faits ou des \u00e9motions. Les \u00e9l\u00e8ves ont pris conscience qu\u2019une voix qui \u00ab\u00a0raconte\u00a0\u00bb l\u2019histoire dans un film, n\u2019est pas cin\u00e9matographique. Il s\u2019agissait d\u2019appliquer la th\u00e9orie du \u00ab\u00a0show don\u2019t tell\u00a0\u00bb.<\/p>\n<p>Cette ann\u00e9e, les \u00e9l\u00e8ves se sont principalement pr\u00e9sent\u00e9s par un trait de caract\u00e8re ou une passion.<\/p>\n<p>Film 1\u00a0: <i>The Clumpsy<\/i> par M\u00e9lissa Pruvost, 103. M\u00e9lissa s\u2019est inspir\u00e9e des origines du cin\u00e9ma et du burlesque qui ont fait de la maladresse des corps un angle visuel et comique.<\/p>\n\n<!-- iframe plugin v.5.2 wordpress.org\/plugins\/iframe\/ -->\n<iframe loading=\"lazy\" title=\"M\u00e9lissa_720_1\" width=\"640\" height=\"360\" src=\"https:\/\/tube-arts-lettres-sciences-humaines.apps.education.fr\/videos\/embed\/2e01e16e-394a-4fb6-9842-fb46b53983fa\" frameborder=\"0\" allowfullscreen sandbox=\"allow-same-origin allow-scripts allow-popups allow-forms\" scrolling=\"yes\" class=\"iframe-class\"><\/iframe>\n\n<p>Film 2\u00a0: <i>Malgr\u00e9 vous<\/i> par Rapha\u00eblle Robert, 106. Rapha\u00eblle a utilis\u00e9 le proc\u00e9d\u00e9 stroboscopique pour montrer l\u2019alternance joie\/tristesse de Marc dont l\u2019orientation sexuelle est aujourd\u2019hui encore pas toujours accept\u00e9e. Merci \u00e0 lui de nous avoir montr\u00e9 cette facette de lui-m\u00eame.<\/p>\n\n<!-- iframe plugin v.5.2 wordpress.org\/plugins\/iframe\/ -->\n<iframe loading=\"lazy\" title=\"Malgre_720\" width=\"640\" height=\"360\" src=\"https:\/\/tube-arts-lettres-sciences-humaines.apps.education.fr\/videos\/embed\/1e9e14e1-be72-42b5-9e3a-06fabdb08699\" frameborder=\"0\" allowfullscreen sandbox=\"allow-same-origin allow-scripts allow-popups allow-forms\" scrolling=\"yes\" class=\"iframe-class\"><\/iframe>\n\n<p>Film 3\u00a0: <i>My fashion, my passion<\/i> par In\u00e8s Mourouvaya, 104. In\u00e8s nous fait partager sa passion de cr\u00e9atrice de mode qui la d\u00e9finit. Un v\u00eatement, une attitude.<\/p>\n\n<!-- iframe plugin v.5.2 wordpress.org\/plugins\/iframe\/ -->\n<iframe loading=\"lazy\" title=\"My_fashion_my_passion_720\" width=\"640\" height=\"360\" src=\"https:\/\/tube-arts-lettres-sciences-humaines.apps.education.fr\/videos\/embed\/3dd133a1-0e33-4692-8a8e-7488e2c4e332\" frameborder=\"0\" allowfullscreen sandbox=\"allow-same-origin allow-scripts allow-popups allow-forms\" scrolling=\"yes\" class=\"iframe-class\"><\/iframe>\n\n<p>Film 4\u00a0<i>: Elysian<\/i> par Naya Cancre, 105\u00a0: Naya montre ce que la musique repr\u00e9sente pour elle qui parvient tr\u00e8s bien \u00e0 \u00ab\u00a0la faire parler\u00a0\u00bb.<\/p>\n\n<!-- iframe plugin v.5.2 wordpress.org\/plugins\/iframe\/ -->\n<iframe loading=\"lazy\" title=\"Elysan_720\" width=\"640\" height=\"360\" src=\"https:\/\/tube-arts-lettres-sciences-humaines.apps.education.fr\/videos\/embed\/0b42f1e5-9748-41bc-8530-2777204df14d\" frameborder=\"0\" allowfullscreen sandbox=\"allow-same-origin allow-scripts allow-popups allow-forms\" scrolling=\"yes\" class=\"iframe-class\"><\/iframe>\n\n<p>Film 5\u00a0: <i>L\u2019amiti\u00e9 <\/i> par Jody Nanou, 104\u00a0: Jody a choisi de montrer l\u2019importance dans sa vie de l\u2019amiti\u00e9 et ses diff\u00e9rentes facettes\u00a0: le jeu, la dispute, la r\u00e9conciliation, le plaisir juste d\u2019\u00eatre ensemble.<\/p>\n\n<!-- iframe plugin v.5.2 wordpress.org\/plugins\/iframe\/ -->\n<iframe loading=\"lazy\" title=\"Lamitie_720\" width=\"640\" height=\"360\" src=\"https:\/\/tube-arts-lettres-sciences-humaines.apps.education.fr\/videos\/embed\/7a0de0ea-036d-4ace-b962-9716a5bc8a00\" frameborder=\"0\" allowfullscreen sandbox=\"allow-same-origin allow-scripts allow-popups allow-forms\" scrolling=\"yes\" class=\"iframe-class\"><\/iframe>\n\n<p>Pascale Hermann[\/et_pb_text][\/et_pb_column][\/et_pb_row][\/et_pb_section]<\/p>\n","protected":false},"excerpt":{"rendered":"<p>L\u2019exercice consistait en la r\u00e9alisation d\u2019un portrait ou d\u2019un autoportrait, au choix de l\u2019\u00e9l\u00e8ve pour se pr\u00e9senter. Les \u00e9l\u00e8ves, lors d\u2019une discussion en classe par groupe de deux, ont choisi [&hellip;]<\/p>\n","protected":false},"author":1337,"featured_media":5833,"comment_status":"closed","ping_status":"closed","sticky":false,"template":"","format":"standard","meta":{"_et_pb_use_builder":"on","_et_pb_old_content":"","_et_gb_content_width":"","footnotes":""},"categories":[83,26,40],"tags":[],"class_list":["post-8556","post","type-post","status-publish","format-standard","has-post-thumbnail","hentry","category-capsules-videos-cinema","category-cinema","category-webtv"],"_links":{"self":[{"href":"https:\/\/etab.ac-reunion.fr\/lyc-memona-hintermann-affejee\/wp-json\/wp\/v2\/posts\/8556","targetHints":{"allow":["GET"]}}],"collection":[{"href":"https:\/\/etab.ac-reunion.fr\/lyc-memona-hintermann-affejee\/wp-json\/wp\/v2\/posts"}],"about":[{"href":"https:\/\/etab.ac-reunion.fr\/lyc-memona-hintermann-affejee\/wp-json\/wp\/v2\/types\/post"}],"author":[{"embeddable":true,"href":"https:\/\/etab.ac-reunion.fr\/lyc-memona-hintermann-affejee\/wp-json\/wp\/v2\/users\/1337"}],"replies":[{"embeddable":true,"href":"https:\/\/etab.ac-reunion.fr\/lyc-memona-hintermann-affejee\/wp-json\/wp\/v2\/comments?post=8556"}],"version-history":[{"count":33,"href":"https:\/\/etab.ac-reunion.fr\/lyc-memona-hintermann-affejee\/wp-json\/wp\/v2\/posts\/8556\/revisions"}],"predecessor-version":[{"id":9345,"href":"https:\/\/etab.ac-reunion.fr\/lyc-memona-hintermann-affejee\/wp-json\/wp\/v2\/posts\/8556\/revisions\/9345"}],"wp:featuredmedia":[{"embeddable":true,"href":"https:\/\/etab.ac-reunion.fr\/lyc-memona-hintermann-affejee\/wp-json\/wp\/v2\/media\/5833"}],"wp:attachment":[{"href":"https:\/\/etab.ac-reunion.fr\/lyc-memona-hintermann-affejee\/wp-json\/wp\/v2\/media?parent=8556"}],"wp:term":[{"taxonomy":"category","embeddable":true,"href":"https:\/\/etab.ac-reunion.fr\/lyc-memona-hintermann-affejee\/wp-json\/wp\/v2\/categories?post=8556"},{"taxonomy":"post_tag","embeddable":true,"href":"https:\/\/etab.ac-reunion.fr\/lyc-memona-hintermann-affejee\/wp-json\/wp\/v2\/tags?post=8556"}],"curies":[{"name":"wp","href":"https:\/\/api.w.org\/{rel}","templated":true}]}}