{"id":4520,"date":"2022-10-28T11:04:38","date_gmt":"2022-10-28T07:04:38","guid":{"rendered":"https:\/\/etab.ac-reunion.fr\/lyc-moulin-joli\/?p=4520"},"modified":"2022-11-01T20:08:38","modified_gmt":"2022-11-01T16:08:38","slug":"parcours-danse-hofesh-shochter-pour-les-211","status":"publish","type":"post","link":"https:\/\/etab.ac-reunion.fr\/lyc-moulin-joli\/2022\/10\/28\/parcours-danse-hofesh-shochter-pour-les-211\/","title":{"rendered":"Parcours danse Hofesh Shochter pour les 211"},"content":{"rendered":"[et_pb_section fb_built=\u00a0\u00bb1&Prime; _builder_version=\u00a0\u00bb4.16&Prime; custom_padding=\u00a0\u00bb23px|||||\u00a0\u00bb global_colors_info=\u00a0\u00bb{}\u00a0\u00bb][et_pb_row _builder_version=\u00a0\u00bb4.18.1&Prime; _module_preset=\u00a0\u00bbdefault\u00a0\u00bb global_colors_info=\u00a0\u00bb{}\u00a0\u00bb][et_pb_column type=\u00a0\u00bb4_4&Prime; _builder_version=\u00a0\u00bb4.18.0&Prime; _module_preset=\u00a0\u00bbdefault\u00a0\u00bb global_colors_info=\u00a0\u00bb{}\u00a0\u00bb][et_pb_text _builder_version=\u00a0\u00bb4.18.1&Prime; _module_preset=\u00a0\u00bbdefault\u00a0\u00bb global_colors_info=\u00a0\u00bb{}\u00a0\u00bb]\n<p>Les \u00e9l\u00e8ves de 211 ont particip\u00e9 \u00e0 deux sorties p\u00e9dagogiques et culturelles (T\u00e9at Champ Fleuri) hors temps scolaire, et \u00e0 un atelier de danse au lyc\u00e9e :<\/p>\n<ul>\n<li>Mercredi 2\/09, projection du film de C\u00e9dric Klapisch En corps. Voir <a href=\"https:\/\/ne-np.facebook.com\/LeCercleCanalplus\/videos\/c%C3%A9dric-klapisch-sur-louverture-de-en-corps\/1009908476299752\/\">l&rsquo;entretien de C\u00e9dric Klapisch et des critiques de cin\u00e9ma Philippe Rouyer et Marie Sauvion<\/a><\/li>\n<li>Lundi 26\/09, spectacle de danse Contemporary dance 2.0 de la compagnie de Hofesh Shechter. Voir le <a href=\"https:\/\/www.youtube.com\/watch?v=0ij0ZcmJPgI\">teaser du Th\u00e9\u00e2tre de la Ville de Paris<\/a><\/li>\n<li>Mercredi 28\/09, 2 heures d&rsquo;ateliers de danse contemporaine avec deux danseurs de la compagnie ; \u00e9chauffement, petite chor\u00e9graphie tir\u00e9e du d\u00e9but du spectacle puis discussion avec les deux danseurs sur leur parcours et leur passion pour la danse<\/li>\n<\/ul>\n<p>Ressources compl\u00e9mentaires : sur le site du th\u00e9\u00e2tre Champ Fleuri, les documents sur le film et le spectacle de danse : <a href=\"https:\/\/www.teat.re\/espace-enseignant\/reportage\/2022\/09\/01\/aout-decembre-2022,les-ressources-pedagogiques-de-la-saison,308.html\">https:\/\/www.teat.re\/espace-enseignant\/reportage\/2022\/09\/01\/aout-decembre-2022,les-ressources-pedagogiques-de-la-saison,308.html<\/a><\/p>\n<p>Quelques \u00e9l\u00e8ves suppl\u00e9mentaires ont particip\u00e9 aux deux sorties et\/ou \u00e0 l&rsquo;int\u00e9gralit\u00e9 de ce parcours centr\u00e9 sur la danse contemporaine pilot\u00e9 par Mme Feuillade et Madame Quillet-Pinana. Dans ce cadre, les \u00e9l\u00e8ves ont produit plusieurs textes \u00e0 d\u00e9couvrir ci-dessous :<\/p>\n[\/et_pb_text][et_pb_text _builder_version=\u00a0\u00bb4.18.1&Prime; _module_preset=\u00a0\u00bbdefault\u00a0\u00bb global_colors_info=\u00a0\u00bb{}\u00a0\u00bb][\/et_pb_text][\/et_pb_column][\/et_pb_row][et_pb_row column_structure=\u00a0\u00bb1_2,1_2&Prime; _builder_version=\u00a0\u00bb4.18.1&Prime; _module_preset=\u00a0\u00bbdefault\u00a0\u00bb global_colors_info=\u00a0\u00bb{}\u00a0\u00bb][et_pb_column type=\u00a0\u00bb1_2&Prime; _builder_version=\u00a0\u00bb4.18.1&Prime; _module_preset=\u00a0\u00bbdefault\u00a0\u00bb global_colors_info=\u00a0\u00bb{}\u00a0\u00bb][et_pb_image src=\u00a0\u00bbhttps:\/\/etab.ac-reunion.fr\/lyc-moulin-joli\/wp-content\/uploads\/sites\/31\/2022\/10\/Capture-decran-2022-10-28-110217.png\u00a0\u00bb title_text=\u00a0\u00bbCapture d\u2019\u00e9cran 2022-10-28 110217&Prime; _builder_version=\u00a0\u00bb4.18.1&Prime; _module_preset=\u00a0\u00bbdefault\u00a0\u00bb global_colors_info=\u00a0\u00bb{}\u00a0\u00bb][\/et_pb_image][et_pb_image src=\u00a0\u00bbhttps:\/\/etab.ac-reunion.fr\/lyc-moulin-joli\/wp-content\/uploads\/sites\/31\/2022\/11\/Capture-de\u0301cran-2022-11-01-a\u0300-20.01.48.png\u00a0\u00bb title_text=\u00a0\u00bbCapture d\u2019e\u0301cran 2022-11-01 a\u0300 20.01.48&Prime; _builder_version=\u00a0\u00bb4.18.1&Prime; _module_preset=\u00a0\u00bbdefault\u00a0\u00bb hover_enabled=\u00a0\u00bb0&Prime; global_colors_info=\u00a0\u00bb{}\u00a0\u00bb sticky_enabled=\u00a0\u00bb0&Prime; force_fullwidth=\u00a0\u00bbon\u00a0\u00bb][\/et_pb_image][et_pb_image src=\u00a0\u00bbhttps:\/\/etab.ac-reunion.fr\/lyc-moulin-joli\/wp-content\/uploads\/sites\/31\/2022\/11\/Capture-de\u0301cran-2022-11-01-a\u0300-20.05.00.png\u00a0\u00bb title_text=\u00a0\u00bbCapture d\u2019e\u0301cran 2022-11-01 a\u0300 20.05.00&Prime; _builder_version=\u00a0\u00bb4.18.1&Prime; _module_preset=\u00a0\u00bbdefault\u00a0\u00bb hover_enabled=\u00a0\u00bb0&Prime; global_colors_info=\u00a0\u00bb{}\u00a0\u00bb sticky_enabled=\u00a0\u00bb0&Prime; force_fullwidth=\u00a0\u00bbon\u00a0\u00bb][\/et_pb_image][et_pb_image src=\u00a0\u00bbhttps:\/\/etab.ac-reunion.fr\/lyc-moulin-joli\/wp-content\/uploads\/sites\/31\/2022\/11\/Capture-de\u0301cran-2022-11-01-a\u0300-20.07.25.png\u00a0\u00bb title_text=\u00a0\u00bbCapture d\u2019e\u0301cran 2022-11-01 a\u0300 20.07.25&Prime; _builder_version=\u00a0\u00bb4.18.1&Prime; _module_preset=\u00a0\u00bbdefault\u00a0\u00bb hover_enabled=\u00a0\u00bb0&Prime; global_colors_info=\u00a0\u00bb{}\u00a0\u00bb sticky_enabled=\u00a0\u00bb0&Prime; force_fullwidth=\u00a0\u00bbon\u00a0\u00bb][\/et_pb_image][\/et_pb_column][et_pb_column type=\u00a0\u00bb1_2&Prime; _builder_version=\u00a0\u00bb4.18.1&Prime; _module_preset=\u00a0\u00bbdefault\u00a0\u00bb global_colors_info=\u00a0\u00bb{}\u00a0\u00bb][et_pb_image src=\u00a0\u00bbhttps:\/\/etab.ac-reunion.fr\/lyc-moulin-joli\/wp-content\/uploads\/sites\/31\/2022\/10\/Capture-decran-2022-10-28-110248.png\u00a0\u00bb title_text=\u00a0\u00bbCapture d\u2019\u00e9cran 2022-10-28 110248&Prime; _builder_version=\u00a0\u00bb4.18.1&Prime; _module_preset=\u00a0\u00bbdefault\u00a0\u00bb global_colors_info=\u00a0\u00bb{}\u00a0\u00bb][\/et_pb_image][et_pb_image src=\u00a0\u00bbhttps:\/\/etab.ac-reunion.fr\/lyc-moulin-joli\/wp-content\/uploads\/sites\/31\/2022\/11\/Capture-de\u0301cran-2022-11-01-a\u0300-20.01.58.png\u00a0\u00bb title_text=\u00a0\u00bbCapture d\u2019e\u0301cran 2022-11-01 a\u0300 20.01.58&Prime; _builder_version=\u00a0\u00bb4.18.1&Prime; _module_preset=\u00a0\u00bbdefault\u00a0\u00bb hover_enabled=\u00a0\u00bb0&Prime; global_colors_info=\u00a0\u00bb{}\u00a0\u00bb sticky_enabled=\u00a0\u00bb0&Prime; force_fullwidth=\u00a0\u00bbon\u00a0\u00bb][\/et_pb_image][et_pb_image src=\u00a0\u00bbhttps:\/\/etab.ac-reunion.fr\/lyc-moulin-joli\/wp-content\/uploads\/sites\/31\/2022\/11\/Capture-de\u0301cran-2022-11-01-a\u0300-20.06.18.png\u00a0\u00bb title_text=\u00a0\u00bbCapture d\u2019e\u0301cran 2022-11-01 a\u0300 20.06.18&Prime; _builder_version=\u00a0\u00bb4.18.1&Prime; _module_preset=\u00a0\u00bbdefault\u00a0\u00bb hover_enabled=\u00a0\u00bb0&Prime; global_colors_info=\u00a0\u00bb{}\u00a0\u00bb sticky_enabled=\u00a0\u00bb0&Prime; force_fullwidth=\u00a0\u00bbon\u00a0\u00bb][\/et_pb_image][\/et_pb_column][\/et_pb_row][\/et_pb_section]\n","protected":false},"excerpt":{"rendered":"<p>Les \u00e9l\u00e8ves de 211 ont particip\u00e9 \u00e0 deux sorties p\u00e9dagogiques et culturelles (T\u00e9at Champ Fleuri) hors temps scolaire, et \u00e0 un atelier de danse au lyc\u00e9e : Mercredi 2\/09, projection du film de C\u00e9dric Klapisch En corps. Voir l&rsquo;entretien de C\u00e9dric Klapisch et des critiques de cin\u00e9ma Philippe Rouyer et Marie Sauvion Lundi 26\/09, spectacle [&hellip;]<\/p>\n","protected":false},"author":4440,"featured_media":0,"comment_status":"closed","ping_status":"closed","sticky":false,"template":"","format":"standard","meta":{"_et_pb_use_builder":"on","_et_pb_old_content":"<!-- wp:paragraph -->\n<p>Le  8 avril 2022, les \u00e9l\u00e8ves qui suivent l'option Sciences de l'ing\u00e9nieur (secondes) ou la sp\u00e9cialit\u00e9 Sciences de l'ing\u00e9nieur (premi\u00e8res et terminales) ont fait d\u00e9couvrir leur discipline aux autres \u00e9l\u00e8ves du lyc\u00e9e ainsi qu'aux \u00e9l\u00e8ves des classes de troisi\u00e8me des coll\u00e8ges Jean Albany et Raymond Verg\u00e8s \u00e0 la Possession.<\/p>\n<!-- \/wp:paragraph -->\n\n<!-- wp:paragraph -->\n<p>A travers 10 ateliers ludiques et techniques - drone, voiture \u00e9lectrique, panneaux photovolta\u00efques - ils ont propos\u00e9 des d\u00e9monstrations en m\u00eame temps qu'une immersion rapide des visiteurs. Une mani\u00e8re originale et participative de pr\u00e9senter les Sciences de l'Ing\u00e9nieur ! Bravo \u00e0 eux et \u00e0 leur enseignant, Monsieur Patrick You-Seen pour leur g\u00e9n\u00e9rosit\u00e9 et ce partage !<\/p>\n<!-- \/wp:paragraph -->\n\n<!-- wp:gallery {\"linkTo\":\"none\"} -->\n<figure class=\"wp-block-gallery has-nested-images columns-default is-cropped\"><!-- wp:image {\"id\":4237,\"sizeSlug\":\"large\",\"linkDestination\":\"none\"} -->\n<figure class=\"wp-block-image size-large\"><img src=\"https:\/\/etab.ac-reunion.fr\/lyc-moulin-joli\/wp-content\/uploads\/sites\/31\/2022\/04\/DSC00390-1024x768.jpg\" alt=\"\" class=\"wp-image-4237\"\/><\/figure>\n<!-- \/wp:image -->\n\n<!-- wp:image {\"id\":4239,\"sizeSlug\":\"large\",\"linkDestination\":\"none\"} -->\n<figure class=\"wp-block-image size-large\"><img src=\"https:\/\/etab.ac-reunion.fr\/lyc-moulin-joli\/wp-content\/uploads\/sites\/31\/2022\/04\/DSC00392-1024x768.jpg\" alt=\"\" class=\"wp-image-4239\"\/><\/figure>\n<!-- \/wp:image -->\n\n<!-- wp:image {\"id\":4250,\"sizeSlug\":\"large\",\"linkDestination\":\"none\"} -->\n<figure class=\"wp-block-image size-large\"><img src=\"https:\/\/etab.ac-reunion.fr\/lyc-moulin-joli\/wp-content\/uploads\/sites\/31\/2022\/04\/DSC00403-1024x768.jpg\" alt=\"\" class=\"wp-image-4250\"\/><\/figure>\n<!-- \/wp:image --><\/figure>\n<!-- \/wp:gallery -->\n\n<!-- wp:gallery {\"linkTo\":\"none\"} -->\n<figure class=\"wp-block-gallery has-nested-images columns-default is-cropped\"><!-- wp:image {\"id\":4247,\"sizeSlug\":\"large\",\"linkDestination\":\"none\"} -->\n<figure class=\"wp-block-image size-large\"><img src=\"https:\/\/etab.ac-reunion.fr\/lyc-moulin-joli\/wp-content\/uploads\/sites\/31\/2022\/04\/DSC00400-1024x768.jpg\" alt=\"\" class=\"wp-image-4247\"\/><\/figure>\n<!-- \/wp:image -->\n\n<!-- wp:image {\"id\":4248,\"sizeSlug\":\"large\",\"linkDestination\":\"none\"} -->\n<figure class=\"wp-block-image size-large\"><img src=\"https:\/\/etab.ac-reunion.fr\/lyc-moulin-joli\/wp-content\/uploads\/sites\/31\/2022\/04\/DSC00401-1024x768.jpg\" alt=\"\" class=\"wp-image-4248\"\/><\/figure>\n<!-- \/wp:image -->\n\n<!-- wp:image {\"id\":4238,\"sizeSlug\":\"large\",\"linkDestination\":\"none\"} -->\n<figure class=\"wp-block-image size-large\"><img src=\"https:\/\/etab.ac-reunion.fr\/lyc-moulin-joli\/wp-content\/uploads\/sites\/31\/2022\/04\/DSC00391-1024x768.jpg\" alt=\"\" class=\"wp-image-4238\"\/><\/figure>\n<!-- \/wp:image --><\/figure>\n<!-- \/wp:gallery -->","_et_gb_content_width":"1080","footnotes":"","_links_to":"","_links_to_target":""},"categories":[14,17,185],"tags":[],"class_list":["post-4520","post","type-post","status-publish","format-standard","hentry","category-eps","category-viepeda","category-seconde"],"_links":{"self":[{"href":"https:\/\/etab.ac-reunion.fr\/lyc-moulin-joli\/wp-json\/wp\/v2\/posts\/4520","targetHints":{"allow":["GET"]}}],"collection":[{"href":"https:\/\/etab.ac-reunion.fr\/lyc-moulin-joli\/wp-json\/wp\/v2\/posts"}],"about":[{"href":"https:\/\/etab.ac-reunion.fr\/lyc-moulin-joli\/wp-json\/wp\/v2\/types\/post"}],"author":[{"embeddable":true,"href":"https:\/\/etab.ac-reunion.fr\/lyc-moulin-joli\/wp-json\/wp\/v2\/users\/4440"}],"replies":[{"embeddable":true,"href":"https:\/\/etab.ac-reunion.fr\/lyc-moulin-joli\/wp-json\/wp\/v2\/comments?post=4520"}],"version-history":[{"count":4,"href":"https:\/\/etab.ac-reunion.fr\/lyc-moulin-joli\/wp-json\/wp\/v2\/posts\/4520\/revisions"}],"predecessor-version":[{"id":4537,"href":"https:\/\/etab.ac-reunion.fr\/lyc-moulin-joli\/wp-json\/wp\/v2\/posts\/4520\/revisions\/4537"}],"wp:attachment":[{"href":"https:\/\/etab.ac-reunion.fr\/lyc-moulin-joli\/wp-json\/wp\/v2\/media?parent=4520"}],"wp:term":[{"taxonomy":"category","embeddable":true,"href":"https:\/\/etab.ac-reunion.fr\/lyc-moulin-joli\/wp-json\/wp\/v2\/categories?post=4520"},{"taxonomy":"post_tag","embeddable":true,"href":"https:\/\/etab.ac-reunion.fr\/lyc-moulin-joli\/wp-json\/wp\/v2\/tags?post=4520"}],"curies":[{"name":"wp","href":"https:\/\/api.w.org\/{rel}","templated":true}]}}