{"id":4567,"date":"2022-11-08T07:05:25","date_gmt":"2022-11-08T03:05:25","guid":{"rendered":"https:\/\/etab.ac-reunion.fr\/lyc-moulin-joli\/?p=4567"},"modified":"2022-11-08T08:23:14","modified_gmt":"2022-11-08T04:23:14","slug":"embarquement-immediat-pour-les-bts-2","status":"publish","type":"post","link":"https:\/\/etab.ac-reunion.fr\/lyc-moulin-joli\/2022\/11\/08\/embarquement-immediat-pour-les-bts-2\/","title":{"rendered":"Embarquement imm\u00e9diat pour les BTS 2 !"},"content":{"rendered":"[et_pb_section fb_built=\u00a0\u00bb1&Prime; _builder_version=\u00a0\u00bb4.16&Prime; global_colors_info=\u00a0\u00bb{}\u00a0\u00bb custom_padding=\u00a0\u00bb35px|||||\u00a0\u00bb][et_pb_row _builder_version=\u00a0\u00bb4.16&Prime; background_size=\u00a0\u00bbinitial\u00a0\u00bb background_position=\u00a0\u00bbtop_left\u00a0\u00bb background_repeat=\u00a0\u00bbrepeat\u00a0\u00bb global_colors_info=\u00a0\u00bb{}\u00a0\u00bb][et_pb_column type=\u00a0\u00bb4_4&Prime; _builder_version=\u00a0\u00bb4.16&Prime; custom_padding=\u00a0\u00bb|||\u00a0\u00bb global_colors_info=\u00a0\u00bb{}\u00a0\u00bb custom_padding__hover=\u00a0\u00bb|||\u00a0\u00bb][et_pb_text _builder_version=\u00a0\u00bb4.19.0&Prime; background_size=\u00a0\u00bbinitial\u00a0\u00bb background_position=\u00a0\u00bbtop_left\u00a0\u00bb background_repeat=\u00a0\u00bbrepeat\u00a0\u00bb hover_enabled=\u00a0\u00bb0&Prime; global_colors_info=\u00a0\u00bb{}\u00a0\u00bb sticky_enabled=\u00a0\u00bb0&Prime;]\n<p>Les mobilit\u00e9s reprennent pour nos BTS 2\u00e8me ann\u00e9e gr\u00e2ce aux fonds europ\u00e9ens : 10 \u00e9tudiants sont donc en immersion dans des familles et entreprises barcelonaises et idem \u00e0 Cork en Irlande.<\/p>\n<p>Le travail cons\u00e9quent, men\u00e9 par les \u00e9quipes, d\u2019\u00e9laboration des dossiers et de pr\u00e9paration des mobilit\u00e9s donne ses premiers fruits. Nos jeunes sont enthousiastes de d\u00e9couvrir de nouveaux environnements et de nouvelles cultures. Ils sont de plus tr\u00e8s bien accueillis en famille. <\/p>\n<p>Ce qui est s\u00fbr, c\u2019est la plus-value qu\u2019ils vont engranger durant ces 4 semaines.<\/p>\n[\/et_pb_text][\/et_pb_column][\/et_pb_row][\/et_pb_section]\n","protected":false},"excerpt":{"rendered":"<p>Les mobilit\u00e9s reprennent pour nos BTS 2\u00e8me ann\u00e9e gr\u00e2ce aux fonds europ\u00e9ens : 10 \u00e9tudiants sont donc en immersion dans des familles et entreprises barcelonaises et idem \u00e0 Cork en Irlande. Le travail cons\u00e9quent, men\u00e9 par les \u00e9quipes, d\u2019\u00e9laboration des dossiers et de pr\u00e9paration des mobilit\u00e9s donne ses premiers fruits. Nos jeunes sont enthousiastes de [&hellip;]<\/p>\n","protected":false},"author":4440,"featured_media":0,"comment_status":"closed","ping_status":"closed","sticky":false,"template":"","format":"standard","meta":{"_et_pb_use_builder":"on","_et_pb_old_content":"<!-- wp:paragraph -->\n<p>Ce protocole a \u00e9t\u00e9 \u00e9labor\u00e9 par les enseignantes et enseignants du LPO Moulin Joli, r\u00e9unis en groupes disciplinaires et interdisciplinaires, pour pr\u00e9ciser la fa\u00e7on dont les \u00e9l\u00e8ves seront \u00e9valu\u00e9s durant le cycle terminal g\u00e9n\u00e9ral et technologique (classes de premi\u00e8re et de terminale). Ce projet collectif d\u2019\u00e9valuation, d\u00e9battu en conseil p\u00e9dagogique et arr\u00eat\u00e9 le 22 novembre 2021, s\u2019inscrit dans le cadre r\u00e8glementaire fix\u00e9 au niveau national. Il a pour but de rendre visible et explicite la r\u00e9flexion de l\u2019\u00e9quipe enseignante sur l\u2019acte p\u00e9dagogique de l\u2019\u00e9valuation. Il permet notamment d\u2019en partager les principes avec les \u00e9l\u00e8ves et leurs familles.<\/p>\n<!-- \/wp:paragraph -->\n\n<!-- wp:paragraph -->\n<p>Ce projet d'\u00e9valuation est pr\u00e9sent\u00e9 en CVL, au Conseil d\u2019administration (26\/11\/2021) et rendu public. Il est r\u00e9visable tous les ans.<\/p>\n<!-- \/wp:paragraph -->\n\n<!-- wp:pdfemb\/pdf-embedder-viewer {\"pdfID\":4065,\"url\":\"https:\/\/etab.ac-reunion.fr\/lyc-moulin-joli\/wp-content\/uploads\/sites\/31\/2021\/12\/protocole-devaluation2021-2022_diaporama-LYCEE-MJ-.pdf\"} -->\n<p class=\"wp-block-pdfemb-pdf-embedder-viewer\"><\/p>\n<!-- \/wp:pdfemb\/pdf-embedder-viewer -->\n\n<!-- wp:paragraph -->\n<p><\/p>\n<!-- \/wp:paragraph -->\n\n<!-- wp:file {\"id\":4065,\"href\":\"https:\/\/etab.ac-reunion.fr\/lyc-moulin-joli\/wp-content\/uploads\/sites\/31\/2021\/12\/protocole-devaluation2021-2022_diaporama-LYCEE-MJ-.pdf\",\"displayPreview\":true} -->\n<div class=\"wp-block-file\"><a href=\"https:\/\/etab.ac-reunion.fr\/lyc-moulin-joli\/wp-content\/uploads\/sites\/31\/2021\/12\/protocole-devaluation2021-2022_diaporama-LYCEE-MJ-.pdf\">protocole-devaluation2021-2022_diaporama-LYCEE-MJ-<\/a><a href=\"https:\/\/etab.ac-reunion.fr\/lyc-moulin-joli\/wp-content\/uploads\/sites\/31\/2021\/12\/protocole-devaluation2021-2022_diaporama-LYCEE-MJ-.pdf\" class=\"wp-block-file__button\" download>T\u00e9l\u00e9charger<\/a><\/div>\n<!-- \/wp:file -->","_et_gb_content_width":"1080","footnotes":"","_links_to":"","_links_to_target":""},"categories":[24,204,21,17,181,11],"tags":[],"class_list":["post-4567","post","type-post","status-publish","format-standard","hentry","category-enseignement-superieur","category-mc-et-bts","category-international","category-viepeda","category-stages","category-vielyc"],"_links":{"self":[{"href":"https:\/\/etab.ac-reunion.fr\/lyc-moulin-joli\/wp-json\/wp\/v2\/posts\/4567","targetHints":{"allow":["GET"]}}],"collection":[{"href":"https:\/\/etab.ac-reunion.fr\/lyc-moulin-joli\/wp-json\/wp\/v2\/posts"}],"about":[{"href":"https:\/\/etab.ac-reunion.fr\/lyc-moulin-joli\/wp-json\/wp\/v2\/types\/post"}],"author":[{"embeddable":true,"href":"https:\/\/etab.ac-reunion.fr\/lyc-moulin-joli\/wp-json\/wp\/v2\/users\/4440"}],"replies":[{"embeddable":true,"href":"https:\/\/etab.ac-reunion.fr\/lyc-moulin-joli\/wp-json\/wp\/v2\/comments?post=4567"}],"version-history":[{"count":3,"href":"https:\/\/etab.ac-reunion.fr\/lyc-moulin-joli\/wp-json\/wp\/v2\/posts\/4567\/revisions"}],"predecessor-version":[{"id":4573,"href":"https:\/\/etab.ac-reunion.fr\/lyc-moulin-joli\/wp-json\/wp\/v2\/posts\/4567\/revisions\/4573"}],"wp:attachment":[{"href":"https:\/\/etab.ac-reunion.fr\/lyc-moulin-joli\/wp-json\/wp\/v2\/media?parent=4567"}],"wp:term":[{"taxonomy":"category","embeddable":true,"href":"https:\/\/etab.ac-reunion.fr\/lyc-moulin-joli\/wp-json\/wp\/v2\/categories?post=4567"},{"taxonomy":"post_tag","embeddable":true,"href":"https:\/\/etab.ac-reunion.fr\/lyc-moulin-joli\/wp-json\/wp\/v2\/tags?post=4567"}],"curies":[{"name":"wp","href":"https:\/\/api.w.org\/{rel}","templated":true}]}}