{"id":5018,"date":"2023-06-21T08:09:29","date_gmt":"2023-06-21T04:09:29","guid":{"rendered":"https:\/\/etab.ac-reunion.fr\/lyc-moulin-joli\/?p=5018"},"modified":"2023-06-21T08:09:29","modified_gmt":"2023-06-21T04:09:29","slug":"les-premieres-bac-pro-otm-en-mobilite-en-irlande","status":"publish","type":"post","link":"https:\/\/etab.ac-reunion.fr\/lyc-moulin-joli\/2023\/06\/21\/les-premieres-bac-pro-otm-en-mobilite-en-irlande\/","title":{"rendered":"Les premi\u00e8res Bac Pro OTM en mobilit\u00e9 en Irlande"},"content":{"rendered":"[et_pb_section fb_built=\u00a0\u00bb1&Prime; _builder_version=\u00a0\u00bb4.16&Prime; custom_padding=\u00a0\u00bb35px|||||\u00a0\u00bb global_colors_info=\u00a0\u00bb{}\u00a0\u00bb da_is_popup=\u00a0\u00bboff\u00a0\u00bb da_exit_intent=\u00a0\u00bboff\u00a0\u00bb da_has_close=\u00a0\u00bbon\u00a0\u00bb da_alt_close=\u00a0\u00bboff\u00a0\u00bb da_dark_close=\u00a0\u00bboff\u00a0\u00bb da_not_modal=\u00a0\u00bbon\u00a0\u00bb da_is_singular=\u00a0\u00bboff\u00a0\u00bb da_with_loader=\u00a0\u00bboff\u00a0\u00bb da_has_shadow=\u00a0\u00bbon\u00a0\u00bb da_disable_devices=\u00a0\u00bboff|off|off\u00a0\u00bb][et_pb_row _builder_version=\u00a0\u00bb4.21.0&Prime; _module_preset=\u00a0\u00bbdefault\u00a0\u00bb global_colors_info=\u00a0\u00bb{}\u00a0\u00bb column_structure=\u00a0\u00bb3_5,2_5&Prime;][et_pb_column type=\u00a0\u00bb3_5&Prime; _builder_version=\u00a0\u00bb4.19.5&Prime; _module_preset=\u00a0\u00bbdefault\u00a0\u00bb global_colors_info=\u00a0\u00bb{}\u00a0\u00bb][et_pb_text _builder_version=\u00a0\u00bb4.21.0&Prime; background_size=\u00a0\u00bbinitial\u00a0\u00bb background_position=\u00a0\u00bbtop_left\u00a0\u00bb background_repeat=\u00a0\u00bbrepeat\u00a0\u00bb custom_padding=\u00a0\u00bb||0px|||\u00a0\u00bb hover_enabled=\u00a0\u00bb0&Prime; global_colors_info=\u00a0\u00bb{}\u00a0\u00bb sticky_enabled=\u00a0\u00bb0&Prime;]\n<p><strong>C&rsquo;est au tour des Premi\u00e8res Bac Pro OTM (Organisation du Transport de Marchandises) de partir en mobilit\u00e9 en Irlande !<\/strong><\/p>\n<p>Le programme ERASMUS+ a permis d&rsquo;organiser cette nouvelle mobilit\u00e9 pour 13 \u00e9l\u00e8ves de premi\u00e8re Bac Pro OTM (Organisation du Transport de Marchandises) et 1 \u00e9l\u00e8ve de premi\u00e8re Bac Pro Logistique.<\/p>\n<p>Ces 14 \u00e9l\u00e8ves viennent de partir pour <strong>3 semaines de stage \u00e0 Mallow dans le comt\u00e9 de Cork<\/strong> dans des entreprises sp\u00e9cialis\u00e9es en Transport et Logistique.<\/p>\n<p>Apr\u00e8s avoir rencontr\u00e9 leurs familles d&rsquo;accueil \u00e0 leur arriv\u00e9e, ils vont partir \u00e0 la d\u00e9couverte des entreprises qui vont les accueillir en stage.<\/p>\n<p>Bien pr\u00e9par\u00e9s par Mme Dijoux (enseignante d&rsquo;anglais) et Mme Thomas (enseignante de transport), nous n&rsquo;avons aucun doute sur leur capacit\u00e9 d&rsquo;adaptation et leur volont\u00e9 d&rsquo;apprendre.<\/p>\n<p><strong>Nous leur souhaitons un excellent stage !<\/strong><\/p>\n[\/et_pb_text][\/et_pb_column][et_pb_column type=\u00a0\u00bb2_5&Prime; _builder_version=\u00a0\u00bb4.19.5&Prime; _module_preset=\u00a0\u00bbdefault\u00a0\u00bb global_colors_info=\u00a0\u00bb{}\u00a0\u00bb][et_pb_image src=\u00a0\u00bbhttps:\/\/etab.ac-reunion.fr\/lyc-moulin-joli\/wp-content\/uploads\/sites\/31\/2023\/06\/Logo-Erasmus.png\u00a0\u00bb _builder_version=\u00a0\u00bb4.21.0&Prime; _module_preset=\u00a0\u00bbdefault\u00a0\u00bb title_text=\u00a0\u00bbLogo Erasmus\u00a0\u00bb hover_enabled=\u00a0\u00bb0&Prime; sticky_enabled=\u00a0\u00bb0&Prime;][\/et_pb_image][\/et_pb_column][\/et_pb_row][et_pb_row _builder_version=\u00a0\u00bb4.21.0&Prime; _module_preset=\u00a0\u00bbdefault\u00a0\u00bb column_structure=\u00a0\u00bb1_3,1_3,1_3&Prime;][et_pb_column _builder_version=\u00a0\u00bb4.21.0&Prime; _module_preset=\u00a0\u00bbdefault\u00a0\u00bb type=\u00a0\u00bb1_3&Prime;][et_pb_image src=\u00a0\u00bbhttps:\/\/etab.ac-reunion.fr\/lyc-moulin-joli\/wp-content\/uploads\/sites\/31\/2023\/06\/0f4a00d1-498b-43c1-9a22-ed632c4f0c2a.jpg\u00a0\u00bb _builder_version=\u00a0\u00bb4.21.0&Prime; _module_preset=\u00a0\u00bbdefault\u00a0\u00bb title_text=\u00a0\u00bb0f4a00d1-498b-43c1-9a22-ed632c4f0c2a\u00a0\u00bb hover_enabled=\u00a0\u00bb0&Prime; sticky_enabled=\u00a0\u00bb0&Prime;][\/et_pb_image][\/et_pb_column][et_pb_column _builder_version=\u00a0\u00bb4.21.0&Prime; _module_preset=\u00a0\u00bbdefault\u00a0\u00bb type=\u00a0\u00bb1_3&Prime;][et_pb_image src=\u00a0\u00bbhttps:\/\/etab.ac-reunion.fr\/lyc-moulin-joli\/wp-content\/uploads\/sites\/31\/2023\/06\/e61151b0-9f34-4203-b337-6c5bef447393.jpg\u00a0\u00bb _builder_version=\u00a0\u00bb4.21.0&Prime; _module_preset=\u00a0\u00bbdefault\u00a0\u00bb title_text=\u00a0\u00bbe61151b0-9f34-4203-b337-6c5bef447393&Prime; hover_enabled=\u00a0\u00bb0&Prime; sticky_enabled=\u00a0\u00bb0&Prime;][\/et_pb_image][\/et_pb_column][et_pb_column _builder_version=\u00a0\u00bb4.21.0&Prime; _module_preset=\u00a0\u00bbdefault\u00a0\u00bb type=\u00a0\u00bb1_3&Prime;][et_pb_image src=\u00a0\u00bbhttps:\/\/etab.ac-reunion.fr\/lyc-moulin-joli\/wp-content\/uploads\/sites\/31\/2023\/06\/IMG_7585-1.jpg\u00a0\u00bb _builder_version=\u00a0\u00bb4.21.0&Prime; _module_preset=\u00a0\u00bbdefault\u00a0\u00bb title_text=\u00a0\u00bbIMG_7585&Prime; hover_enabled=\u00a0\u00bb0&Prime; sticky_enabled=\u00a0\u00bb0&Prime;][\/et_pb_image][\/et_pb_column][\/et_pb_row][\/et_pb_section]\n","protected":false},"excerpt":{"rendered":"<p>C&rsquo;est au tour des Premi\u00e8res Bac Pro OTM (Organisation du Transport de Marchandises) de partir en mobilit\u00e9 en Irlande ! Le programme ERASMUS+ a permis d&rsquo;organiser cette nouvelle mobilit\u00e9 pour 13 \u00e9l\u00e8ves de premi\u00e8re Bac Pro OTM (Organisation du Transport de Marchandises) et 1 \u00e9l\u00e8ve de premi\u00e8re Bac Pro Logistique. Ces 14 \u00e9l\u00e8ves viennent de [&hellip;]<\/p>\n","protected":false},"author":4440,"featured_media":5019,"comment_status":"closed","ping_status":"closed","sticky":false,"template":"","format":"standard","meta":{"_et_pb_use_builder":"on","_et_pb_old_content":"<!-- wp:paragraph -->\n<p>Ce protocole a \u00e9t\u00e9 \u00e9labor\u00e9 par les enseignantes et enseignants du LPO Moulin Joli, r\u00e9unis en groupes disciplinaires et interdisciplinaires, pour pr\u00e9ciser la fa\u00e7on dont les \u00e9l\u00e8ves seront \u00e9valu\u00e9s durant le cycle terminal g\u00e9n\u00e9ral et technologique (classes de premi\u00e8re et de terminale). Ce projet collectif d\u2019\u00e9valuation, d\u00e9battu en conseil p\u00e9dagogique et arr\u00eat\u00e9 le 22 novembre 2021, s\u2019inscrit dans le cadre r\u00e8glementaire fix\u00e9 au niveau national. Il a pour but de rendre visible et explicite la r\u00e9flexion de l\u2019\u00e9quipe enseignante sur l\u2019acte p\u00e9dagogique de l\u2019\u00e9valuation. Il permet notamment d\u2019en partager les principes avec les \u00e9l\u00e8ves et leurs familles.<\/p>\n<!-- \/wp:paragraph -->\n\n<!-- wp:paragraph -->\n<p>Ce projet d'\u00e9valuation est pr\u00e9sent\u00e9 en CVL, au Conseil d\u2019administration (26\/11\/2021) et rendu public. Il est r\u00e9visable tous les ans.<\/p>\n<!-- \/wp:paragraph -->\n\n<!-- wp:pdfemb\/pdf-embedder-viewer {\"pdfID\":4065,\"url\":\"https:\/\/etab.ac-reunion.fr\/lyc-moulin-joli\/wp-content\/uploads\/sites\/31\/2021\/12\/protocole-devaluation2021-2022_diaporama-LYCEE-MJ-.pdf\"} -->\n<p class=\"wp-block-pdfemb-pdf-embedder-viewer\"><\/p>\n<!-- \/wp:pdfemb\/pdf-embedder-viewer -->\n\n<!-- wp:paragraph -->\n<p><\/p>\n<!-- \/wp:paragraph -->\n\n<!-- wp:file {\"id\":4065,\"href\":\"https:\/\/etab.ac-reunion.fr\/lyc-moulin-joli\/wp-content\/uploads\/sites\/31\/2021\/12\/protocole-devaluation2021-2022_diaporama-LYCEE-MJ-.pdf\",\"displayPreview\":true} -->\n<div class=\"wp-block-file\"><a href=\"https:\/\/etab.ac-reunion.fr\/lyc-moulin-joli\/wp-content\/uploads\/sites\/31\/2021\/12\/protocole-devaluation2021-2022_diaporama-LYCEE-MJ-.pdf\">protocole-devaluation2021-2022_diaporama-LYCEE-MJ-<\/a><a href=\"https:\/\/etab.ac-reunion.fr\/lyc-moulin-joli\/wp-content\/uploads\/sites\/31\/2021\/12\/protocole-devaluation2021-2022_diaporama-LYCEE-MJ-.pdf\" class=\"wp-block-file__button\" download>T\u00e9l\u00e9charger<\/a><\/div>\n<!-- \/wp:file -->","_et_gb_content_width":"1080","footnotes":"","_links_to":"","_links_to_target":""},"categories":[21,12],"tags":[],"class_list":["post-5018","post","type-post","status-publish","format-standard","has-post-thumbnail","hentry","category-international","category-sep"],"_links":{"self":[{"href":"https:\/\/etab.ac-reunion.fr\/lyc-moulin-joli\/wp-json\/wp\/v2\/posts\/5018","targetHints":{"allow":["GET"]}}],"collection":[{"href":"https:\/\/etab.ac-reunion.fr\/lyc-moulin-joli\/wp-json\/wp\/v2\/posts"}],"about":[{"href":"https:\/\/etab.ac-reunion.fr\/lyc-moulin-joli\/wp-json\/wp\/v2\/types\/post"}],"author":[{"embeddable":true,"href":"https:\/\/etab.ac-reunion.fr\/lyc-moulin-joli\/wp-json\/wp\/v2\/users\/4440"}],"replies":[{"embeddable":true,"href":"https:\/\/etab.ac-reunion.fr\/lyc-moulin-joli\/wp-json\/wp\/v2\/comments?post=5018"}],"version-history":[{"count":2,"href":"https:\/\/etab.ac-reunion.fr\/lyc-moulin-joli\/wp-json\/wp\/v2\/posts\/5018\/revisions"}],"predecessor-version":[{"id":5250,"href":"https:\/\/etab.ac-reunion.fr\/lyc-moulin-joli\/wp-json\/wp\/v2\/posts\/5018\/revisions\/5250"}],"wp:featuredmedia":[{"embeddable":true,"href":"https:\/\/etab.ac-reunion.fr\/lyc-moulin-joli\/wp-json\/wp\/v2\/media\/5019"}],"wp:attachment":[{"href":"https:\/\/etab.ac-reunion.fr\/lyc-moulin-joli\/wp-json\/wp\/v2\/media?parent=5018"}],"wp:term":[{"taxonomy":"category","embeddable":true,"href":"https:\/\/etab.ac-reunion.fr\/lyc-moulin-joli\/wp-json\/wp\/v2\/categories?post=5018"},{"taxonomy":"post_tag","embeddable":true,"href":"https:\/\/etab.ac-reunion.fr\/lyc-moulin-joli\/wp-json\/wp\/v2\/tags?post=5018"}],"curies":[{"name":"wp","href":"https:\/\/api.w.org\/{rel}","templated":true}]}}