{"id":5598,"date":"2023-11-16T19:38:03","date_gmt":"2023-11-16T15:38:03","guid":{"rendered":"https:\/\/etab.ac-reunion.fr\/lyc-moulin-joli\/?p=5598"},"modified":"2023-11-20T15:36:01","modified_gmt":"2023-11-20T11:36:01","slug":"cru-2023-pour-lexcellence-economique-pour-nos-lyceens-de-stmg","status":"publish","type":"post","link":"https:\/\/etab.ac-reunion.fr\/lyc-moulin-joli\/2023\/11\/16\/cru-2023-pour-lexcellence-economique-pour-nos-lyceens-de-stmg\/","title":{"rendered":"CRU 2023 pour l\u2019excellence \u00e9conomique pour nos lyc\u00e9ens de STMG"},"content":{"rendered":"[et_pb_section fb_built=\u00a0\u00bb1&Prime; _builder_version=\u00a0\u00bb4.16&Prime; custom_padding=\u00a0\u00bb35px|||||\u00a0\u00bb da_disable_devices=\u00a0\u00bboff|off|off\u00a0\u00bb global_colors_info=\u00a0\u00bb{}\u00a0\u00bb da_is_popup=\u00a0\u00bboff\u00a0\u00bb da_exit_intent=\u00a0\u00bboff\u00a0\u00bb da_has_close=\u00a0\u00bbon\u00a0\u00bb da_alt_close=\u00a0\u00bboff\u00a0\u00bb da_dark_close=\u00a0\u00bboff\u00a0\u00bb da_not_modal=\u00a0\u00bbon\u00a0\u00bb da_is_singular=\u00a0\u00bboff\u00a0\u00bb da_with_loader=\u00a0\u00bboff\u00a0\u00bb da_has_shadow=\u00a0\u00bbon\u00a0\u00bb][et_pb_row column_structure=\u00a0\u00bb1_2,1_2&Prime; _builder_version=\u00a0\u00bb4.19.5&Prime; _module_preset=\u00a0\u00bbdefault\u00a0\u00bb global_colors_info=\u00a0\u00bb{}\u00a0\u00bb][et_pb_column type=\u00a0\u00bb1_2&Prime; _builder_version=\u00a0\u00bb4.19.5&Prime; _module_preset=\u00a0\u00bbdefault\u00a0\u00bb global_colors_info=\u00a0\u00bb{}\u00a0\u00bb][et_pb_text _builder_version=\u00a0\u00bb4.23.1&Prime; background_size=\u00a0\u00bbinitial\u00a0\u00bb background_position=\u00a0\u00bbtop_left\u00a0\u00bb background_repeat=\u00a0\u00bbrepeat\u00a0\u00bb custom_padding=\u00a0\u00bb||0px|||\u00a0\u00bb global_colors_info=\u00a0\u00bb{}\u00a0\u00bb]\n<p>42 lyc\u00e9ens ont planch\u00e9 durant 4 heures aujourd\u2019hui. Souhaitons que ce premier exercice de composition les pr\u00e9pare \u00e0 l\u2019\u00e9preuve du baccalaur\u00e9at et que nous ayons des laur\u00e9ats comme notre lyc\u00e9enne de l\u2019an dernier Nolwenn Bauchet.<\/p>\n<p>Bravo \u00e0 ceux qui ont fourni le meilleur de leurs connaissances.<\/p>\n[\/et_pb_text][\/et_pb_column][et_pb_column type=\u00a0\u00bb1_2&Prime; _builder_version=\u00a0\u00bb4.19.5&Prime; _module_preset=\u00a0\u00bbdefault\u00a0\u00bb global_colors_info=\u00a0\u00bb{}\u00a0\u00bb][\/et_pb_column][\/et_pb_row][\/et_pb_section]\n","protected":false},"excerpt":{"rendered":"<p>42 lyc\u00e9ens ont planch\u00e9 durant 4 heures aujourd\u2019hui. Souhaitons que ce premier exercice de composition les pr\u00e9pare \u00e0 l\u2019\u00e9preuve du baccalaur\u00e9at et que nous ayons des laur\u00e9ats comme notre lyc\u00e9enne de l\u2019an dernier Nolwenn Bauchet. Bravo \u00e0 ceux qui ont fourni le meilleur de leurs connaissances.<\/p>\n","protected":false},"author":4440,"featured_media":5600,"comment_status":"closed","ping_status":"closed","sticky":false,"template":"","format":"standard","meta":{"_et_pb_use_builder":"on","_et_pb_old_content":"<!-- wp:paragraph -->\n<p>Ce protocole a \u00e9t\u00e9 \u00e9labor\u00e9 par les enseignantes et enseignants du LPO Moulin Joli, r\u00e9unis en groupes disciplinaires et interdisciplinaires, pour pr\u00e9ciser la fa\u00e7on dont les \u00e9l\u00e8ves seront \u00e9valu\u00e9s durant le cycle terminal g\u00e9n\u00e9ral et technologique (classes de premi\u00e8re et de terminale). Ce projet collectif d\u2019\u00e9valuation, d\u00e9battu en conseil p\u00e9dagogique et arr\u00eat\u00e9 le 22 novembre 2021, s\u2019inscrit dans le cadre r\u00e8glementaire fix\u00e9 au niveau national. Il a pour but de rendre visible et explicite la r\u00e9flexion de l\u2019\u00e9quipe enseignante sur l\u2019acte p\u00e9dagogique de l\u2019\u00e9valuation. Il permet notamment d\u2019en partager les principes avec les \u00e9l\u00e8ves et leurs familles.<\/p>\n<!-- \/wp:paragraph -->\n\n<!-- wp:paragraph -->\n<p>Ce projet d'\u00e9valuation est pr\u00e9sent\u00e9 en CVL, au Conseil d\u2019administration (26\/11\/2021) et rendu public. Il est r\u00e9visable tous les ans.<\/p>\n<!-- \/wp:paragraph -->\n\n<!-- wp:pdfemb\/pdf-embedder-viewer {\"pdfID\":4065,\"url\":\"https:\/\/etab.ac-reunion.fr\/lyc-moulin-joli\/wp-content\/uploads\/sites\/31\/2021\/12\/protocole-devaluation2021-2022_diaporama-LYCEE-MJ-.pdf\"} -->\n<p class=\"wp-block-pdfemb-pdf-embedder-viewer\"><\/p>\n<!-- \/wp:pdfemb\/pdf-embedder-viewer -->\n\n<!-- wp:paragraph -->\n<p><\/p>\n<!-- \/wp:paragraph -->\n\n<!-- wp:file {\"id\":4065,\"href\":\"https:\/\/etab.ac-reunion.fr\/lyc-moulin-joli\/wp-content\/uploads\/sites\/31\/2021\/12\/protocole-devaluation2021-2022_diaporama-LYCEE-MJ-.pdf\",\"displayPreview\":true} -->\n<div class=\"wp-block-file\"><a href=\"https:\/\/etab.ac-reunion.fr\/lyc-moulin-joli\/wp-content\/uploads\/sites\/31\/2021\/12\/protocole-devaluation2021-2022_diaporama-LYCEE-MJ-.pdf\">protocole-devaluation2021-2022_diaporama-LYCEE-MJ-<\/a><a href=\"https:\/\/etab.ac-reunion.fr\/lyc-moulin-joli\/wp-content\/uploads\/sites\/31\/2021\/12\/protocole-devaluation2021-2022_diaporama-LYCEE-MJ-.pdf\" class=\"wp-block-file__button\" download>T\u00e9l\u00e9charger<\/a><\/div>\n<!-- \/wp:file -->","_et_gb_content_width":"1080","footnotes":"","_links_to":"","_links_to_target":""},"categories":[17,23],"tags":[],"class_list":["post-5598","post","type-post","status-publish","format-standard","has-post-thumbnail","hentry","category-viepeda","category-enseignement-technologique"],"_links":{"self":[{"href":"https:\/\/etab.ac-reunion.fr\/lyc-moulin-joli\/wp-json\/wp\/v2\/posts\/5598","targetHints":{"allow":["GET"]}}],"collection":[{"href":"https:\/\/etab.ac-reunion.fr\/lyc-moulin-joli\/wp-json\/wp\/v2\/posts"}],"about":[{"href":"https:\/\/etab.ac-reunion.fr\/lyc-moulin-joli\/wp-json\/wp\/v2\/types\/post"}],"author":[{"embeddable":true,"href":"https:\/\/etab.ac-reunion.fr\/lyc-moulin-joli\/wp-json\/wp\/v2\/users\/4440"}],"replies":[{"embeddable":true,"href":"https:\/\/etab.ac-reunion.fr\/lyc-moulin-joli\/wp-json\/wp\/v2\/comments?post=5598"}],"version-history":[{"count":3,"href":"https:\/\/etab.ac-reunion.fr\/lyc-moulin-joli\/wp-json\/wp\/v2\/posts\/5598\/revisions"}],"predecessor-version":[{"id":5615,"href":"https:\/\/etab.ac-reunion.fr\/lyc-moulin-joli\/wp-json\/wp\/v2\/posts\/5598\/revisions\/5615"}],"wp:featuredmedia":[{"embeddable":true,"href":"https:\/\/etab.ac-reunion.fr\/lyc-moulin-joli\/wp-json\/wp\/v2\/media\/5600"}],"wp:attachment":[{"href":"https:\/\/etab.ac-reunion.fr\/lyc-moulin-joli\/wp-json\/wp\/v2\/media?parent=5598"}],"wp:term":[{"taxonomy":"category","embeddable":true,"href":"https:\/\/etab.ac-reunion.fr\/lyc-moulin-joli\/wp-json\/wp\/v2\/categories?post=5598"},{"taxonomy":"post_tag","embeddable":true,"href":"https:\/\/etab.ac-reunion.fr\/lyc-moulin-joli\/wp-json\/wp\/v2\/tags?post=5598"}],"curies":[{"name":"wp","href":"https:\/\/api.w.org\/{rel}","templated":true}]}}