{"id":2169,"date":"2020-09-08T09:28:57","date_gmt":"2020-09-08T08:28:57","guid":{"rendered":"http:\/\/lycee-paul-langevin.ac-reunion.fr\/?p=2169"},"modified":"2020-09-08T09:28:57","modified_gmt":"2020-09-08T08:28:57","slug":"note-aux-parents","status":"publish","type":"post","link":"https:\/\/etab.ac-reunion.fr\/lyc-paul-langevin\/note-aux-parents\/","title":{"rendered":"Note aux parents"},"content":{"rendered":"<p>Mesdames, messieurs,<\/p>\n<p>&nbsp;<\/p>\n<p>Dans notre contexte sanitaire actuel, le lyc\u00e9e Paul LANGEVIN est \u00a0fortement mobilis\u00e9 pour assurer aux \u00e9l\u00e8ves les meilleures conditions d\u2019accueil possibles.<\/p>\n<p>La crise sanitaire que traverse actuellement notre d\u00e9partement nous incite\u00a0 \u00e0 une vigilance renforc\u00e9e\u00a0 pour garantir aux lyc\u00e9ens un environnement de travail s\u00e9curis\u00e9.<\/p>\n<p>Comme chaque \u00e9tablissement, en cas d\u2019une situation de covid-19 av\u00e9r\u00e9e, nos personnels mettent en \u0153uvre scrupuleusement le protocole actuellement en vigueur pour assurer une prise en charge appropri\u00e9e et\u00a0 un accompagnement\u00a0 sp\u00e9cifique afin de garantir \u00e0 tous une s\u00e9curit\u00e9 sanitaire maximale.<\/p>\n<p>Dans ces circonstances particuli\u00e8res, l\u2019\u00e9cole demeure encore par excellence le meilleur endroit pour l\u2019\u00e9ducation, l\u2019information et la \u00a0formation aux gestes barri\u00e8res pour combattre \u00a0efficacement ensemble cette \u00e9pid\u00e9mie.<\/p>\n<p>A l\u2019\u00e9cole de la confiance, soyez assur\u00e9 de notre bienveillance. La r\u00e9ussite des \u00e9l\u00e8ves est notre pr\u00e9occupation majeure. Cela n\u00e9cessite la pr\u00e9sence des \u00e9l\u00e8ves au lyc\u00e9e et l\u2019engagement des parents \u00e0 nos c\u00f4t\u00e9s.<\/p>\n<p>Bien cordialement<\/p>\n<p>La direction<\/p>\n","protected":false},"excerpt":{"rendered":"<p>Mesdames, messieurs, &nbsp; Dans notre contexte sanitaire actuel, le lyc\u00e9e Paul LANGEVIN est \u00a0fortement mobilis\u00e9 pour assurer aux \u00e9l\u00e8ves les meilleures conditions d\u2019accueil possibles. La crise sanitaire que traverse actuellement notre d\u00e9partement nous incite\u00a0 \u00e0 une vigilance renforc\u00e9e\u00a0 pour garantir aux lyc\u00e9ens un environnement de travail s\u00e9curis\u00e9. Comme chaque \u00e9tablissement,\u2026<\/p>\n<p class=\"continue-reading-button\"> <a class=\"continue-reading-link\" href=\"https:\/\/etab.ac-reunion.fr\/lyc-paul-langevin\/note-aux-parents\/\">Lire la suite&#8230;<i class=\"crycon-right-dir\"><\/i><\/a><\/p>\n","protected":false},"author":15433,"featured_media":0,"comment_status":"closed","ping_status":"closed","sticky":false,"template":"","format":"standard","meta":{"footnotes":""},"categories":[26],"tags":[],"class_list":["post-2169","post","type-post","status-publish","format-standard","hentry","category-actualites"],"_links":{"self":[{"href":"https:\/\/etab.ac-reunion.fr\/lyc-paul-langevin\/wp-json\/wp\/v2\/posts\/2169","targetHints":{"allow":["GET"]}}],"collection":[{"href":"https:\/\/etab.ac-reunion.fr\/lyc-paul-langevin\/wp-json\/wp\/v2\/posts"}],"about":[{"href":"https:\/\/etab.ac-reunion.fr\/lyc-paul-langevin\/wp-json\/wp\/v2\/types\/post"}],"author":[{"embeddable":true,"href":"https:\/\/etab.ac-reunion.fr\/lyc-paul-langevin\/wp-json\/wp\/v2\/users\/15433"}],"replies":[{"embeddable":true,"href":"https:\/\/etab.ac-reunion.fr\/lyc-paul-langevin\/wp-json\/wp\/v2\/comments?post=2169"}],"version-history":[{"count":1,"href":"https:\/\/etab.ac-reunion.fr\/lyc-paul-langevin\/wp-json\/wp\/v2\/posts\/2169\/revisions"}],"predecessor-version":[{"id":2170,"href":"https:\/\/etab.ac-reunion.fr\/lyc-paul-langevin\/wp-json\/wp\/v2\/posts\/2169\/revisions\/2170"}],"wp:attachment":[{"href":"https:\/\/etab.ac-reunion.fr\/lyc-paul-langevin\/wp-json\/wp\/v2\/media?parent=2169"}],"wp:term":[{"taxonomy":"category","embeddable":true,"href":"https:\/\/etab.ac-reunion.fr\/lyc-paul-langevin\/wp-json\/wp\/v2\/categories?post=2169"},{"taxonomy":"post_tag","embeddable":true,"href":"https:\/\/etab.ac-reunion.fr\/lyc-paul-langevin\/wp-json\/wp\/v2\/tags?post=2169"}],"curies":[{"name":"wp","href":"https:\/\/api.w.org\/{rel}","templated":true}]}}