{"id":3949,"date":"2025-10-09T05:41:46","date_gmt":"2025-10-09T04:41:46","guid":{"rendered":"https:\/\/etab.ac-reunion.fr\/lyc-paul-langevin\/?p=3949"},"modified":"2025-10-09T05:41:46","modified_gmt":"2025-10-09T04:41:46","slug":"chanson-de-presentation-du-bts-ccst","status":"publish","type":"post","link":"https:\/\/etab.ac-reunion.fr\/lyc-paul-langevin\/chanson-de-presentation-du-bts-ccst\/","title":{"rendered":"Chanson  de pr\u00e9sentation du BTS CCST"},"content":{"rendered":"<p>Pour c\u00e9l\u00e9brer l\u2019ouverture du BTS Conseil et Commercialisation de Solutions Techniques (CCST), l\u2019\u00e9quipe p\u00e9dagogique du Lyc\u00e9e Paul Langevin de Saint-Joseph vous pr\u00e9sentent une cr\u00e9ation originale.<\/p>\n<p>Cette chanson met en avant toute l\u2019\u00e9quipe enseignante, r\u00e9unie autour d\u2019un m\u00eame d\u00e9fi : accompagner les jeunes vers la r\u00e9ussite et l\u2019avenir.<\/p>\n<p>Paroles r\u00e9dig\u00e9es par l\u2019humain et mise en musique g\u00e9n\u00e9r\u00e9e par une intelligence artificielle, dans une ambiance qui rappelle les belles sonorit\u00e9s traditionnelles de notre \u00eele.<\/p>\n<p>Bonne \u00e9coute \u00e0 toutes et \u00e0 tous !!!<\/p>\n<audio class=\"wp-audio-shortcode\" id=\"audio-3949-1\" preload=\"none\" style=\"width: 100%;\" controls=\"controls\"><source type=\"audio\/mpeg\" src=\"https:\/\/etab.ac-reunion.fr\/lyc-paul-langevin\/wp-content\/uploads\/sites\/140\/2025\/10\/BTS-CCST-CHANSON-2025.mp3?_=1\" \/><a href=\"https:\/\/etab.ac-reunion.fr\/lyc-paul-langevin\/wp-content\/uploads\/sites\/140\/2025\/10\/BTS-CCST-CHANSON-2025.mp3\">https:\/\/etab.ac-reunion.fr\/lyc-paul-langevin\/wp-content\/uploads\/sites\/140\/2025\/10\/BTS-CCST-CHANSON-2025.mp3<\/a><\/audio>\n","protected":false},"excerpt":{"rendered":"<p>Pour c\u00e9l\u00e9brer l\u2019ouverture du BTS Conseil et Commercialisation de Solutions Techniques (CCST), l\u2019\u00e9quipe p\u00e9dagogique du Lyc\u00e9e Paul Langevin de Saint-Joseph vous pr\u00e9sentent une cr\u00e9ation originale. Cette chanson met en avant toute l\u2019\u00e9quipe enseignante, r\u00e9unie autour d\u2019un m\u00eame d\u00e9fi : accompagner les jeunes vers la r\u00e9ussite et l\u2019avenir. Paroles r\u00e9dig\u00e9es par\u2026<\/p>\n<p class=\"continue-reading-button\"> <a class=\"continue-reading-link\" href=\"https:\/\/etab.ac-reunion.fr\/lyc-paul-langevin\/chanson-de-presentation-du-bts-ccst\/\">Lire la suite&#8230;<i class=\"crycon-right-dir\"><\/i><\/a><\/p>\n","protected":false},"author":15433,"featured_media":0,"comment_status":"closed","ping_status":"closed","sticky":false,"template":"","format":"standard","meta":{"footnotes":""},"categories":[26],"tags":[],"class_list":["post-3949","post","type-post","status-publish","format-standard","hentry","category-actualites"],"_links":{"self":[{"href":"https:\/\/etab.ac-reunion.fr\/lyc-paul-langevin\/wp-json\/wp\/v2\/posts\/3949","targetHints":{"allow":["GET"]}}],"collection":[{"href":"https:\/\/etab.ac-reunion.fr\/lyc-paul-langevin\/wp-json\/wp\/v2\/posts"}],"about":[{"href":"https:\/\/etab.ac-reunion.fr\/lyc-paul-langevin\/wp-json\/wp\/v2\/types\/post"}],"author":[{"embeddable":true,"href":"https:\/\/etab.ac-reunion.fr\/lyc-paul-langevin\/wp-json\/wp\/v2\/users\/15433"}],"replies":[{"embeddable":true,"href":"https:\/\/etab.ac-reunion.fr\/lyc-paul-langevin\/wp-json\/wp\/v2\/comments?post=3949"}],"version-history":[{"count":2,"href":"https:\/\/etab.ac-reunion.fr\/lyc-paul-langevin\/wp-json\/wp\/v2\/posts\/3949\/revisions"}],"predecessor-version":[{"id":3955,"href":"https:\/\/etab.ac-reunion.fr\/lyc-paul-langevin\/wp-json\/wp\/v2\/posts\/3949\/revisions\/3955"}],"wp:attachment":[{"href":"https:\/\/etab.ac-reunion.fr\/lyc-paul-langevin\/wp-json\/wp\/v2\/media?parent=3949"}],"wp:term":[{"taxonomy":"category","embeddable":true,"href":"https:\/\/etab.ac-reunion.fr\/lyc-paul-langevin\/wp-json\/wp\/v2\/categories?post=3949"},{"taxonomy":"post_tag","embeddable":true,"href":"https:\/\/etab.ac-reunion.fr\/lyc-paul-langevin\/wp-json\/wp\/v2\/tags?post=3949"}],"curies":[{"name":"wp","href":"https:\/\/api.w.org\/{rel}","templated":true}]}}