{"id":3971,"date":"2025-11-06T13:48:05","date_gmt":"2025-11-06T12:48:05","guid":{"rendered":"https:\/\/etab.ac-reunion.fr\/lyc-paul-langevin\/?p=3971"},"modified":"2025-11-13T13:46:04","modified_gmt":"2025-11-13T12:46:04","slug":"journee-nationale-contre-le-harcelement-2025","status":"publish","type":"post","link":"https:\/\/etab.ac-reunion.fr\/lyc-paul-langevin\/journee-nationale-contre-le-harcelement-2025\/","title":{"rendered":"Journ\u00e9e nationale contre le harcelement 2025"},"content":{"rendered":"<p>Le Jeudi 06 Novembre, le lyc\u00e9e Paul LANGEVIN\u00a0 s&rsquo;est habill\u00e9 de vert pour montrer son soutien et dire <strong>NON AU HARCELEMENT.\u00a0<\/strong><\/p>\n<p>Chaque ann\u00e9e de milliers de jeunes et adultes en sont victimes dans la rue, \u00e0 l&rsquo;\u00e9cole, au travail.\u00a0Qu&rsquo;il soit verbal, physique,moral ou en ligne, nous devons dire <strong>STOP<\/strong> \u00e0 ces actes.<\/p>\n<p>&nbsp;<\/p>\n<p>Parce qu&rsquo;il est important d&rsquo;en parler et que la pr\u00e9vention est n\u00e9cessaire, l &lsquo;\u00e9quipe pHARe du lyc\u00e9e (CPE, Infirmi\u00e8re, PSYEN, Assistante Sociale, professeurs volontaires et \u00e9l\u00e8ves ambassadeurs) a organis\u00e9 une journ\u00e9e de sensibilisation.<\/p>\n<p>A travers les diff\u00e9rentes actions et ateliers (distribution de ruban vert, affiches, banderole, vid\u00e9os, photos, parchemin de l&rsquo;amiti\u00e9, chansons, po\u00e8mes&#8230;), nous avons mis en avant le respect, la solidarit\u00e9 et la bienveillance.<\/p>\n<p>Vous trouverez en fin de page, des photos de cette journ\u00e9e ainsi que deux chansons r\u00e9alis\u00e9es par des \u00e9l\u00e8ves internes et la classe 1BTS CCST.<\/p>\n<p>Qu&rsquo;on soit \u00e9l\u00e8ve, enseignant, personnel ou parent, chaque mot ou geste compte.Ensemble, on est plus fort.<\/p>\n<p><strong>Au Lyc\u00e9e Paul Langevin, on tend la main pas le poing.<\/strong><\/p>\n<p>&nbsp;<\/p>\n<p>Merci \u00e0 toutes et \u00e0 tous pour votre engagement.<\/p>\n<p>Mme Jessica FOS<\/p>\n<p>CPE LP PAUL LANGEVIN<\/p>\n<p>Membre de l&rsquo;Equipe pHARe<\/p>\n<p><img loading=\"lazy\" decoding=\"async\" class=\"alignnone size-full wp-image-3972\" src=\"https:\/\/etab.ac-reunion.fr\/lyc-paul-langevin\/wp-content\/uploads\/sites\/140\/2025\/11\/20251106_130541-scaled.jpg\" alt=\"\" width=\"2089\" height=\"2560\" srcset=\"https:\/\/etab.ac-reunion.fr\/lyc-paul-langevin\/wp-content\/uploads\/sites\/140\/2025\/11\/20251106_130541-scaled.jpg 2089w, https:\/\/etab.ac-reunion.fr\/lyc-paul-langevin\/wp-content\/uploads\/sites\/140\/2025\/11\/20251106_130541-245x300.jpg 245w, https:\/\/etab.ac-reunion.fr\/lyc-paul-langevin\/wp-content\/uploads\/sites\/140\/2025\/11\/20251106_130541-836x1024.jpg 836w, https:\/\/etab.ac-reunion.fr\/lyc-paul-langevin\/wp-content\/uploads\/sites\/140\/2025\/11\/20251106_130541-1254x1536.jpg 1254w, https:\/\/etab.ac-reunion.fr\/lyc-paul-langevin\/wp-content\/uploads\/sites\/140\/2025\/11\/20251106_130541-1671x2048.jpg 1671w, https:\/\/etab.ac-reunion.fr\/lyc-paul-langevin\/wp-content\/uploads\/sites\/140\/2025\/11\/20251106_130541-122x150.jpg 122w\" sizes=\"auto, (max-width: 2089px) 100vw, 2089px\" \/> <img loading=\"lazy\" decoding=\"async\" class=\"alignnone size-full wp-image-3973\" src=\"https:\/\/etab.ac-reunion.fr\/lyc-paul-langevin\/wp-content\/uploads\/sites\/140\/2025\/11\/20251106_130709-scaled.jpg\" alt=\"\" width=\"2560\" height=\"2319\" srcset=\"https:\/\/etab.ac-reunion.fr\/lyc-paul-langevin\/wp-content\/uploads\/sites\/140\/2025\/11\/20251106_130709-scaled.jpg 2560w, https:\/\/etab.ac-reunion.fr\/lyc-paul-langevin\/wp-content\/uploads\/sites\/140\/2025\/11\/20251106_130709-300x272.jpg 300w, https:\/\/etab.ac-reunion.fr\/lyc-paul-langevin\/wp-content\/uploads\/sites\/140\/2025\/11\/20251106_130709-1024x928.jpg 1024w, https:\/\/etab.ac-reunion.fr\/lyc-paul-langevin\/wp-content\/uploads\/sites\/140\/2025\/11\/20251106_130709-1536x1391.jpg 1536w, https:\/\/etab.ac-reunion.fr\/lyc-paul-langevin\/wp-content\/uploads\/sites\/140\/2025\/11\/20251106_130709-2048x1855.jpg 2048w, https:\/\/etab.ac-reunion.fr\/lyc-paul-langevin\/wp-content\/uploads\/sites\/140\/2025\/11\/20251106_130709-150x136.jpg 150w\" sizes=\"auto, (max-width: 2560px) 100vw, 2560px\" \/> <img loading=\"lazy\" decoding=\"async\" class=\"alignnone size-full wp-image-3974\" src=\"https:\/\/etab.ac-reunion.fr\/lyc-paul-langevin\/wp-content\/uploads\/sites\/140\/2025\/11\/20251106_130718-scaled.jpg\" alt=\"\" width=\"1920\" height=\"2560\" srcset=\"https:\/\/etab.ac-reunion.fr\/lyc-paul-langevin\/wp-content\/uploads\/sites\/140\/2025\/11\/20251106_130718-scaled.jpg 1920w, https:\/\/etab.ac-reunion.fr\/lyc-paul-langevin\/wp-content\/uploads\/sites\/140\/2025\/11\/20251106_130718-225x300.jpg 225w, https:\/\/etab.ac-reunion.fr\/lyc-paul-langevin\/wp-content\/uploads\/sites\/140\/2025\/11\/20251106_130718-768x1024.jpg 768w, https:\/\/etab.ac-reunion.fr\/lyc-paul-langevin\/wp-content\/uploads\/sites\/140\/2025\/11\/20251106_130718-1152x1536.jpg 1152w, https:\/\/etab.ac-reunion.fr\/lyc-paul-langevin\/wp-content\/uploads\/sites\/140\/2025\/11\/20251106_130718-1536x2048.jpg 1536w, https:\/\/etab.ac-reunion.fr\/lyc-paul-langevin\/wp-content\/uploads\/sites\/140\/2025\/11\/20251106_130718-113x150.jpg 113w\" sizes=\"auto, (max-width: 1920px) 100vw, 1920px\" \/> <img loading=\"lazy\" decoding=\"async\" class=\"alignnone size-full wp-image-3975\" src=\"https:\/\/etab.ac-reunion.fr\/lyc-paul-langevin\/wp-content\/uploads\/sites\/140\/2025\/11\/20251106_130732-scaled.jpg\" alt=\"\" width=\"2560\" height=\"2071\" srcset=\"https:\/\/etab.ac-reunion.fr\/lyc-paul-langevin\/wp-content\/uploads\/sites\/140\/2025\/11\/20251106_130732-scaled.jpg 2560w, https:\/\/etab.ac-reunion.fr\/lyc-paul-langevin\/wp-content\/uploads\/sites\/140\/2025\/11\/20251106_130732-300x243.jpg 300w, https:\/\/etab.ac-reunion.fr\/lyc-paul-langevin\/wp-content\/uploads\/sites\/140\/2025\/11\/20251106_130732-1024x828.jpg 1024w, https:\/\/etab.ac-reunion.fr\/lyc-paul-langevin\/wp-content\/uploads\/sites\/140\/2025\/11\/20251106_130732-1536x1242.jpg 1536w, https:\/\/etab.ac-reunion.fr\/lyc-paul-langevin\/wp-content\/uploads\/sites\/140\/2025\/11\/20251106_130732-2048x1657.jpg 2048w, https:\/\/etab.ac-reunion.fr\/lyc-paul-langevin\/wp-content\/uploads\/sites\/140\/2025\/11\/20251106_130732-150x121.jpg 150w\" sizes=\"auto, (max-width: 2560px) 100vw, 2560px\" \/> <img loading=\"lazy\" decoding=\"async\" class=\"alignnone size-full wp-image-3976\" src=\"https:\/\/etab.ac-reunion.fr\/lyc-paul-langevin\/wp-content\/uploads\/sites\/140\/2025\/11\/20251106_130740-scaled.jpg\" alt=\"\" width=\"2076\" height=\"2560\" srcset=\"https:\/\/etab.ac-reunion.fr\/lyc-paul-langevin\/wp-content\/uploads\/sites\/140\/2025\/11\/20251106_130740-scaled.jpg 2076w, https:\/\/etab.ac-reunion.fr\/lyc-paul-langevin\/wp-content\/uploads\/sites\/140\/2025\/11\/20251106_130740-243x300.jpg 243w, https:\/\/etab.ac-reunion.fr\/lyc-paul-langevin\/wp-content\/uploads\/sites\/140\/2025\/11\/20251106_130740-830x1024.jpg 830w, https:\/\/etab.ac-reunion.fr\/lyc-paul-langevin\/wp-content\/uploads\/sites\/140\/2025\/11\/20251106_130740-1245x1536.jpg 1245w, https:\/\/etab.ac-reunion.fr\/lyc-paul-langevin\/wp-content\/uploads\/sites\/140\/2025\/11\/20251106_130740-1661x2048.jpg 1661w, https:\/\/etab.ac-reunion.fr\/lyc-paul-langevin\/wp-content\/uploads\/sites\/140\/2025\/11\/20251106_130740-122x150.jpg 122w\" sizes=\"auto, (max-width: 2076px) 100vw, 2076px\" \/> <img loading=\"lazy\" decoding=\"async\" class=\"alignnone size-full wp-image-3977\" src=\"https:\/\/etab.ac-reunion.fr\/lyc-paul-langevin\/wp-content\/uploads\/sites\/140\/2025\/11\/20251106_130849-scaled.jpg\" alt=\"\" width=\"2068\" height=\"2560\" srcset=\"https:\/\/etab.ac-reunion.fr\/lyc-paul-langevin\/wp-content\/uploads\/sites\/140\/2025\/11\/20251106_130849-scaled.jpg 2068w, https:\/\/etab.ac-reunion.fr\/lyc-paul-langevin\/wp-content\/uploads\/sites\/140\/2025\/11\/20251106_130849-242x300.jpg 242w, https:\/\/etab.ac-reunion.fr\/lyc-paul-langevin\/wp-content\/uploads\/sites\/140\/2025\/11\/20251106_130849-827x1024.jpg 827w, https:\/\/etab.ac-reunion.fr\/lyc-paul-langevin\/wp-content\/uploads\/sites\/140\/2025\/11\/20251106_130849-1241x1536.jpg 1241w, https:\/\/etab.ac-reunion.fr\/lyc-paul-langevin\/wp-content\/uploads\/sites\/140\/2025\/11\/20251106_130849-1655x2048.jpg 1655w, https:\/\/etab.ac-reunion.fr\/lyc-paul-langevin\/wp-content\/uploads\/sites\/140\/2025\/11\/20251106_130849-121x150.jpg 121w\" sizes=\"auto, (max-width: 2068px) 100vw, 2068px\" \/> <img loading=\"lazy\" decoding=\"async\" class=\"alignnone size-full wp-image-3978\" src=\"https:\/\/etab.ac-reunion.fr\/lyc-paul-langevin\/wp-content\/uploads\/sites\/140\/2025\/11\/20251106_130853-scaled.jpg\" alt=\"\" width=\"2056\" height=\"2560\" srcset=\"https:\/\/etab.ac-reunion.fr\/lyc-paul-langevin\/wp-content\/uploads\/sites\/140\/2025\/11\/20251106_130853-scaled.jpg 2056w, https:\/\/etab.ac-reunion.fr\/lyc-paul-langevin\/wp-content\/uploads\/sites\/140\/2025\/11\/20251106_130853-241x300.jpg 241w, https:\/\/etab.ac-reunion.fr\/lyc-paul-langevin\/wp-content\/uploads\/sites\/140\/2025\/11\/20251106_130853-822x1024.jpg 822w, https:\/\/etab.ac-reunion.fr\/lyc-paul-langevin\/wp-content\/uploads\/sites\/140\/2025\/11\/20251106_130853-1234x1536.jpg 1234w, https:\/\/etab.ac-reunion.fr\/lyc-paul-langevin\/wp-content\/uploads\/sites\/140\/2025\/11\/20251106_130853-1645x2048.jpg 1645w, https:\/\/etab.ac-reunion.fr\/lyc-paul-langevin\/wp-content\/uploads\/sites\/140\/2025\/11\/20251106_130853-120x150.jpg 120w\" sizes=\"auto, (max-width: 2056px) 100vw, 2056px\" \/> <img loading=\"lazy\" decoding=\"async\" class=\"alignnone size-full wp-image-3979\" src=\"https:\/\/etab.ac-reunion.fr\/lyc-paul-langevin\/wp-content\/uploads\/sites\/140\/2025\/11\/20251106_130909-scaled.jpg\" alt=\"\" width=\"2066\" height=\"2560\" srcset=\"https:\/\/etab.ac-reunion.fr\/lyc-paul-langevin\/wp-content\/uploads\/sites\/140\/2025\/11\/20251106_130909-scaled.jpg 2066w, https:\/\/etab.ac-reunion.fr\/lyc-paul-langevin\/wp-content\/uploads\/sites\/140\/2025\/11\/20251106_130909-242x300.jpg 242w, https:\/\/etab.ac-reunion.fr\/lyc-paul-langevin\/wp-content\/uploads\/sites\/140\/2025\/11\/20251106_130909-826x1024.jpg 826w, https:\/\/etab.ac-reunion.fr\/lyc-paul-langevin\/wp-content\/uploads\/sites\/140\/2025\/11\/20251106_130909-1240x1536.jpg 1240w, https:\/\/etab.ac-reunion.fr\/lyc-paul-langevin\/wp-content\/uploads\/sites\/140\/2025\/11\/20251106_130909-1653x2048.jpg 1653w, https:\/\/etab.ac-reunion.fr\/lyc-paul-langevin\/wp-content\/uploads\/sites\/140\/2025\/11\/20251106_130909-121x150.jpg 121w\" sizes=\"auto, (max-width: 2066px) 100vw, 2066px\" \/><\/p>\n<p><img loading=\"lazy\" decoding=\"async\" class=\"alignnone size-full wp-image-3986\" src=\"https:\/\/etab.ac-reunion.fr\/lyc-paul-langevin\/wp-content\/uploads\/sites\/140\/2025\/11\/20251106_082448-scaled.jpg\" alt=\"\" width=\"2560\" height=\"1556\" srcset=\"https:\/\/etab.ac-reunion.fr\/lyc-paul-langevin\/wp-content\/uploads\/sites\/140\/2025\/11\/20251106_082448-scaled.jpg 2560w, https:\/\/etab.ac-reunion.fr\/lyc-paul-langevin\/wp-content\/uploads\/sites\/140\/2025\/11\/20251106_082448-300x182.jpg 300w, https:\/\/etab.ac-reunion.fr\/lyc-paul-langevin\/wp-content\/uploads\/sites\/140\/2025\/11\/20251106_082448-1024x623.jpg 1024w, https:\/\/etab.ac-reunion.fr\/lyc-paul-langevin\/wp-content\/uploads\/sites\/140\/2025\/11\/20251106_082448-1536x934.jpg 1536w, https:\/\/etab.ac-reunion.fr\/lyc-paul-langevin\/wp-content\/uploads\/sites\/140\/2025\/11\/20251106_082448-2048x1245.jpg 2048w, https:\/\/etab.ac-reunion.fr\/lyc-paul-langevin\/wp-content\/uploads\/sites\/140\/2025\/11\/20251106_082448-150x91.jpg 150w\" sizes=\"auto, (max-width: 2560px) 100vw, 2560px\" \/> <img loading=\"lazy\" decoding=\"async\" class=\"alignnone size-full wp-image-3987\" src=\"https:\/\/etab.ac-reunion.fr\/lyc-paul-langevin\/wp-content\/uploads\/sites\/140\/2025\/11\/20251106_082450-scaled.jpg\" alt=\"\" width=\"2560\" height=\"1920\" srcset=\"https:\/\/etab.ac-reunion.fr\/lyc-paul-langevin\/wp-content\/uploads\/sites\/140\/2025\/11\/20251106_082450-scaled.jpg 2560w, https:\/\/etab.ac-reunion.fr\/lyc-paul-langevin\/wp-content\/uploads\/sites\/140\/2025\/11\/20251106_082450-300x225.jpg 300w, https:\/\/etab.ac-reunion.fr\/lyc-paul-langevin\/wp-content\/uploads\/sites\/140\/2025\/11\/20251106_082450-1024x768.jpg 1024w, https:\/\/etab.ac-reunion.fr\/lyc-paul-langevin\/wp-content\/uploads\/sites\/140\/2025\/11\/20251106_082450-1536x1152.jpg 1536w, https:\/\/etab.ac-reunion.fr\/lyc-paul-langevin\/wp-content\/uploads\/sites\/140\/2025\/11\/20251106_082450-2048x1536.jpg 2048w, https:\/\/etab.ac-reunion.fr\/lyc-paul-langevin\/wp-content\/uploads\/sites\/140\/2025\/11\/20251106_082450-150x113.jpg 150w\" sizes=\"auto, (max-width: 2560px) 100vw, 2560px\" \/> <img loading=\"lazy\" decoding=\"async\" class=\"alignnone size-full wp-image-3988\" src=\"https:\/\/etab.ac-reunion.fr\/lyc-paul-langevin\/wp-content\/uploads\/sites\/140\/2025\/11\/20251106_130628-scaled.jpg\" alt=\"\" width=\"2560\" height=\"1684\" srcset=\"https:\/\/etab.ac-reunion.fr\/lyc-paul-langevin\/wp-content\/uploads\/sites\/140\/2025\/11\/20251106_130628-scaled.jpg 2560w, https:\/\/etab.ac-reunion.fr\/lyc-paul-langevin\/wp-content\/uploads\/sites\/140\/2025\/11\/20251106_130628-300x197.jpg 300w, https:\/\/etab.ac-reunion.fr\/lyc-paul-langevin\/wp-content\/uploads\/sites\/140\/2025\/11\/20251106_130628-1024x674.jpg 1024w, https:\/\/etab.ac-reunion.fr\/lyc-paul-langevin\/wp-content\/uploads\/sites\/140\/2025\/11\/20251106_130628-1536x1010.jpg 1536w, https:\/\/etab.ac-reunion.fr\/lyc-paul-langevin\/wp-content\/uploads\/sites\/140\/2025\/11\/20251106_130628-2048x1347.jpg 2048w, https:\/\/etab.ac-reunion.fr\/lyc-paul-langevin\/wp-content\/uploads\/sites\/140\/2025\/11\/20251106_130628-150x99.jpg 150w\" sizes=\"auto, (max-width: 2560px) 100vw, 2560px\" \/><\/p>\n<audio class=\"wp-audio-shortcode\" id=\"audio-3971-1\" preload=\"none\" style=\"width: 100%;\" controls=\"controls\"><source type=\"audio\/mpeg\" src=\"https:\/\/etab.ac-reunion.fr\/lyc-paul-langevin\/wp-content\/uploads\/sites\/140\/2025\/11\/Chanson-harcelement-1.mp3?_=1\" \/><a href=\"https:\/\/etab.ac-reunion.fr\/lyc-paul-langevin\/wp-content\/uploads\/sites\/140\/2025\/11\/Chanson-harcelement-1.mp3\">https:\/\/etab.ac-reunion.fr\/lyc-paul-langevin\/wp-content\/uploads\/sites\/140\/2025\/11\/Chanson-harcelement-1.mp3<\/a><\/audio>\n<audio class=\"wp-audio-shortcode\" id=\"audio-3971-2\" preload=\"none\" style=\"width: 100%;\" controls=\"controls\"><source type=\"audio\/mpeg\" src=\"https:\/\/etab.ac-reunion.fr\/lyc-paul-langevin\/wp-content\/uploads\/sites\/140\/2025\/11\/Chanson-harcelement-STS-CCST-1.mp3?_=2\" \/><a href=\"https:\/\/etab.ac-reunion.fr\/lyc-paul-langevin\/wp-content\/uploads\/sites\/140\/2025\/11\/Chanson-harcelement-STS-CCST-1.mp3\">https:\/\/etab.ac-reunion.fr\/lyc-paul-langevin\/wp-content\/uploads\/sites\/140\/2025\/11\/Chanson-harcelement-STS-CCST-1.mp3<\/a><\/audio>\n","protected":false},"excerpt":{"rendered":"<p>Le Jeudi 06 Novembre, le lyc\u00e9e Paul LANGEVIN\u00a0 s&rsquo;est habill\u00e9 de vert pour montrer son soutien et dire NON AU HARCELEMENT.\u00a0 Chaque ann\u00e9e de milliers de jeunes et adultes en sont victimes dans la rue, \u00e0 l&rsquo;\u00e9cole, au travail.\u00a0Qu&rsquo;il soit verbal, physique,moral ou en ligne, nous devons dire STOP \u00e0\u2026<\/p>\n<p class=\"continue-reading-button\"> <a class=\"continue-reading-link\" href=\"https:\/\/etab.ac-reunion.fr\/lyc-paul-langevin\/journee-nationale-contre-le-harcelement-2025\/\">Lire la suite&#8230;<i class=\"crycon-right-dir\"><\/i><\/a><\/p>\n","protected":false},"author":15433,"featured_media":0,"comment_status":"closed","ping_status":"closed","sticky":false,"template":"","format":"standard","meta":{"footnotes":""},"categories":[32,26],"tags":[],"class_list":["post-3971","post","type-post","status-publish","format-standard","hentry","category-actions","category-actualites"],"_links":{"self":[{"href":"https:\/\/etab.ac-reunion.fr\/lyc-paul-langevin\/wp-json\/wp\/v2\/posts\/3971","targetHints":{"allow":["GET"]}}],"collection":[{"href":"https:\/\/etab.ac-reunion.fr\/lyc-paul-langevin\/wp-json\/wp\/v2\/posts"}],"about":[{"href":"https:\/\/etab.ac-reunion.fr\/lyc-paul-langevin\/wp-json\/wp\/v2\/types\/post"}],"author":[{"embeddable":true,"href":"https:\/\/etab.ac-reunion.fr\/lyc-paul-langevin\/wp-json\/wp\/v2\/users\/15433"}],"replies":[{"embeddable":true,"href":"https:\/\/etab.ac-reunion.fr\/lyc-paul-langevin\/wp-json\/wp\/v2\/comments?post=3971"}],"version-history":[{"count":5,"href":"https:\/\/etab.ac-reunion.fr\/lyc-paul-langevin\/wp-json\/wp\/v2\/posts\/3971\/revisions"}],"predecessor-version":[{"id":3989,"href":"https:\/\/etab.ac-reunion.fr\/lyc-paul-langevin\/wp-json\/wp\/v2\/posts\/3971\/revisions\/3989"}],"wp:attachment":[{"href":"https:\/\/etab.ac-reunion.fr\/lyc-paul-langevin\/wp-json\/wp\/v2\/media?parent=3971"}],"wp:term":[{"taxonomy":"category","embeddable":true,"href":"https:\/\/etab.ac-reunion.fr\/lyc-paul-langevin\/wp-json\/wp\/v2\/categories?post=3971"},{"taxonomy":"post_tag","embeddable":true,"href":"https:\/\/etab.ac-reunion.fr\/lyc-paul-langevin\/wp-json\/wp\/v2\/tags?post=3971"}],"curies":[{"name":"wp","href":"https:\/\/api.w.org\/{rel}","templated":true}]}}