{"id":4090,"date":"2026-04-14T17:57:45","date_gmt":"2026-04-14T16:57:45","guid":{"rendered":"https:\/\/etab.ac-reunion.fr\/lyc-paul-langevin\/?p=4090"},"modified":"2026-04-14T17:57:45","modified_gmt":"2026-04-14T16:57:45","slug":"safer-internet-day","status":"publish","type":"post","link":"https:\/\/etab.ac-reunion.fr\/lyc-paul-langevin\/safer-internet-day\/","title":{"rendered":"SAFER INTERNET DAY"},"content":{"rendered":"<p><img alt=\"\" \/><img alt=\"\" \/>A l&rsquo;occasion du concours d&rsquo;affiche du\u00a0 <strong>SAFER INTERNET DAY 2026<\/strong>, les classes de TCIEL 1 et de BTS CCST, encadr\u00e9es de leurs professeurs Mme DHALED et M. VIALE, ont r\u00e9alis\u00e9 les affiches ci jointes.<\/p>\n<div>Elles sont accompagn\u00e9es d&rsquo;un message de pr\u00e9vention \u00e0 destination des jeunes.<\/div>\n<div>Les affiches ont \u00e9t\u00e9 envoy\u00e9es \u00e0 l&rsquo;association TRALALERE (Internet sans crainte) pour une s\u00e9lection nationale pour l&rsquo;\u00e9v\u00e9nement.<\/div>\n<div>Un grand merci aux \u00e9l\u00e8ves et aux enseignants pour leur participation au projet.<\/div>\n<div>Bravo \u00e0 eux pour leur travail et engagement!<\/div>\n<div><\/div>\n<div>Article \u00e9crit par Mme FOS,CPE<\/div>\n<div><a href=\"https:\/\/etab.ac-reunion.fr\/lyc-paul-langevin\/wp-content\/uploads\/sites\/140\/2026\/04\/Affiches-SAFER-INTERNET-DAY-LP-PAUL-LANGEVIN.pdf\" class=\"pdfemb-viewer\" style=\"\" data-width=\"max\" data-height=\"max\" data-toolbar=\"bottom\" data-toolbar-fixed=\"off\">Affiches SAFER INTERNET DAY LP PAUL LANGEVIN<\/a><\/div>\n","protected":false},"excerpt":{"rendered":"<p>A l&rsquo;occasion du concours d&rsquo;affiche du\u00a0 SAFER INTERNET DAY 2026, les classes de TCIEL 1 et de BTS CCST, encadr\u00e9es de leurs professeurs Mme DHALED et M. VIALE, ont r\u00e9alis\u00e9 les affiches ci jointes. Elles sont accompagn\u00e9es d&rsquo;un message de pr\u00e9vention \u00e0 destination des jeunes. Les affiches ont \u00e9t\u00e9 envoy\u00e9es\u2026<\/p>\n<p class=\"continue-reading-button\"> <a class=\"continue-reading-link\" href=\"https:\/\/etab.ac-reunion.fr\/lyc-paul-langevin\/safer-internet-day\/\">Lire la suite&#8230;<i class=\"crycon-right-dir\"><\/i><\/a><\/p>\n","protected":false},"author":15433,"featured_media":0,"comment_status":"closed","ping_status":"closed","sticky":false,"template":"","format":"standard","meta":{"footnotes":""},"categories":[26],"tags":[],"class_list":["post-4090","post","type-post","status-publish","format-standard","hentry","category-actualites"],"_links":{"self":[{"href":"https:\/\/etab.ac-reunion.fr\/lyc-paul-langevin\/wp-json\/wp\/v2\/posts\/4090","targetHints":{"allow":["GET"]}}],"collection":[{"href":"https:\/\/etab.ac-reunion.fr\/lyc-paul-langevin\/wp-json\/wp\/v2\/posts"}],"about":[{"href":"https:\/\/etab.ac-reunion.fr\/lyc-paul-langevin\/wp-json\/wp\/v2\/types\/post"}],"author":[{"embeddable":true,"href":"https:\/\/etab.ac-reunion.fr\/lyc-paul-langevin\/wp-json\/wp\/v2\/users\/15433"}],"replies":[{"embeddable":true,"href":"https:\/\/etab.ac-reunion.fr\/lyc-paul-langevin\/wp-json\/wp\/v2\/comments?post=4090"}],"version-history":[{"count":1,"href":"https:\/\/etab.ac-reunion.fr\/lyc-paul-langevin\/wp-json\/wp\/v2\/posts\/4090\/revisions"}],"predecessor-version":[{"id":4094,"href":"https:\/\/etab.ac-reunion.fr\/lyc-paul-langevin\/wp-json\/wp\/v2\/posts\/4090\/revisions\/4094"}],"wp:attachment":[{"href":"https:\/\/etab.ac-reunion.fr\/lyc-paul-langevin\/wp-json\/wp\/v2\/media?parent=4090"}],"wp:term":[{"taxonomy":"category","embeddable":true,"href":"https:\/\/etab.ac-reunion.fr\/lyc-paul-langevin\/wp-json\/wp\/v2\/categories?post=4090"},{"taxonomy":"post_tag","embeddable":true,"href":"https:\/\/etab.ac-reunion.fr\/lyc-paul-langevin\/wp-json\/wp\/v2\/tags?post=4090"}],"curies":[{"name":"wp","href":"https:\/\/api.w.org\/{rel}","templated":true}]}}