{"id":646,"date":"2017-01-23T10:58:37","date_gmt":"2017-01-23T09:58:37","guid":{"rendered":"http:\/\/lycee-paul-langevin.ac-reunion.fr\/?p=646"},"modified":"2017-01-23T10:58:37","modified_gmt":"2017-01-23T09:58:37","slug":"atelier-electrotechnique","status":"publish","type":"post","link":"https:\/\/etab.ac-reunion.fr\/lyc-paul-langevin\/atelier-electrotechnique\/","title":{"rendered":"Atelier Electrotechnique"},"content":{"rendered":"<table>\n<tbody>\n<tr>\n<td width=\"223\"><strong>Formations propos\u00e9es<\/strong><\/td>\n<td width=\"198\">CAP ROELE (pr\u00e9paration et <strong>R<\/strong>\u00e9alisation d\u2019<strong>O<\/strong>uvrage <strong>ELE<\/strong>ctrique )<\/td>\n<td width=\"198\">BAC PRO ELEEC (<strong>EL<\/strong>ectrotechnique <strong>E<\/strong>nergie <strong>E<\/strong>quipements <strong>C<\/strong>ommunicants)<\/td>\n<\/tr>\n<tr>\n<td width=\"223\"><strong>Dur\u00e9e<\/strong><\/td>\n<td width=\"198\">2 ans<\/td>\n<td width=\"198\">3 ans<\/td>\n<\/tr>\n<tr>\n<td width=\"223\"><strong>Descriptif<\/strong><\/td>\n<td width=\"198\">Qualification dans le secteur du transport, de la distribution des \u00e9quipements et installations \u00e9lectriques.<\/td>\n<td width=\"198\">Qualification en installation, mise en service et maintenance industriel, domestique et tertiaire.<\/td>\n<\/tr>\n<tr>\n<td width=\"223\"><strong>Capacit\u00e9 d\u2019accueil du lyc\u00e9e<\/strong><\/td>\n<td width=\"198\">24 \u00e9l\u00e8ves<\/td>\n<td width=\"198\">48 \u00e9l\u00e8ves<\/td>\n<\/tr>\n<tr>\n<td width=\"223\"><strong>P\u00e9riode de Formation en milieu professionnel\u00a0 (P.F.M.P.)<\/strong><\/td>\n<td width=\"198\">16 semaines<\/td>\n<td width=\"198\">22 semaines<\/td>\n<\/tr>\n<tr>\n<td width=\"223\"><strong>Type d\u2019examen<\/strong><\/td>\n<td width=\"198\"><strong>C<\/strong>ontr\u00f4le en <strong>C<\/strong>ours de <strong>F<\/strong>ormation (C.C.F)<\/td>\n<td width=\"198\"><strong>C<\/strong>ontr\u00f4le en <strong>C<\/strong>ours de <strong>F<\/strong>ormation (C.C.F) et en Examen Ponctuel<\/td>\n<\/tr>\n<tr>\n<td width=\"223\"><strong>D\u00e9bouch\u00e9s<\/strong><\/td>\n<td width=\"198\">Installation et raccordement de r\u00e9seaux \u00e9lectriques. Installation d\u2019\u00e9quipement industriel<\/td>\n<td width=\"198\">Activit\u00e9s dans des entreprises de bureau d\u2019\u00e9tude, d\u2019installation et de maintenance.<\/td>\n<\/tr>\n<tr>\n<td width=\"223\"><strong>Poursuites d\u2019\u00e9tudes<\/strong><\/td>\n<td width=\"198\">Baccalaur\u00e9at professionnel ou activit\u00e9\u00a0 professionnelle<\/td>\n<td width=\"198\">BTS, DUT, concours de technicien (EDF, RATP, SNCF\u2026) et activit\u00e9 professionnelle<\/td>\n<\/tr>\n<\/tbody>\n<\/table>\n<p><img loading=\"lazy\" decoding=\"async\" class=\"alignnone size-medium wp-image-647\" src=\"https:\/\/etab.ac-reunion.fr\/lyc-paul-langevin\/wp-content\/uploads\/sites\/140\/2016\/06\/atelier-BAC-PRO-ELEEC-1-300x225.jpg\" alt=\"atelier BAC PRO ELEEC 1\" width=\"300\" height=\"225\" \/> <img loading=\"lazy\" decoding=\"async\" class=\"alignnone size-medium wp-image-648\" src=\"https:\/\/etab.ac-reunion.fr\/lyc-paul-langevin\/wp-content\/uploads\/sites\/140\/2016\/06\/atelier-BAC-PRO-ELEEC-2-300x225.jpg\" alt=\"atelier BAC PRO ELEEC 2\" width=\"300\" height=\"225\" \/><\/p>\n<p><img loading=\"lazy\" decoding=\"async\" class=\"alignnone size-medium wp-image-666\" src=\"https:\/\/etab.ac-reunion.fr\/lyc-paul-langevin\/wp-content\/uploads\/sites\/140\/2016\/06\/atelier-CAP-ELEEC-300x225.jpg\" alt=\"atelier CAP ELEEC\" width=\"300\" height=\"225\" \/> <img loading=\"lazy\" decoding=\"async\" class=\"alignnone size-medium wp-image-667\" src=\"https:\/\/etab.ac-reunion.fr\/lyc-paul-langevin\/wp-content\/uploads\/sites\/140\/2016\/06\/labo-ELEEC-300x225.jpg\" alt=\"labo ELEEC\" width=\"300\" height=\"225\" \/><\/p>\n","protected":false},"excerpt":{"rendered":"<p>Formations propos\u00e9es CAP ROELE (pr\u00e9paration et R\u00e9alisation d\u2019Ouvrage ELEctrique ) BAC PRO ELEEC (ELectrotechnique Energie Equipements Communicants) Dur\u00e9e 2 ans 3 ans Descriptif Qualification dans le secteur du transport, de la distribution des \u00e9quipements et installations \u00e9lectriques. Qualification en installation, mise en service et maintenance industriel, domestique et tertiaire. Capacit\u00e9\u2026<\/p>\n<p class=\"continue-reading-button\"> <a class=\"continue-reading-link\" href=\"https:\/\/etab.ac-reunion.fr\/lyc-paul-langevin\/atelier-electrotechnique\/\">Lire la suite&#8230;<i class=\"crycon-right-dir\"><\/i><\/a><\/p>\n","protected":false},"author":11577,"featured_media":648,"comment_status":"closed","ping_status":"closed","sticky":false,"template":"","format":"standard","meta":{"footnotes":""},"categories":[22],"tags":[],"class_list":["post-646","post","type-post","status-publish","format-standard","has-post-thumbnail","hentry","category-electrotechnique"],"_links":{"self":[{"href":"https:\/\/etab.ac-reunion.fr\/lyc-paul-langevin\/wp-json\/wp\/v2\/posts\/646","targetHints":{"allow":["GET"]}}],"collection":[{"href":"https:\/\/etab.ac-reunion.fr\/lyc-paul-langevin\/wp-json\/wp\/v2\/posts"}],"about":[{"href":"https:\/\/etab.ac-reunion.fr\/lyc-paul-langevin\/wp-json\/wp\/v2\/types\/post"}],"author":[{"embeddable":true,"href":"https:\/\/etab.ac-reunion.fr\/lyc-paul-langevin\/wp-json\/wp\/v2\/users\/11577"}],"replies":[{"embeddable":true,"href":"https:\/\/etab.ac-reunion.fr\/lyc-paul-langevin\/wp-json\/wp\/v2\/comments?post=646"}],"version-history":[{"count":3,"href":"https:\/\/etab.ac-reunion.fr\/lyc-paul-langevin\/wp-json\/wp\/v2\/posts\/646\/revisions"}],"predecessor-version":[{"id":723,"href":"https:\/\/etab.ac-reunion.fr\/lyc-paul-langevin\/wp-json\/wp\/v2\/posts\/646\/revisions\/723"}],"wp:featuredmedia":[{"embeddable":true,"href":"https:\/\/etab.ac-reunion.fr\/lyc-paul-langevin\/wp-json\/wp\/v2\/media\/648"}],"wp:attachment":[{"href":"https:\/\/etab.ac-reunion.fr\/lyc-paul-langevin\/wp-json\/wp\/v2\/media?parent=646"}],"wp:term":[{"taxonomy":"category","embeddable":true,"href":"https:\/\/etab.ac-reunion.fr\/lyc-paul-langevin\/wp-json\/wp\/v2\/categories?post=646"},{"taxonomy":"post_tag","embeddable":true,"href":"https:\/\/etab.ac-reunion.fr\/lyc-paul-langevin\/wp-json\/wp\/v2\/tags?post=646"}],"curies":[{"name":"wp","href":"https:\/\/api.w.org\/{rel}","templated":true}]}}